{"id":971,"date":"2023-09-18T15:54:13","date_gmt":"2023-09-18T13:54:13","guid":{"rendered":"https:\/\/velo.nomaden.be\/?p=971"},"modified":"2023-09-18T15:54:13","modified_gmt":"2023-09-18T13:54:13","slug":"bruecken-mit-oeffnungszeiten","status":"publish","type":"post","link":"https:\/\/velo.nomaden.be\/index.php\/2023\/09\/18\/bruecken-mit-oeffnungszeiten\/","title":{"rendered":"Br\u00fccken mit \u00d6ffnungszeiten"},"content":{"rendered":"\n<p>\u00dcber weite Strecken f\u00fchrt der Radweg am rechten Elbufer von der M\u00fcndung bei Friedrichskoog bis nach Hamburg \u00fcber den Elbdeich. Unterbrochen wird dieser nur sporadisch. Etwa in Brunsb\u00fcttel wo der Nord-Ostsee-Kanal beginnt. Diesen \u00fcberqueren wir mit einer kleinen F\u00e4hre. Die F\u00e4hre ist f\u00fcr Fussg\u00e4nger:innen und Velofahrer:innen kostenlos.<\/p>\n\n\n\n<p>Beim St\u00f6rsperrwerk warten wir kurz. Die Bundesstrasse f\u00fchrt hier \u00fcber eine Klappbr\u00fccke. Diese ist gerade aufgeklappt und ein kleines Segelschiff f\u00e4hrt durch die \u00d6ffnung in Richtung Elbe.<\/p>\n\n\n\n<p>Ein paar Kilometer s\u00fcdlich von Gl\u00fcckstadt realisieren wir, dass unsere Routenplanung f\u00fcr die zweitletzte Etappe von Brunsb\u00fcttel nach Rissen etwas gewagt war. Die <a href=\"https:\/\/www.elmshorn.de\/Kultur-Freizeit-Tourismus\/Radfahren-Wandern\/Sperrwerke\/\">Sperrwerke Kr\u00fcckau und Pinnau<\/a> sind nur im Sommer und nur zu gewissen Zeiten offen. Wer ausserhalb der \u00d6ffnungszeiten unterwegs ist muss einen langen Umweg via Elmshorn in Kauf nehmen. Wir haben Gl\u00fcck und k\u00f6nnen beide Br\u00fccken ohne Wartezeit passieren.<\/p>\n\n\n\n<p>Landschaftlich \u00e4ndert sich wenig: Wiesen, Acker, Schafe, manchmal K\u00fche, Deich, D\u00f6rfer und Kleinst\u00e4dte. Der Radweg f\u00fchrt meist hinter dem Deich entlang, was den Blick auf die grossen Containerschiffe von und zum Hafen Hamburg verhindert. Die Tore zwischen den Weiden werden daf\u00fcr seltener, je n\u00e4her wir Hamburg kommen.<\/p>\n\n\n\n<p>Bevor wir im Nachtzug nach Hause rauschen machen wir noch ein bisschen Strandferien. Wir haben n\u00e4mlich einen vielversprechenden Campingplatz im Westen von Hamburg ausgemacht. Auf dem <a href=\"https:\/\/elbecamp.de\/\">ElbeCamp<\/a> steht den Zelten ein eigener grosser Bereich zur Verf\u00fcgung. Den m\u00fcssen wir nicht wie so oft mit Campervans und VW B\u00f6ssli teilen. Die k\u00e4men hier allerdings auch nicht vom Fleck. Es stellt uns schon vor einige Schwierigkeiten die beladenen R\u00e4der durch den Sand zu unserem Traumpl\u00e4tzli zu schieben. Zu zweit klappts einigermassen.<\/p>\n\n\n\n<figure class=\"wp-block-gallery has-nested-images columns-default is-cropped wp-block-gallery-1 is-layout-flex wp-block-gallery-is-layout-flex\">\n<figure class=\"wp-block-image size-large\"><a href=\"https:\/\/velo.nomaden.be\/wp-content\/uploads\/2023\/09\/DSC05420.jpg\"><img loading=\"lazy\" decoding=\"async\" width=\"1024\" height=\"683\" data-id=\"977\" src=\"https:\/\/velo.nomaden.be\/wp-content\/uploads\/2023\/09\/DSC05420-1024x683.jpg\" alt=\"ElbeCamp\" class=\"wp-image-977\" srcset=\"https:\/\/velo.nomaden.be\/wp-content\/uploads\/2023\/09\/DSC05420-1024x683.jpg 1024w, https:\/\/velo.nomaden.be\/wp-content\/uploads\/2023\/09\/DSC05420-300x200.jpg 300w, https:\/\/velo.nomaden.be\/wp-content\/uploads\/2023\/09\/DSC05420-768x512.jpg 768w, https:\/\/velo.nomaden.be\/wp-content\/uploads\/2023\/09\/DSC05420-1536x1024.jpg 1536w, https:\/\/velo.nomaden.be\/wp-content\/uploads\/2023\/09\/DSC05420.jpg 1920w\" sizes=\"auto, (max-width: 1024px) 100vw, 1024px\" \/><\/a><figcaption class=\"wp-element-caption\">ElbeCamp<\/figcaption><\/figure>\n<\/figure>\n\n\n\n<p><\/p>\n\n\n\n<p>Unser Campinggas ist beim Kaffeekochen am Morgen in Brunsb\u00fcttel ausgegangen. Leider noch bevor der Kaffee fertig war. Wir verzichten auf den Kauf einer neuen Kartusch, denn im ElbeCamp k\u00f6nnen wir uns gut und g\u00fcnstig im Caf\u00e9 L\u00fck\u00fcs verk\u00f6stigen. Und hier gibt es auch Nahrung f\u00fcr unsere elektronischen Ger\u00e4te. Beim ausgedehnten Fr\u00fchst\u00fcck und Kaffee trinken am Donnerstag f\u00fchlen wir uns ein bisschen wie digital nomads. Wenn wir den Blick von unseren Laptops heben, sehen wir auf den Strand, die Elbe und die Containerschiffe. Die Containerschiffe wecken immer wieder unser Interesse und wir beginnen \u00fcber eine <a rel=\"noreferrer noopener\" href=\"https:\/\/www.vesselfinder.com\/\" data-type=\"link\" data-id=\"https:\/\/www.vesselfinder.com\/\" target=\"_blank\">Webseite<\/a> zu tracken, welche Schiffe die Elbe passieren. <\/p>\n\n\n\n<p>Es ist nochmal richtig Sommer, aber die Elbe ist leider nicht sehr einladend zum Baden. Bei Ebbe ist das Wasser weit weg vom Strand, es ist Vorsicht geboten mit den vielen Schiffen und scheinbar ist auch die Wasserqualit\u00e4t nicht die Beste (das Gesundheitsamt r\u00e4t vom Baden in der Elbe ab). Es ist dennoch ein wundersch\u00f6ner Ort zum Verweilen.<\/p>\n\n\n\n<figure class=\"wp-block-gallery has-nested-images columns-default is-cropped wp-block-gallery-2 is-layout-flex wp-block-gallery-is-layout-flex\">\n<figure class=\"wp-block-image size-large\"><img loading=\"lazy\" decoding=\"async\" width=\"1024\" height=\"683\" data-id=\"978\" src=\"https:\/\/velo.nomaden.be\/wp-content\/uploads\/2023\/09\/DSC05422-1024x683.jpg\" alt=\"Blick flussaufw\u00e4rts zu den Airbus-Werken\" class=\"wp-image-978\" srcset=\"https:\/\/velo.nomaden.be\/wp-content\/uploads\/2023\/09\/DSC05422-1024x683.jpg 1024w, https:\/\/velo.nomaden.be\/wp-content\/uploads\/2023\/09\/DSC05422-300x200.jpg 300w, https:\/\/velo.nomaden.be\/wp-content\/uploads\/2023\/09\/DSC05422-768x512.jpg 768w, https:\/\/velo.nomaden.be\/wp-content\/uploads\/2023\/09\/DSC05422-1536x1024.jpg 1536w, https:\/\/velo.nomaden.be\/wp-content\/uploads\/2023\/09\/DSC05422.jpg 1920w\" sizes=\"auto, (max-width: 1024px) 100vw, 1024px\" \/><figcaption class=\"wp-element-caption\">Blick flussaufw\u00e4rts zu den Airbus-Werken<\/figcaption><\/figure>\n\n\n\n<figure class=\"wp-block-image size-large\"><img loading=\"lazy\" decoding=\"async\" width=\"1024\" height=\"683\" data-id=\"979\" src=\"https:\/\/velo.nomaden.be\/wp-content\/uploads\/2023\/09\/DSC05431-1024x683.jpg\" alt=\"Containerschiff kurz nach Sonnenuntergang\" class=\"wp-image-979\" srcset=\"https:\/\/velo.nomaden.be\/wp-content\/uploads\/2023\/09\/DSC05431-1024x683.jpg 1024w, https:\/\/velo.nomaden.be\/wp-content\/uploads\/2023\/09\/DSC05431-300x200.jpg 300w, https:\/\/velo.nomaden.be\/wp-content\/uploads\/2023\/09\/DSC05431-768x512.jpg 768w, https:\/\/velo.nomaden.be\/wp-content\/uploads\/2023\/09\/DSC05431-1536x1024.jpg 1536w, https:\/\/velo.nomaden.be\/wp-content\/uploads\/2023\/09\/DSC05431.jpg 1920w\" sizes=\"auto, (max-width: 1024px) 100vw, 1024px\" \/><figcaption class=\"wp-element-caption\">Containerschiff kurz nach Sonnenuntergang<\/figcaption><\/figure>\n<\/figure>\n\n\n\n<p><\/p>\n\n\n\n<p>Beim Abendessen treffen wir auf ein pensioniertes Paar aus Melbourne. Lorenz bemerkt, dass sich die beiden mit der deutschen Menukarte schwer tun und wir \u00fcbersetzen. Die Aussies sind auch mit dem Rad unterwegs. Sie sind in Troms\u00f8 gestartet und werden von Hamburg den langen Heimweg antreten. Wir verbringen einen gem\u00fctlichen Abend und tauschen Erfahrungen aus. Die beiden sind tats\u00e4chlich erst vor kurzem durch die <a rel=\"noreferrer noopener\" href=\"https:\/\/en.wikipedia.org\/wiki\/Nullarbor_Plain\" data-type=\"link\" data-id=\"https:\/\/en.wikipedia.org\/wiki\/Nullarbor_Plain\" target=\"_blank\">Nullabor Plain<\/a> geradelt, mit \u00dc70! \u00dcber 1000 Kilometer Niemandsland und nur vereinzelt Rastst\u00e4tten und kleine Siedlungen.<\/p>\n\n\n\n<p>Am Freitag verlassen wir gegen Mittag das ElbeCamp in Richtung Hamburg. Am Bahnhof Altona verstauen wir unser Gep\u00e4ck und \u00fcberlegen uns, was wir in den Stunden bis zur Abfahrt des Nachtzugs machen k\u00f6nnten. Das sch\u00f6ne, heisse Wetter lockt viele Tourist:nnen an und auf die Elbe. Auf den Booten f\u00fcr die Hafenrundfahrt stehen die Menschen Schulter an Schulter. Auf das haben wir keine Lust und f\u00fcr einen Stadtrundgang ist es zu heiss. Daf\u00fcr gibt es im <a href=\"https:\/\/www.miniatur-wunderland.de\/\" target=\"_blank\" rel=\"noreferrer noopener\">Miniatur Wunderland<\/a> f\u00fcr einmal keine Wartezeiten und so verbringen wir einen langen Nachmittag in den k\u00fchlen R\u00e4umen der l\u00e4ngsten Modelleisenbahn der Welt.<\/p>\n\n\n\n<figure class=\"wp-block-gallery has-nested-images columns-default is-cropped wp-block-gallery-3 is-layout-flex wp-block-gallery-is-layout-flex\">\n<figure class=\"wp-block-image size-large\"><a href=\"https:\/\/velo.nomaden.be\/wp-content\/uploads\/2023\/09\/2023-09-08-13-12-56-862.jpg\"><img loading=\"lazy\" decoding=\"async\" width=\"768\" height=\"1024\" data-id=\"980\" src=\"https:\/\/velo.nomaden.be\/wp-content\/uploads\/2023\/09\/2023-09-08-13-12-56-862-768x1024.jpg\" alt=\"Unser Gep\u00e4ck passt ins grosse Schliessfach\" class=\"wp-image-980\" srcset=\"https:\/\/velo.nomaden.be\/wp-content\/uploads\/2023\/09\/2023-09-08-13-12-56-862-768x1024.jpg 768w, https:\/\/velo.nomaden.be\/wp-content\/uploads\/2023\/09\/2023-09-08-13-12-56-862-225x300.jpg 225w, https:\/\/velo.nomaden.be\/wp-content\/uploads\/2023\/09\/2023-09-08-13-12-56-862-1152x1536.jpg 1152w, https:\/\/velo.nomaden.be\/wp-content\/uploads\/2023\/09\/2023-09-08-13-12-56-862.jpg 1440w\" sizes=\"auto, (max-width: 768px) 100vw, 768px\" \/><\/a><figcaption class=\"wp-element-caption\">Unser Gep\u00e4ck passt ins grosse Schliessfach<\/figcaption><\/figure>\n\n\n\n<figure class=\"wp-block-image size-large\"><a href=\"https:\/\/velo.nomaden.be\/wp-content\/uploads\/2023\/09\/DSC05433.jpg\"><img loading=\"lazy\" decoding=\"async\" width=\"1024\" height=\"683\" data-id=\"981\" src=\"https:\/\/velo.nomaden.be\/wp-content\/uploads\/2023\/09\/DSC05433-1024x683.jpg\" alt=\"Wattenmeerdeich im Miniatur Wunderland\" class=\"wp-image-981\" srcset=\"https:\/\/velo.nomaden.be\/wp-content\/uploads\/2023\/09\/DSC05433-1024x683.jpg 1024w, https:\/\/velo.nomaden.be\/wp-content\/uploads\/2023\/09\/DSC05433-300x200.jpg 300w, https:\/\/velo.nomaden.be\/wp-content\/uploads\/2023\/09\/DSC05433-768x512.jpg 768w, https:\/\/velo.nomaden.be\/wp-content\/uploads\/2023\/09\/DSC05433-1536x1024.jpg 1536w, https:\/\/velo.nomaden.be\/wp-content\/uploads\/2023\/09\/DSC05433.jpg 1920w\" sizes=\"auto, (max-width: 1024px) 100vw, 1024px\" \/><\/a><figcaption class=\"wp-element-caption\">Wattenmeerdeich im Miniatur Wunderland<\/figcaption><\/figure>\n\n\n\n<figure class=\"wp-block-image size-large\"><a href=\"https:\/\/velo.nomaden.be\/wp-content\/uploads\/2023\/09\/DSC05438.jpg\"><img loading=\"lazy\" decoding=\"async\" width=\"1024\" height=\"683\" data-id=\"982\" src=\"https:\/\/velo.nomaden.be\/wp-content\/uploads\/2023\/09\/DSC05438-1024x683.jpg\" alt=\"Drake-Passage im Miniatur Wunderland\" class=\"wp-image-982\" srcset=\"https:\/\/velo.nomaden.be\/wp-content\/uploads\/2023\/09\/DSC05438-1024x683.jpg 1024w, https:\/\/velo.nomaden.be\/wp-content\/uploads\/2023\/09\/DSC05438-300x200.jpg 300w, https:\/\/velo.nomaden.be\/wp-content\/uploads\/2023\/09\/DSC05438-768x512.jpg 768w, https:\/\/velo.nomaden.be\/wp-content\/uploads\/2023\/09\/DSC05438-1536x1024.jpg 1536w, https:\/\/velo.nomaden.be\/wp-content\/uploads\/2023\/09\/DSC05438.jpg 1920w\" sizes=\"auto, (max-width: 1024px) 100vw, 1024px\" \/><\/a><figcaption class=\"wp-element-caption\">Drake-Passage im Miniatur Wunderland<\/figcaption><\/figure>\n\n\n\n<figure class=\"wp-block-image size-large\"><a href=\"https:\/\/velo.nomaden.be\/wp-content\/uploads\/2023\/09\/DSC05442.jpg\"><img loading=\"lazy\" decoding=\"async\" width=\"1024\" height=\"683\" data-id=\"983\" src=\"https:\/\/velo.nomaden.be\/wp-content\/uploads\/2023\/09\/DSC05442-1024x683.jpg\" alt=\"Unfall auf der Passstrasse im Miniatur Wunderland\" class=\"wp-image-983\" srcset=\"https:\/\/velo.nomaden.be\/wp-content\/uploads\/2023\/09\/DSC05442-1024x683.jpg 1024w, https:\/\/velo.nomaden.be\/wp-content\/uploads\/2023\/09\/DSC05442-300x200.jpg 300w, https:\/\/velo.nomaden.be\/wp-content\/uploads\/2023\/09\/DSC05442-768x512.jpg 768w, https:\/\/velo.nomaden.be\/wp-content\/uploads\/2023\/09\/DSC05442-1536x1024.jpg 1536w, https:\/\/velo.nomaden.be\/wp-content\/uploads\/2023\/09\/DSC05442.jpg 1920w\" sizes=\"auto, (max-width: 1024px) 100vw, 1024px\" \/><\/a><figcaption class=\"wp-element-caption\">Unfall auf der Passstrasse im Miniatur Wunderland<\/figcaption><\/figure>\n\n\n\n<figure class=\"wp-block-image size-large\"><a href=\"https:\/\/velo.nomaden.be\/wp-content\/uploads\/2023\/09\/DSC05443.jpg\"><img loading=\"lazy\" decoding=\"async\" width=\"683\" height=\"1024\" data-id=\"984\" src=\"https:\/\/velo.nomaden.be\/wp-content\/uploads\/2023\/09\/DSC05443-683x1024.jpg\" alt=\"Das Camp mit Datenklo im Miniatur Wunderland\" class=\"wp-image-984\" srcset=\"https:\/\/velo.nomaden.be\/wp-content\/uploads\/2023\/09\/DSC05443-683x1024.jpg 683w, https:\/\/velo.nomaden.be\/wp-content\/uploads\/2023\/09\/DSC05443-200x300.jpg 200w, https:\/\/velo.nomaden.be\/wp-content\/uploads\/2023\/09\/DSC05443-768x1152.jpg 768w, https:\/\/velo.nomaden.be\/wp-content\/uploads\/2023\/09\/DSC05443-1024x1536.jpg 1024w, https:\/\/velo.nomaden.be\/wp-content\/uploads\/2023\/09\/DSC05443.jpg 1280w\" sizes=\"auto, (max-width: 683px) 100vw, 683px\" \/><\/a><figcaption class=\"wp-element-caption\">Das Camp mit Datenklo im Miniatur Wunderland<\/figcaption><\/figure>\n\n\n\n<figure class=\"wp-block-image size-large\"><a href=\"https:\/\/velo.nomaden.be\/wp-content\/uploads\/2023\/09\/DSC05450.jpg\"><img loading=\"lazy\" decoding=\"async\" width=\"1024\" height=\"683\" data-id=\"985\" src=\"https:\/\/velo.nomaden.be\/wp-content\/uploads\/2023\/09\/DSC05450-1024x683.jpg\" alt=\"Bahnhof in der Schweiz im Miniatur Wunderland\" class=\"wp-image-985\" srcset=\"https:\/\/velo.nomaden.be\/wp-content\/uploads\/2023\/09\/DSC05450-1024x683.jpg 1024w, https:\/\/velo.nomaden.be\/wp-content\/uploads\/2023\/09\/DSC05450-300x200.jpg 300w, https:\/\/velo.nomaden.be\/wp-content\/uploads\/2023\/09\/DSC05450-768x512.jpg 768w, https:\/\/velo.nomaden.be\/wp-content\/uploads\/2023\/09\/DSC05450-1536x1024.jpg 1536w, https:\/\/velo.nomaden.be\/wp-content\/uploads\/2023\/09\/DSC05450.jpg 1920w\" sizes=\"auto, (max-width: 1024px) 100vw, 1024px\" \/><\/a><figcaption class=\"wp-element-caption\">Bahnhof in der Schweiz im Miniatur Wunderland<\/figcaption><\/figure>\n<\/figure>\n\n\n\n<p><\/p>\n\n\n\n<p>Nach einem leckeren <a href=\"https:\/\/flyingmarket.metro.bar\/?lang=de\">vietnamesischen Znacht<\/a> wird es nochmals etwas hektisch. In nur zehn Minuten m\u00fcssen wir zwei Fahrr\u00e4der und 10 Taschen in zwei unterschiedlichen Waggons unterbringen. Schliesslich sind alle Taschen in der munzigen Kabine verstaut und die R\u00e4der weit vorne an der Zugspitze an ihrem reservierten Platz. Der Zug hat Altona schon lange verlassen, als Lorenz auch endlich die Kabine erreicht. <\/p>\n\n\n\n<p>Wir leeren den Flachmann und freuen uns auf den Aareschwumm am Samstagnachtmittag, denn sch\u00f6nes Sommerwetter scheint uns auch in der Schweiz zu erwarten.<\/p>\n\n\n\n<figure class=\"wp-block-gallery has-nested-images columns-default is-cropped wp-block-gallery-4 is-layout-flex wp-block-gallery-is-layout-flex\">\n<figure class=\"wp-block-image size-large\"><a href=\"https:\/\/velo.nomaden.be\/wp-content\/uploads\/2023\/09\/20230908_230527.jpg\"><img loading=\"lazy\" decoding=\"async\" width=\"1024\" height=\"759\" data-id=\"987\" src=\"https:\/\/velo.nomaden.be\/wp-content\/uploads\/2023\/09\/20230908_230527-1024x759.jpg\" alt=\"Sk\u00e5l!\" class=\"wp-image-987\" srcset=\"https:\/\/velo.nomaden.be\/wp-content\/uploads\/2023\/09\/20230908_230527-1024x759.jpg 1024w, https:\/\/velo.nomaden.be\/wp-content\/uploads\/2023\/09\/20230908_230527-300x223.jpg 300w, https:\/\/velo.nomaden.be\/wp-content\/uploads\/2023\/09\/20230908_230527-768x570.jpg 768w, https:\/\/velo.nomaden.be\/wp-content\/uploads\/2023\/09\/20230908_230527-1536x1139.jpg 1536w, https:\/\/velo.nomaden.be\/wp-content\/uploads\/2023\/09\/20230908_230527.jpg 1920w\" sizes=\"auto, (max-width: 1024px) 100vw, 1024px\" \/><\/a><figcaption class=\"wp-element-caption\">Sk\u00e5l!<\/figcaption><\/figure>\n<\/figure>\n\n\n\n<p><\/p>\n","protected":false},"excerpt":{"rendered":"<p>\u00dcber weite Strecken f\u00fchrt der Radweg am rechten Elbufer von der M\u00fcndung bei Friedrichskoog bis nach Hamburg \u00fcber den Elbdeich. Unterbrochen wird dieser nur sporadisch. Etwa in Brunsb\u00fcttel wo der Nord-Ostsee-Kanal beginnt. Diesen \u00fcberqueren wir mit einer kleinen F\u00e4hre. Die F\u00e4hre ist f\u00fcr Fussg\u00e4nger:innen und Velofahrer:innen kostenlos. Beim St\u00f6rsperrwerk warten wir kurz. Die Bundesstrasse f\u00fchrt [&hellip;]<\/p>\n","protected":false},"author":1,"featured_media":0,"comment_status":"closed","ping_status":"closed","sticky":false,"template":"","format":"standard","meta":{"footnotes":""},"categories":[17,16],"tags":[],"class_list":["post-971","post","type-post","status-publish","format-standard","hentry","category-de-dk","category-europa","gallery-content-unit"],"_links":{"self":[{"href":"https:\/\/velo.nomaden.be\/index.php\/wp-json\/wp\/v2\/posts\/971","targetHints":{"allow":["GET"]}}],"collection":[{"href":"https:\/\/velo.nomaden.be\/index.php\/wp-json\/wp\/v2\/posts"}],"about":[{"href":"https:\/\/velo.nomaden.be\/index.php\/wp-json\/wp\/v2\/types\/post"}],"author":[{"embeddable":true,"href":"https:\/\/velo.nomaden.be\/index.php\/wp-json\/wp\/v2\/users\/1"}],"replies":[{"embeddable":true,"href":"https:\/\/velo.nomaden.be\/index.php\/wp-json\/wp\/v2\/comments?post=971"}],"version-history":[{"count":8,"href":"https:\/\/velo.nomaden.be\/index.php\/wp-json\/wp\/v2\/posts\/971\/revisions"}],"predecessor-version":[{"id":989,"href":"https:\/\/velo.nomaden.be\/index.php\/wp-json\/wp\/v2\/posts\/971\/revisions\/989"}],"wp:attachment":[{"href":"https:\/\/velo.nomaden.be\/index.php\/wp-json\/wp\/v2\/media?parent=971"}],"wp:term":[{"taxonomy":"category","embeddable":true,"href":"https:\/\/velo.nomaden.be\/index.php\/wp-json\/wp\/v2\/categories?post=971"},{"taxonomy":"post_tag","embeddable":true,"href":"https:\/\/velo.nomaden.be\/index.php\/wp-json\/wp\/v2\/tags?post=971"}],"curies":[{"name":"wp","href":"https:\/\/api.w.org\/{rel}","templated":true}]}}