{"id":953,"date":"2023-09-07T15:07:44","date_gmt":"2023-09-07T13:07:44","guid":{"rendered":"https:\/\/velo.nomaden.be\/?p=953"},"modified":"2023-09-18T15:58:01","modified_gmt":"2023-09-18T13:58:01","slug":"der-weg-der-tausend-tore","status":"publish","type":"post","link":"https:\/\/velo.nomaden.be\/index.php\/2023\/09\/07\/der-weg-der-tausend-tore\/","title":{"rendered":"Der Weg der tausend Tore"},"content":{"rendered":"\n<p>Wir verlassen Ribe in Richtung K\u00fcste. Die n\u00e4chsten Tage werden wir entlang des Nationalparks Wattenmeer s\u00fcdw\u00e4rts nach Schleswig-Holstein radeln.<\/p>\n\n\n\n<p>Um etwas mehr \u00fcber die Region zu erfahren, besuchen wir ca. 10 Kilometer ausserhalb von Ribe des <a href=\"https:\/\/www.vadehavscentret.dk\/de\/startseite\">Vadehavs Centret<\/a>. Die Ausstellung ist sehr interaktiv und gut gestaltet. Leider k\u00f6nnen wir uns nicht alle Vogelarten merken. Aber den <a href=\"https:\/\/de.wikipedia.org\/wiki\/L%C3%B6ffler\">L\u00f6ffler<\/a> kennen wir ab nun an immer. Ausserdem sind wir genau zu der Zeit unterwegs wo sich die Stare in riesigen Schw\u00e4rmen sammeln. In diesen Tagen beobachten wir immer wieder schwarze Wolken \u00fcber den Himmel jagen, deren Form sich unvermittelt ver\u00e4ndert (siehe auch den Wikipedia Eintrag zu <a href=\"https:\/\/en.wikipedia.org\/wiki\/Sort_sol\">Sort Sol<\/a>). Manchmal sind wir den Vogelsch\u00e4rmen so nah, dass wir das Rauschen von vielen tausend Federn h\u00f6ren.<\/p>\n\n\n\n<p>Nur wenige Kilometer nach dem Vadehavs Centret sind wir auch schon am Wattenmeer.<\/p>\n\n\n\n<figure class=\"wp-block-gallery has-nested-images columns-default is-cropped wp-block-gallery-1 is-layout-flex wp-block-gallery-is-layout-flex\">\n<figure class=\"wp-block-image size-large\"><a href=\"https:\/\/velo.nomaden.be\/wp-content\/uploads\/2023\/09\/DSC05366.jpg\"><img loading=\"lazy\" decoding=\"async\" width=\"1024\" height=\"683\" data-id=\"954\" src=\"https:\/\/velo.nomaden.be\/wp-content\/uploads\/2023\/09\/DSC05366-1024x683.jpg\" alt=\"Am Wattenmeer zwischen Ribe und H\u00f8jer\" class=\"wp-image-954\" srcset=\"https:\/\/velo.nomaden.be\/wp-content\/uploads\/2023\/09\/DSC05366-1024x683.jpg 1024w, https:\/\/velo.nomaden.be\/wp-content\/uploads\/2023\/09\/DSC05366-300x200.jpg 300w, https:\/\/velo.nomaden.be\/wp-content\/uploads\/2023\/09\/DSC05366-768x512.jpg 768w, https:\/\/velo.nomaden.be\/wp-content\/uploads\/2023\/09\/DSC05366-1536x1024.jpg 1536w, https:\/\/velo.nomaden.be\/wp-content\/uploads\/2023\/09\/DSC05366.jpg 1920w\" sizes=\"auto, (max-width: 1024px) 100vw, 1024px\" \/><\/a><figcaption class=\"wp-element-caption\">Am Wattenmeer zwischen Ribe und H\u00f8jer<\/figcaption><\/figure>\n<\/figure>\n\n\n\n<p><\/p>\n\n\n\n<p>Wir radeln hinter, auf und vor dem Deich. Das Wetter ist warm, schon fast heiss.<\/p>\n\n\n\n<p>Gegen Abend erreichen wir kurz vor H\u00f8jer den <a href=\"https:\/\/vadehavscamping.dk\/de\/\">Vadehavs Camping<\/a>, unser erster self check-in Campingplatz. Die Bestellung der Br\u00f6tchen f\u00fcr das Fr\u00fchst\u00fcck k\u00f6nnen wir zum Gl\u00fcck einfach auf einer Papierliste eintragen. Der Campingplatz liegt direkt am Meer. Die Sonne sehen wir direkt im Meer versinken. Kurz danach geht der rote Vollmond \u00fcber H\u00f8jer auf.<\/p>\n\n\n\n<figure class=\"wp-block-gallery has-nested-images columns-default is-cropped wp-block-gallery-2 is-layout-flex wp-block-gallery-is-layout-flex\">\n<figure class=\"wp-block-image size-large\"><a href=\"https:\/\/velo.nomaden.be\/wp-content\/uploads\/2023\/09\/DSC05379.jpg\"><img loading=\"lazy\" decoding=\"async\" width=\"1024\" height=\"683\" data-id=\"957\" src=\"https:\/\/velo.nomaden.be\/wp-content\/uploads\/2023\/09\/DSC05379-1024x683.jpg\" alt=\"Vollmond \u00fcber H\u00f8jer\" class=\"wp-image-957\" srcset=\"https:\/\/velo.nomaden.be\/wp-content\/uploads\/2023\/09\/DSC05379-1024x683.jpg 1024w, https:\/\/velo.nomaden.be\/wp-content\/uploads\/2023\/09\/DSC05379-300x200.jpg 300w, https:\/\/velo.nomaden.be\/wp-content\/uploads\/2023\/09\/DSC05379-768x512.jpg 768w, https:\/\/velo.nomaden.be\/wp-content\/uploads\/2023\/09\/DSC05379-1536x1024.jpg 1536w, https:\/\/velo.nomaden.be\/wp-content\/uploads\/2023\/09\/DSC05379.jpg 1920w\" sizes=\"auto, (max-width: 1024px) 100vw, 1024px\" \/><\/a><figcaption class=\"wp-element-caption\">Vollmond \u00fcber H\u00f8jer<\/figcaption><\/figure>\n<\/figure>\n\n\n\n<p><\/p>\n\n\n\n<p>Das self check-out am n\u00e4chsten Morgen ist nicht ganz so schnell. Einige vor uns bekunden sichtlich M\u00fche mit dem Automaten. Die Platzwartin muss mithelfen, was wohl nicht Sinn und Zweck des Automaten ist. Wir duschten so schnell, dass wir wieder Geld zur\u00fcck gebucht bekommen. Es ist auf d\u00e4nischen und teilweise auch deutschen Campingpl\u00e4tzen \u00fcblich, dass f\u00fcrs Duschen entweder M\u00fcnzen oder Wertmarken ben\u00f6tigen werden.<\/p>\n\n\n\n<p>In der kleinen Ortschaft H\u00f8jer verprassen wir unsere letzten Kronen. Wir stocken unsere Vorr\u00e4te auf und kaufen in der B\u00e4ckerei lecker Brot und Kanelsnurrer.<\/p>\n\n\n\n<p>Dann (ver)fahren wir uns auch schon \u00fcber die Grenze. Der Wechsel auf die deutsche Ausschilderung der Radwege f\u00e4llt uns schwer. In D\u00e4nemark stand unter den Schildern immer, welche Route abzweigt und welche z. B. gerade aus weiterf\u00fchrt. In Deutschland m\u00fcssen wir nun wieder die n\u00e4chste Ortschaft wissen, die wir anfahren m\u00f6chten, d. h. wir m\u00fcssen wissen, wo wir genau lang fahren wollen. Heute wollen wir bis nach Nordstrand und das finden wir dann auch. <\/p>\n\n\n\n<figure class=\"wp-block-gallery has-nested-images columns-default is-cropped wp-block-gallery-3 is-layout-flex wp-block-gallery-is-layout-flex\">\n<figure class=\"wp-block-image size-large\"><a href=\"https:\/\/velo.nomaden.be\/wp-content\/uploads\/2023\/09\/2023-09-02-19-16-16-712.jpg\"><img loading=\"lazy\" decoding=\"async\" width=\"768\" height=\"1024\" data-id=\"958\" src=\"https:\/\/velo.nomaden.be\/wp-content\/uploads\/2023\/09\/2023-09-02-19-16-16-712-768x1024.jpg\" alt=\"D\u00e4nisches Nachtessen im deutschen Nordstrand\" class=\"wp-image-958\" srcset=\"https:\/\/velo.nomaden.be\/wp-content\/uploads\/2023\/09\/2023-09-02-19-16-16-712-768x1024.jpg 768w, https:\/\/velo.nomaden.be\/wp-content\/uploads\/2023\/09\/2023-09-02-19-16-16-712-225x300.jpg 225w, https:\/\/velo.nomaden.be\/wp-content\/uploads\/2023\/09\/2023-09-02-19-16-16-712-1152x1536.jpg 1152w, https:\/\/velo.nomaden.be\/wp-content\/uploads\/2023\/09\/2023-09-02-19-16-16-712.jpg 1440w\" sizes=\"auto, (max-width: 768px) 100vw, 768px\" \/><\/a><figcaption class=\"wp-element-caption\">D\u00e4nisches Nachtessen im deutschen Nordstrand<\/figcaption><\/figure>\n<\/figure>\n\n\n\n<p><\/p>\n\n\n\n<p>Die Deiche in Deutschland werden von Schafherden bev\u00f6lkert. Das ist zweckm\u00e4ssig, da somit das M\u00e4hen entf\u00e4llt. Leider zwingen uns die Weidez\u00e4une immer wieder vom Rad zu steigen, Tore zu \u00f6ffnen und wieder zu schliessen. <\/p>\n\n\n\n<p>Das Wetter ist sch\u00f6n und es wird von Tag zu Tag heisser. Auf dem Weg in den Touri-Ort St. Peter Ording macht uns f\u00fcr einmal auch der Gegenwind zu schaffen. Die ersten Campingpl\u00e4tze im Ort gefallen uns nicht. Auf dem <a href=\"https:\/\/www.rosencamp-kniese.de\/\">Rosen-Camp Kniese<\/a> f\u00fchlen wir uns willkommen und zelten f\u00fcr nur 14 Euro. Unsere Zeltnachbarn sind Kitesurfer und fanden den heutigen Wind eher flau. Wir hingegen sind k.o. F\u00fcrs Abendessen fahren wir nach St. Peter Dorf, denn kochen m\u00f6gen wir auch nicht mehr. Lorenz hat sich beim Platzwart nach einem regionalen <a href=\"https:\/\/olsdorferkrug-spo.de\/Startseite\/\">Restaurant<\/a> ohne Kleidervorschrift erkundigt, wo wir den lauen Sommerabend geniessen.<\/p>\n\n\n\n<p>Am n\u00e4chsten Tag fahren wir mit viel R\u00fcckenwind nach B\u00fcsum. Hier k\u00f6nnen wir im kleinen Bioladen auch wieder in kleinen Mengen Gem\u00fcse und Fr\u00fcchte kaufen, bevor wir weiter nach Friedrichskoog Spitze radeln. <\/p>\n\n\n\n<p>Der Camping in Friedrichskoog Spitze ist alles andere als Spitze. Das Wirtschaftsgeb\u00e4ude wurde wohl seit den 1960er Jahren nie mehr erneuert. Warmwasser zum Abwaschen gibt es nur, wenn man eine 5 Cent M\u00fcnze hat (was wir nicht haben) und Klopapier wurde ganz weg rationiert. Zum Gl\u00fcck haben wir immer eine Klopapierrolle im Gep\u00e4ck. Die Abendstimmung vers\u00f6hnt uns dann wieder etwas mit dem Ort, obwohl die M\u00fccken uns mehr oder weniger \u00fcber den Deich in die n\u00e4chste Kneipe jagen.<\/p>\n\n\n\n<figure class=\"wp-block-gallery has-nested-images columns-default is-cropped wp-block-gallery-4 is-layout-flex wp-block-gallery-is-layout-flex\">\n<figure class=\"wp-block-image size-large\"><a href=\"https:\/\/velo.nomaden.be\/wp-content\/uploads\/2023\/09\/DSC05416.jpg\"><img loading=\"lazy\" decoding=\"async\" width=\"1024\" height=\"683\" data-id=\"959\" src=\"https:\/\/velo.nomaden.be\/wp-content\/uploads\/2023\/09\/DSC05416-1024x683.jpg\" alt=\"Abendstimmung in Friedrichskoog Spitze\" class=\"wp-image-959\" srcset=\"https:\/\/velo.nomaden.be\/wp-content\/uploads\/2023\/09\/DSC05416-1024x683.jpg 1024w, https:\/\/velo.nomaden.be\/wp-content\/uploads\/2023\/09\/DSC05416-300x200.jpg 300w, https:\/\/velo.nomaden.be\/wp-content\/uploads\/2023\/09\/DSC05416-768x512.jpg 768w, https:\/\/velo.nomaden.be\/wp-content\/uploads\/2023\/09\/DSC05416-1536x1024.jpg 1536w, https:\/\/velo.nomaden.be\/wp-content\/uploads\/2023\/09\/DSC05416.jpg 1920w\" sizes=\"auto, (max-width: 1024px) 100vw, 1024px\" \/><\/a><figcaption class=\"wp-element-caption\">Abendstimmung in Friedrichskoog Spitze<\/figcaption><\/figure>\n\n\n\n<figure class=\"wp-block-image size-large\"><a href=\"https:\/\/velo.nomaden.be\/wp-content\/uploads\/2023\/09\/DSC05412.jpg\"><img loading=\"lazy\" decoding=\"async\" width=\"1024\" height=\"683\" data-id=\"960\" src=\"https:\/\/velo.nomaden.be\/wp-content\/uploads\/2023\/09\/DSC05412-1024x683.jpg\" alt=\"Wattenmeer in Friedrichskoog Spitze\" class=\"wp-image-960\" srcset=\"https:\/\/velo.nomaden.be\/wp-content\/uploads\/2023\/09\/DSC05412-1024x683.jpg 1024w, https:\/\/velo.nomaden.be\/wp-content\/uploads\/2023\/09\/DSC05412-300x200.jpg 300w, https:\/\/velo.nomaden.be\/wp-content\/uploads\/2023\/09\/DSC05412-768x512.jpg 768w, https:\/\/velo.nomaden.be\/wp-content\/uploads\/2023\/09\/DSC05412-1536x1024.jpg 1536w, https:\/\/velo.nomaden.be\/wp-content\/uploads\/2023\/09\/DSC05412.jpg 1920w\" sizes=\"auto, (max-width: 1024px) 100vw, 1024px\" \/><\/a><figcaption class=\"wp-element-caption\">Wattenmeer in Friedrichskoog Spitze<\/figcaption><\/figure>\n<\/figure>\n\n\n\n<p><\/p>\n\n\n\n<p>Tags darauf machen wir schon kurz nach dem Start den ersten Halt und besuchen die Seehundestation in Friedrichskoog. Die Station ist Herberge f\u00fcr Seehunde und Kegelrobben, die nicht mehr ausgewildert werden k\u00f6nnen. Jeden Sommer p\u00e4ppeln die Mitarbeiter:innen der Seehundestation aber auch Heuler auf, die aus verschiedensten Gr\u00fcnden w\u00e4hrend der Stillzeit von ihren M\u00fcttern getrennt wurden. Hier werden sie gef\u00fcttert, medizinische versorgt und f\u00fcr die Auswilderung vorbereitet. Dies geschieht nicht aus Artenschutzgr\u00fcnden sondern rein aus Tierschutzgr\u00fcnden, denn die Population ist in der Nordsee derzeit nicht bedroht. Damit die Auswilderung gelingt, d\u00fcrfen Besucher:innen auch nur von weitem in den Bereich hineingucken. Der Kontakt mit Menschen wird auf das Wesentliche begrenzt. Die Ausstellung zu den Seehunden und Kegelrobben ist sehr gut. Wir verweilen entsprechend lange, entscheiden uns aber kurz vor der n\u00e4chsten F\u00fctterungszeit zu verschwinden und gr\u00f6sseren Menschenansammlungen zu entgehen. <\/p>\n\n\n\n<figure class=\"wp-block-gallery has-nested-images columns-default is-cropped wp-block-gallery-5 is-layout-flex wp-block-gallery-is-layout-flex\">\n<figure class=\"wp-block-image size-large\"><a href=\"https:\/\/velo.nomaden.be\/wp-content\/uploads\/2023\/09\/2023-09-05-13-25-38-974.jpg\"><img loading=\"lazy\" decoding=\"async\" width=\"1024\" height=\"768\" data-id=\"961\" src=\"https:\/\/velo.nomaden.be\/wp-content\/uploads\/2023\/09\/2023-09-05-13-25-38-974-1024x768.jpg\" alt=\"Blick in die Heuler Station\" class=\"wp-image-961\" srcset=\"https:\/\/velo.nomaden.be\/wp-content\/uploads\/2023\/09\/2023-09-05-13-25-38-974-1024x768.jpg 1024w, https:\/\/velo.nomaden.be\/wp-content\/uploads\/2023\/09\/2023-09-05-13-25-38-974-300x225.jpg 300w, https:\/\/velo.nomaden.be\/wp-content\/uploads\/2023\/09\/2023-09-05-13-25-38-974-768x576.jpg 768w, https:\/\/velo.nomaden.be\/wp-content\/uploads\/2023\/09\/2023-09-05-13-25-38-974-1536x1152.jpg 1536w, https:\/\/velo.nomaden.be\/wp-content\/uploads\/2023\/09\/2023-09-05-13-25-38-974.jpg 1920w\" sizes=\"auto, (max-width: 1024px) 100vw, 1024px\" \/><\/a><figcaption class=\"wp-element-caption\">Blick in die Heuler Station<\/figcaption><\/figure>\n<\/figure>\n\n\n\n<p><\/p>\n\n\n\n<p>Kurz vor Brunsb\u00fcttel erreichen wir die Elbm\u00fcndung und auch schon bald unseren <a href=\"https:\/\/www.elbdeichcamp.de\/\">Campingplatz<\/a> am Elbdeich. Es ist wieder ein self check-in Campingplatz, der Automat nimmt aber sogar Bargeld und es hat Klopapier und warmes Wasser f\u00fcr den Abwasch.<\/p>\n\n\n\n<p><\/p>\n","protected":false},"excerpt":{"rendered":"<p>Wir verlassen Ribe in Richtung K\u00fcste. Die n\u00e4chsten Tage werden wir entlang des Nationalparks Wattenmeer s\u00fcdw\u00e4rts nach Schleswig-Holstein radeln. Um etwas mehr \u00fcber die Region zu erfahren, besuchen wir ca. 10 Kilometer ausserhalb von Ribe des Vadehavs Centret. Die Ausstellung ist sehr interaktiv und gut gestaltet. Leider k\u00f6nnen wir uns nicht alle Vogelarten merken. Aber [&hellip;]<\/p>\n","protected":false},"author":1,"featured_media":0,"comment_status":"closed","ping_status":"closed","sticky":false,"template":"","format":"standard","meta":{"footnotes":""},"categories":[17,16],"tags":[],"class_list":["post-953","post","type-post","status-publish","format-standard","hentry","category-de-dk","category-europa","gallery-content-unit"],"_links":{"self":[{"href":"https:\/\/velo.nomaden.be\/index.php\/wp-json\/wp\/v2\/posts\/953","targetHints":{"allow":["GET"]}}],"collection":[{"href":"https:\/\/velo.nomaden.be\/index.php\/wp-json\/wp\/v2\/posts"}],"about":[{"href":"https:\/\/velo.nomaden.be\/index.php\/wp-json\/wp\/v2\/types\/post"}],"author":[{"embeddable":true,"href":"https:\/\/velo.nomaden.be\/index.php\/wp-json\/wp\/v2\/users\/1"}],"replies":[{"embeddable":true,"href":"https:\/\/velo.nomaden.be\/index.php\/wp-json\/wp\/v2\/comments?post=953"}],"version-history":[{"count":9,"href":"https:\/\/velo.nomaden.be\/index.php\/wp-json\/wp\/v2\/posts\/953\/revisions"}],"predecessor-version":[{"id":992,"href":"https:\/\/velo.nomaden.be\/index.php\/wp-json\/wp\/v2\/posts\/953\/revisions\/992"}],"wp:attachment":[{"href":"https:\/\/velo.nomaden.be\/index.php\/wp-json\/wp\/v2\/media?parent=953"}],"wp:term":[{"taxonomy":"category","embeddable":true,"href":"https:\/\/velo.nomaden.be\/index.php\/wp-json\/wp\/v2\/categories?post=953"},{"taxonomy":"post_tag","embeddable":true,"href":"https:\/\/velo.nomaden.be\/index.php\/wp-json\/wp\/v2\/tags?post=953"}],"curies":[{"name":"wp","href":"https:\/\/api.w.org\/{rel}","templated":true}]}}