{"id":940,"date":"2023-08-31T11:31:40","date_gmt":"2023-08-31T09:31:40","guid":{"rendered":"https:\/\/velo.nomaden.be\/?p=940"},"modified":"2023-09-18T15:58:50","modified_gmt":"2023-09-18T13:58:50","slug":"von-fuenen-quer-durch-sued-juetland","status":"publish","type":"post","link":"https:\/\/velo.nomaden.be\/index.php\/2023\/08\/31\/von-fuenen-quer-durch-sued-juetland\/","title":{"rendered":"Von F\u00fcnen quer durch S\u00fcd-J\u00fctland"},"content":{"rendered":"\n<p>An unserem ersten Abend in Svendborg entdeckt Lorenz ein <a rel=\"noreferrer noopener\" href=\"https:\/\/pamsafricanrestaurant.dk\/\" data-type=\"link\" data-id=\"https:\/\/pamsafricanrestaurant.dk\/\" target=\"_blank\">afrikanisches Restaurant<\/a>. Hier gibt es keine Menukarte. Die Gastgeberin l\u00e4sst einem nur die Wahl, ob traditionelles Essen oder afrikanischen Streetfood. Zus\u00e4tzliche W\u00fcnsche wie vegetarische, vegan oder glutenfrei sind kein Problem, den jedes Menu wird frisch zubereitet. Wir essen traditionell, dass heisst auch, wir essen mit der Hand. Als L\u00f6ffel dient Fufu. Mit diesem Brei aus Manniok und Kochbananen nimmt man die feine Sauce zu sich.<\/p>\n\n\n\n<p>Am Sonntag ruhen wir uns aus. Am Nachmittag machen wir noch einen Rundgang durch den Hafen auf der Suche nach Kaffee und Kuchen. Beides finden wir dann auch, zuvor laufen wir aber noch an einem Kajak-Mietautomaten vorbei.<\/p>\n\n\n\n<figure class=\"wp-block-gallery has-nested-images columns-default is-cropped wp-block-gallery-1 is-layout-flex wp-block-gallery-is-layout-flex\">\n<figure class=\"wp-block-image size-large\"><a href=\"https:\/\/velo.nomaden.be\/wp-content\/uploads\/2023\/09\/2023-08-27-14-30-43-673.jpg\"><img loading=\"lazy\" decoding=\"async\" width=\"768\" height=\"1024\" data-id=\"941\" src=\"https:\/\/velo.nomaden.be\/wp-content\/uploads\/2023\/09\/2023-08-27-14-30-43-673-768x1024.jpg\" alt=\"Kajak-Mietautomat\" class=\"wp-image-941\" srcset=\"https:\/\/velo.nomaden.be\/wp-content\/uploads\/2023\/09\/2023-08-27-14-30-43-673-768x1024.jpg 768w, https:\/\/velo.nomaden.be\/wp-content\/uploads\/2023\/09\/2023-08-27-14-30-43-673-225x300.jpg 225w, https:\/\/velo.nomaden.be\/wp-content\/uploads\/2023\/09\/2023-08-27-14-30-43-673-1152x1536.jpg 1152w, https:\/\/velo.nomaden.be\/wp-content\/uploads\/2023\/09\/2023-08-27-14-30-43-673.jpg 1440w\" sizes=\"auto, (max-width: 768px) 100vw, 768px\" \/><\/a><\/figure>\n<\/figure>\n\n\n\n<p><\/p>\n\n\n\n<p>Am 28. August geht die Reise weiter. Wir fahren der Westk\u00fcste von F\u00fcnen in Richtung Festland. Der Radweg ist abwechslungsreich, mal ist man am Meer, mal wieder etwas vom Meer weg. Mal Seitenwind, mal R\u00fcckenwind, mal leichten Gegenwind. Zur Mittagszeit erreichen wir Faaborg. In <a rel=\"noreferrer noopener\" href=\"https:\/\/faaborgroegericafe.dk\/\" data-type=\"link\" data-id=\"https:\/\/faaborgroegericafe.dk\/\" target=\"_blank\">Faaborg R\u00f8geri Caf\u00e9&nbsp;<\/a> am Hafen machen wir auch gleich unsere Mittagspause. Es gibt fein ger\u00e4ucherten Lachs und Fischfrikadellen mit Kartoffelsalat.<\/p>\n\n\n\n<p>Der Weg aus Faaborg hinaus schaffen wir auf Umwegen. Irgendwann sind wir aber wieder auf dem Radweg und fahren auf und ab. F\u00fcnen ist im Gegensatz zu den Inseln Falster und Lolland sehr h\u00fcgelig. Ein kurzer Regenschauer k\u00fchlt uns wieder ab. Der Regen ist aber nur von kurzer Dauer und auch nicht stark. Schon kurze Zeit sp\u00e4ter sind unsere feuchten Kleider wieder trocken und wir kommen unserem Zeltplatz immer n\u00e4her.<\/p>\n\n\n\n<p>Auch in D\u00e4nemark gibt es eine Ortschaft \u00c5. Die ist noch kleiner als das \u00c5 in Norwegen und hat einen wundersch\u00f6nen <a rel=\"noreferrer noopener\" href=\"https:\/\/www.aa-strand.dk\/\" data-type=\"link\" data-id=\"https:\/\/www.aa-strand.dk\/\" target=\"_blank\">Campingplatz<\/a> mit Blick auf die Ostsee. Wir erreichen den Campingplatz kurz vor der Receptions\u00f6ffnung um 16 Uhr. Wir haben festgestellt, dass es in D\u00e4nemark \u00fcblich ist zwischen ca. 15 und 18 Uhr auf dem Campingplatz einzutreffen. Nach 18 Uhr ist die Reception oftmals bereits geschlossen.<\/p>\n\n\n\n<p>Nach dem Zeltaufstellen baden wir in der Ostsee. Das Wasser ist nicht ganz so sch\u00f6n und mit ca. 18\u00b0C sehr wahrscheinlich auch k\u00fchler als die Aare.<\/p>\n\n\n\n<figure class=\"wp-block-gallery has-nested-images columns-default is-cropped wp-block-gallery-2 is-layout-flex wp-block-gallery-is-layout-flex\">\n<figure class=\"wp-block-image size-large\"><img loading=\"lazy\" decoding=\"async\" width=\"1024\" height=\"683\" data-id=\"944\" src=\"https:\/\/velo.nomaden.be\/wp-content\/uploads\/2023\/09\/DSC05322-1024x683.jpg\" alt=\"\" class=\"wp-image-944\" srcset=\"https:\/\/velo.nomaden.be\/wp-content\/uploads\/2023\/09\/DSC05322-1024x683.jpg 1024w, https:\/\/velo.nomaden.be\/wp-content\/uploads\/2023\/09\/DSC05322-300x200.jpg 300w, https:\/\/velo.nomaden.be\/wp-content\/uploads\/2023\/09\/DSC05322-768x512.jpg 768w, https:\/\/velo.nomaden.be\/wp-content\/uploads\/2023\/09\/DSC05322-1536x1024.jpg 1536w, https:\/\/velo.nomaden.be\/wp-content\/uploads\/2023\/09\/DSC05322.jpg 1920w\" sizes=\"auto, (max-width: 1024px) 100vw, 1024px\" \/><\/figure>\n\n\n\n<figure class=\"wp-block-image size-large\"><img loading=\"lazy\" decoding=\"async\" width=\"683\" height=\"1024\" data-id=\"945\" src=\"https:\/\/velo.nomaden.be\/wp-content\/uploads\/2023\/09\/DSC05321-683x1024.jpg\" alt=\"\" class=\"wp-image-945\" srcset=\"https:\/\/velo.nomaden.be\/wp-content\/uploads\/2023\/09\/DSC05321-683x1024.jpg 683w, https:\/\/velo.nomaden.be\/wp-content\/uploads\/2023\/09\/DSC05321-200x300.jpg 200w, https:\/\/velo.nomaden.be\/wp-content\/uploads\/2023\/09\/DSC05321-768x1152.jpg 768w, https:\/\/velo.nomaden.be\/wp-content\/uploads\/2023\/09\/DSC05321-1024x1536.jpg 1024w, https:\/\/velo.nomaden.be\/wp-content\/uploads\/2023\/09\/DSC05321.jpg 1280w\" sizes=\"auto, (max-width: 683px) 100vw, 683px\" \/><\/figure>\n\n\n\n<figure class=\"wp-block-image size-large\"><img loading=\"lazy\" decoding=\"async\" width=\"1024\" height=\"683\" data-id=\"943\" src=\"https:\/\/velo.nomaden.be\/wp-content\/uploads\/2023\/09\/DSC05336-1024x683.jpg\" alt=\"\" class=\"wp-image-943\" srcset=\"https:\/\/velo.nomaden.be\/wp-content\/uploads\/2023\/09\/DSC05336-1024x683.jpg 1024w, https:\/\/velo.nomaden.be\/wp-content\/uploads\/2023\/09\/DSC05336-300x200.jpg 300w, https:\/\/velo.nomaden.be\/wp-content\/uploads\/2023\/09\/DSC05336-768x512.jpg 768w, https:\/\/velo.nomaden.be\/wp-content\/uploads\/2023\/09\/DSC05336-1536x1024.jpg 1536w, https:\/\/velo.nomaden.be\/wp-content\/uploads\/2023\/09\/DSC05336.jpg 1920w\" sizes=\"auto, (max-width: 1024px) 100vw, 1024px\" \/><\/figure>\n\n\n\n<figure class=\"wp-block-image size-large\"><img loading=\"lazy\" decoding=\"async\" width=\"1024\" height=\"683\" data-id=\"942\" src=\"https:\/\/velo.nomaden.be\/wp-content\/uploads\/2023\/09\/DSC05332-1024x683.jpg\" alt=\"\" class=\"wp-image-942\" srcset=\"https:\/\/velo.nomaden.be\/wp-content\/uploads\/2023\/09\/DSC05332-1024x683.jpg 1024w, https:\/\/velo.nomaden.be\/wp-content\/uploads\/2023\/09\/DSC05332-300x200.jpg 300w, https:\/\/velo.nomaden.be\/wp-content\/uploads\/2023\/09\/DSC05332-768x512.jpg 768w, https:\/\/velo.nomaden.be\/wp-content\/uploads\/2023\/09\/DSC05332-1536x1024.jpg 1536w, https:\/\/velo.nomaden.be\/wp-content\/uploads\/2023\/09\/DSC05332.jpg 1920w\" sizes=\"auto, (max-width: 1024px) 100vw, 1024px\" \/><\/figure>\n<\/figure>\n\n\n\n<p><\/p>\n\n\n\n<p>Von \u00c5 weg geht es nochmals etwa bergauf, dann flacht die Landschaft aber langsam wieder ab und mit nur leichtem Seitenwind sind wir schon zur Mittagszeit in Middelfart. Hier essen wir am Hafen Picknick, bevor wir die Insel F\u00fcnen \u00fcber die Br\u00fccke in Richtung Festland verlassen. Der Radweg nach Kolding ist nicht der sch\u00f6nste Abschnitt unserer Reise. \u00dcber viele Kilometer f\u00fchrt uns die Route direkt an oder auf der teilweise stark befahrenen Landstrasse und es geht wieder ordentlich auf und ab. Kurz vor Kolding \u00fcberrascht uns abermals ein kurzer Regenschauer. Ziemlich m\u00fcde kommen wir in der <a rel=\"noreferrer noopener\" href=\"https:\/\/www.danhostel.dk\/de\/hostel\/danhostel-kolding\" data-type=\"link\" data-id=\"https:\/\/www.danhostel.dk\/de\/hostel\/danhostel-kolding?overridden_route_name=entity.node.canonical&amp;base_route_name=entity.node.canonical&amp;page_manager_page=node_view&amp;page_manager_page_variant=node_view-panels_variant-0&amp;page_manager_page_variant_weight=0\" target=\"_blank\">Jugendherberge in Kolding<\/a> an. Weil es in der Region weit und breit keinen Campingplatz gibt, haben wir uns am Mittag kurz entschlossen ein Zimmer gebucht. Das Zimmer ist quasi ein kleines Bungalow. Vor der T\u00fcr haben wir einen kleinen Sitzplatz, von wo wir \u00fcber die Stadt Kolding sehen. Im n\u00e4chstgelegenen (wir m\u00f6gen nicht mehr weit laufen) Lebensmittelgesch\u00e4ft kaufen wir ein. Heute haben wir eine gut ausgestattete K\u00fcche zur Verf\u00fcgung. Es gibt K\u00fcrbis aus dem Ofen mit Kartoffelstock und Pilzen an Rahmsauce. Es ist so viel Essen, dass wir den grossteil des K\u00fcrbis f\u00fcr das n\u00e4chste Abendessen einpacken.<\/p>\n\n\n\n<p>Langsam gehts in Richtung Westk\u00fcste. Von Kolding gibt es einen direkten Radweg nach Esbjerg. Wir machen allerdings noch einen kleinen Abstecher nach Christiansfeld und fahren weiter s\u00fcdlich in Richtung Ribe. <a rel=\"noreferrer noopener\" href=\"https:\/\/de.wikipedia.org\/wiki\/Christiansfeld\" data-type=\"link\" data-id=\"https:\/\/de.wikipedia.org\/wiki\/Christiansfeld\" target=\"_blank\">Christiansfeld<\/a> ist eine Planstadt, die 1773 gegr\u00fcndet wurde. Die H\u00e4user der Altstadt sind alle gelb oder beige. Die Stadt ist zudem bekannt f\u00fcr Honigkuchen und so gibt es hier eine kleine s\u00fcsse St\u00e4rkung.<\/p>\n\n\n\n<p>Die eigentliche Mittagsrast machen wir sp\u00e4ter in Jels. Am See findet gerade eine Kanu Weltmeisterschaft statt. Wir finden dann doch noch ein Picknickplatz zwischen den Enten und schauen dem Treiben auf dem See zu. An einen Platz auf dem Camping hier ist nicht zu denken und es ist auch noch fr\u00fch. Wir fahren noch ein paar Kilometer weiter bis nach Foldingbro. Der Camping hier ist nicht gerade ein Schmuckst\u00fcck, aber zweckm\u00e4ssig eingerichtet. Es hat sogar einen <em>T\u00f6ggelichaschte<\/em>. Die kleine Landstrasse f\u00fchrt direkt um den Campingplatz. Bis sp\u00e4t am Abend fahren noch Traktoren und Lastwagen vorbei. Es ist Erntezeit.<\/p>\n\n\n\n<p>Unsere Tour am Donnerstag ist kurz. Wir fahren nur 30 Kilometer von Foldingbro nach Ribe. <a href=\"https:\/\/de.wikipedia.org\/wiki\/Ribe\">Ribe<\/a> war lange Zeit der wichtigste Hafen von Nordeuropa, verlor aber ab ca. dem 18. Jahrhundert zunehmend an Bedeutung. Weil lange kein Geld f\u00fcr Erneuerungen und Erweiterungen zur Verf\u00fcgung stand, ist die Altstadt noch sehr gut erhalten. Im alten Hafen von Ribe essen wir im <a href=\"https:\/\/saelhunden.dk\/\">Restaurant Saelhunden<\/a> feinen Fisch, bevor wir dann am sp\u00e4teren Nachmittag unser Zimmer in der <a href=\"https:\/\/www.danhostel.dk\/de\/hostel\/danhostel-ribe\" data-type=\"link\" data-id=\"https:\/\/www.danhostel.dk\/de\/hostel\/danhostel-ribe\">Jugendherberge Ribe<\/a> beziehen. Unsere Zimmer ist mit Blick \u00fcber die Altstadt. Um 20 Uhr nehmen wir am <a href=\"https:\/\/www.vadehavskysten.de\/ribe-esbjerg-fano\/erleben-sie-ribe\/nachtwaechterrundgang\">Nachtw\u00e4chterrundgang<\/a> teil. Die Nachtw\u00e4chter sorgten \u00fcber Jahrhunderte f\u00fcr Recht und Ordnung in den Strassen von Ribe, brachten betrunkene Schweine (alle brauten ihr eigenens Bier und kippten die Maische in die Strassen) und betrunkene Menschen nach Hause. Wobei die betrunkenen Menschen meist auf den R\u00fccken ihrer Pferde gelegt wurden und diese dann den Weg nach Hause wussten, Autopilot so zu sagen.<\/p>\n\n\n\n<figure class=\"wp-block-gallery has-nested-images columns-default is-cropped wp-block-gallery-3 is-layout-flex wp-block-gallery-is-layout-flex\">\n<figure class=\"wp-block-image size-large\"><a href=\"https:\/\/velo.nomaden.be\/wp-content\/uploads\/2023\/09\/DSC05355.jpg\"><img loading=\"lazy\" decoding=\"async\" width=\"683\" height=\"1024\" data-id=\"948\" src=\"https:\/\/velo.nomaden.be\/wp-content\/uploads\/2023\/09\/DSC05355-683x1024.jpg\" alt=\"Sortebr\u00f8dregade\" class=\"wp-image-948\" srcset=\"https:\/\/velo.nomaden.be\/wp-content\/uploads\/2023\/09\/DSC05355-683x1024.jpg 683w, https:\/\/velo.nomaden.be\/wp-content\/uploads\/2023\/09\/DSC05355-200x300.jpg 200w, https:\/\/velo.nomaden.be\/wp-content\/uploads\/2023\/09\/DSC05355-768x1152.jpg 768w, https:\/\/velo.nomaden.be\/wp-content\/uploads\/2023\/09\/DSC05355-1024x1536.jpg 1024w, https:\/\/velo.nomaden.be\/wp-content\/uploads\/2023\/09\/DSC05355.jpg 1280w\" sizes=\"auto, (max-width: 683px) 100vw, 683px\" \/><\/a><figcaption class=\"wp-element-caption\">Sortebr\u00f8dregade<\/figcaption><\/figure>\n\n\n\n<figure class=\"wp-block-image size-large\"><a href=\"https:\/\/velo.nomaden.be\/wp-content\/uploads\/2023\/09\/DSC05357.jpg\"><img loading=\"lazy\" decoding=\"async\" width=\"683\" height=\"1024\" data-id=\"947\" src=\"https:\/\/velo.nomaden.be\/wp-content\/uploads\/2023\/09\/DSC05357-683x1024.jpg\" alt=\"Peder Dovns Slippe\" class=\"wp-image-947\" srcset=\"https:\/\/velo.nomaden.be\/wp-content\/uploads\/2023\/09\/DSC05357-683x1024.jpg 683w, https:\/\/velo.nomaden.be\/wp-content\/uploads\/2023\/09\/DSC05357-200x300.jpg 200w, https:\/\/velo.nomaden.be\/wp-content\/uploads\/2023\/09\/DSC05357-768x1152.jpg 768w, https:\/\/velo.nomaden.be\/wp-content\/uploads\/2023\/09\/DSC05357-1024x1536.jpg 1024w, https:\/\/velo.nomaden.be\/wp-content\/uploads\/2023\/09\/DSC05357.jpg 1280w\" sizes=\"auto, (max-width: 683px) 100vw, 683px\" \/><\/a><figcaption class=\"wp-element-caption\">Peder Dovns Slippe<\/figcaption><\/figure>\n\n\n\n<figure class=\"wp-block-image size-large\"><a href=\"https:\/\/velo.nomaden.be\/wp-content\/uploads\/2023\/09\/DSC05362.jpg\"><img loading=\"lazy\" decoding=\"async\" width=\"1024\" height=\"683\" data-id=\"946\" src=\"https:\/\/velo.nomaden.be\/wp-content\/uploads\/2023\/09\/DSC05362-1024x683.jpg\" alt=\"Ribe by Night\" class=\"wp-image-946\" srcset=\"https:\/\/velo.nomaden.be\/wp-content\/uploads\/2023\/09\/DSC05362-1024x683.jpg 1024w, https:\/\/velo.nomaden.be\/wp-content\/uploads\/2023\/09\/DSC05362-300x200.jpg 300w, https:\/\/velo.nomaden.be\/wp-content\/uploads\/2023\/09\/DSC05362-768x512.jpg 768w, https:\/\/velo.nomaden.be\/wp-content\/uploads\/2023\/09\/DSC05362-1536x1024.jpg 1536w, https:\/\/velo.nomaden.be\/wp-content\/uploads\/2023\/09\/DSC05362.jpg 1920w\" sizes=\"auto, (max-width: 1024px) 100vw, 1024px\" \/><\/a><figcaption class=\"wp-element-caption\">Ribe by Night<\/figcaption><\/figure>\n<\/figure>\n\n\n\n<p><\/p>\n","protected":false},"excerpt":{"rendered":"<p>An unserem ersten Abend in Svendborg entdeckt Lorenz ein afrikanisches Restaurant. Hier gibt es keine Menukarte. Die Gastgeberin l\u00e4sst einem nur die Wahl, ob traditionelles Essen oder afrikanischen Streetfood. Zus\u00e4tzliche W\u00fcnsche wie vegetarische, vegan oder glutenfrei sind kein Problem, den jedes Menu wird frisch zubereitet. Wir essen traditionell, dass heisst auch, wir essen mit der [&hellip;]<\/p>\n","protected":false},"author":1,"featured_media":0,"comment_status":"closed","ping_status":"closed","sticky":false,"template":"","format":"standard","meta":{"footnotes":""},"categories":[17,16],"tags":[],"class_list":["post-940","post","type-post","status-publish","format-standard","hentry","category-de-dk","category-europa","gallery-content-unit"],"_links":{"self":[{"href":"https:\/\/velo.nomaden.be\/index.php\/wp-json\/wp\/v2\/posts\/940","targetHints":{"allow":["GET"]}}],"collection":[{"href":"https:\/\/velo.nomaden.be\/index.php\/wp-json\/wp\/v2\/posts"}],"about":[{"href":"https:\/\/velo.nomaden.be\/index.php\/wp-json\/wp\/v2\/types\/post"}],"author":[{"embeddable":true,"href":"https:\/\/velo.nomaden.be\/index.php\/wp-json\/wp\/v2\/users\/1"}],"replies":[{"embeddable":true,"href":"https:\/\/velo.nomaden.be\/index.php\/wp-json\/wp\/v2\/comments?post=940"}],"version-history":[{"count":7,"href":"https:\/\/velo.nomaden.be\/index.php\/wp-json\/wp\/v2\/posts\/940\/revisions"}],"predecessor-version":[{"id":993,"href":"https:\/\/velo.nomaden.be\/index.php\/wp-json\/wp\/v2\/posts\/940\/revisions\/993"}],"wp:attachment":[{"href":"https:\/\/velo.nomaden.be\/index.php\/wp-json\/wp\/v2\/media?parent=940"}],"wp:term":[{"taxonomy":"category","embeddable":true,"href":"https:\/\/velo.nomaden.be\/index.php\/wp-json\/wp\/v2\/categories?post=940"},{"taxonomy":"post_tag","embeddable":true,"href":"https:\/\/velo.nomaden.be\/index.php\/wp-json\/wp\/v2\/tags?post=940"}],"curies":[{"name":"wp","href":"https:\/\/api.w.org\/{rel}","templated":true}]}}