{"id":918,"date":"2023-08-27T18:43:20","date_gmt":"2023-08-27T16:43:20","guid":{"rendered":"https:\/\/velo.nomaden.be\/?p=918"},"modified":"2023-09-18T16:00:20","modified_gmt":"2023-09-18T14:00:20","slug":"von-insel-zu-insel","status":"publish","type":"post","link":"https:\/\/velo.nomaden.be\/index.php\/2023\/08\/27\/von-insel-zu-insel\/","title":{"rendered":"Von Insel zu Insel"},"content":{"rendered":"\n<p>Eigentlich h\u00e4tten wir in Rostock gerne mal wieder in einem Bett geschlafen. Aber unser Hotel der Wahl ist  ausgebucht. Das ist nicht weiter schlimm, denn wir sind gegen Mittag in Rostock (R\u00fcckenwind?) und von hier fahren regelm\u00e4ssig F\u00e4hren nach Gedser, auf der d\u00e4nischen Insel Falster.<\/p>\n\n\n\n<p>Anders als vor 12 Jahren, auf unserer ersten Velotour durch Schweden, finden wir den Radweg zum F\u00e4hrhafen ohne Schwierigkeiten und erreichen die geplante F\u00e4hre rechtzeitig.<\/p>\n\n\n\n<p>Nur zwei Stunden dauert die \u00dcberfahrt. Und es ist sofort klar, dass wir jetzt im Veloland angekommen sind. In Rostock mussten die Radfahrer:innen in den Abgasen der LKWs warten, bis sie von Bord durften. In D\u00e4nemark fahren die Radfahrer:innen als erste von der F\u00e4hre. \u00dcberall gibt es Velowege, Veloabstellpl\u00e4tze, Vortritt f\u00fcr Fahrr\u00e4der und die Autofahrer:innen nehmen Abstand. Angeblich fahren 75 % der D\u00e4n:innen mit dem Rad zur Arbeit.<\/p>\n\n\n\n<p>Wir besorgen uns Bargeld in der lokale W\u00e4hrung (die Kronen unseres letzten Besuchs sind leider zu Hause geblieben) und decken uns mit Lebensmitteln ein. Am fr\u00fchen Abend erreichen wir Bruserup. Dort gibt es einen sogenannten <a href=\"https:\/\/bookenshelter.dk\/?lang=en\">Book en Shelter<\/a> Campingplatz. Auf solchen Pl\u00e4tzen gibt es in der Regel nur eine einfache Toilette und Wasser. F\u00fcr ein paar Kronen kann mensch hier das Zelt aufschlagen oder eben in einem Schutzh\u00fctte \u00fcbernachten. Gebucht wird vor Ort mit einem QR-Code und bezahlt mit Kreditkarte. Vorbei sind die Zeiten, als noch Kleingeld in einer Box deponiert wurde. D\u00e4nemark begr\u00fcsst uns mit einem wundersch\u00f6nen Sonnenuntergang. Das erste Mal schlafen wir mit offener Abside und geniessen vom Schlafsack aus die Aussicht.<\/p>\n\n\n\n<figure class=\"wp-block-gallery has-nested-images columns-default is-cropped wp-block-gallery-1 is-layout-flex wp-block-gallery-is-layout-flex\">\n<figure class=\"wp-block-image size-large\"><a href=\"https:\/\/velo.nomaden.be\/wp-content\/uploads\/2023\/08\/DSC05273.jpg\"><img loading=\"lazy\" decoding=\"async\" width=\"1024\" height=\"683\" data-id=\"915\" src=\"https:\/\/velo.nomaden.be\/wp-content\/uploads\/2023\/08\/DSC05273-1024x683.jpg\" alt=\"Segelschiff auf der Ostsee\" class=\"wp-image-915\" srcset=\"https:\/\/velo.nomaden.be\/wp-content\/uploads\/2023\/08\/DSC05273-1024x683.jpg 1024w, https:\/\/velo.nomaden.be\/wp-content\/uploads\/2023\/08\/DSC05273-300x200.jpg 300w, https:\/\/velo.nomaden.be\/wp-content\/uploads\/2023\/08\/DSC05273-768x512.jpg 768w, https:\/\/velo.nomaden.be\/wp-content\/uploads\/2023\/08\/DSC05273-1536x1024.jpg 1536w, https:\/\/velo.nomaden.be\/wp-content\/uploads\/2023\/08\/DSC05273.jpg 1920w\" sizes=\"auto, (max-width: 1024px) 100vw, 1024px\" \/><\/a><figcaption class=\"wp-element-caption\">Segelschiff auf der Ostsee<\/figcaption><\/figure>\n\n\n\n<figure class=\"wp-block-image size-large\"><a href=\"https:\/\/velo.nomaden.be\/wp-content\/uploads\/2023\/08\/DSC05276.jpg\"><img loading=\"lazy\" decoding=\"async\" width=\"1024\" height=\"683\" data-id=\"921\" src=\"https:\/\/velo.nomaden.be\/wp-content\/uploads\/2023\/08\/DSC05276-1024x683.jpg\" alt=\"Unser neues Zelt im Abendlicht\" class=\"wp-image-921\" srcset=\"https:\/\/velo.nomaden.be\/wp-content\/uploads\/2023\/08\/DSC05276-1024x683.jpg 1024w, https:\/\/velo.nomaden.be\/wp-content\/uploads\/2023\/08\/DSC05276-300x200.jpg 300w, https:\/\/velo.nomaden.be\/wp-content\/uploads\/2023\/08\/DSC05276-768x512.jpg 768w, https:\/\/velo.nomaden.be\/wp-content\/uploads\/2023\/08\/DSC05276-1536x1024.jpg 1536w, https:\/\/velo.nomaden.be\/wp-content\/uploads\/2023\/08\/DSC05276.jpg 1920w\" sizes=\"auto, (max-width: 1024px) 100vw, 1024px\" \/><\/a><figcaption class=\"wp-element-caption\">Unser neues Zelt im Abendlicht<\/figcaption><\/figure>\n\n\n\n<figure class=\"wp-block-image size-large\"><a href=\"https:\/\/velo.nomaden.be\/wp-content\/uploads\/2023\/08\/DSC05279.jpg\"><img loading=\"lazy\" decoding=\"async\" width=\"683\" height=\"1024\" data-id=\"919\" src=\"https:\/\/velo.nomaden.be\/wp-content\/uploads\/2023\/08\/DSC05279-683x1024.jpg\" alt=\"Sonnenuntergang in Bruserup\" class=\"wp-image-919\" srcset=\"https:\/\/velo.nomaden.be\/wp-content\/uploads\/2023\/08\/DSC05279-683x1024.jpg 683w, https:\/\/velo.nomaden.be\/wp-content\/uploads\/2023\/08\/DSC05279-200x300.jpg 200w, https:\/\/velo.nomaden.be\/wp-content\/uploads\/2023\/08\/DSC05279-768x1152.jpg 768w, https:\/\/velo.nomaden.be\/wp-content\/uploads\/2023\/08\/DSC05279-1024x1536.jpg 1024w, https:\/\/velo.nomaden.be\/wp-content\/uploads\/2023\/08\/DSC05279.jpg 1280w\" sizes=\"auto, (max-width: 683px) 100vw, 683px\" \/><\/a><figcaption class=\"wp-element-caption\">Sonnenuntergang in Bruserup<\/figcaption><\/figure>\n<\/figure>\n\n\n\n<p><\/p>\n\n\n\n<p>Wie unschwer zu erkennen ist, lieben wir unser neues <a href=\"https:\/\/hilleberg.com\/deu\/zelt\/red-label-zelte\/kaitum-3-gt\/\">Zelt<\/a> sehr. Es hat zwei Absiden, die sich beide vollst\u00e4ndig \u00f6ffnen lassen. In der gr\u00f6sseren k\u00f6nnen wir bei leichtem Regen sogar im Trockenen sitzen und trotzdem die Aussicht geniessen. Die kleinere Abside ist unser Stauraum und bietet Platz f\u00fcr alle unsere Velotaschen. Und auch drinnen hat es viel Platz (wohl auch deshalb, weil wir uns ein 3-Personen-Zelt geg\u00f6nnt haben ?).<\/p>\n\n\n\n<p>Kurz haben wir uns \u00fcberlegt auf die Insel M\u00f8n zu fahren. Diese Insel geh\u00f6rt zu der Sorte &#8222;book well ahead&#8220; was wir kaum je schaffen, weil wir nie wissen, wohin genau die Reise f\u00fchrt. M\u00f8n liegt auch nicht auf unserer Route Richtung Westen. Wir fahren also weiter \u00fcber die Insel Falster und erreichen \u00fcber eine Br\u00fccke schon bald die n\u00e4chste Insel Lolland. Um die Mittagszeit sind wir in Saksk\u00f8bing und geniessen als zweites Fr\u00fchst\u00fcck Kanelsnurrer, Kardamommesnurrer und Kaffee. Leckeres Brot f\u00fcr sp\u00e4ter k\u00f6nnen wir in dieser schmucken B\u00e4ckerei obendrein auch noch kaufen.<\/p>\n\n\n\n<figure class=\"wp-block-gallery has-nested-images columns-default is-cropped wp-block-gallery-2 is-layout-flex wp-block-gallery-is-layout-flex\">\n<figure class=\"wp-block-image size-large\"><a href=\"https:\/\/velo.nomaden.be\/wp-content\/uploads\/2023\/08\/2023-08-23-12-23-52-085.jpg\"><img loading=\"lazy\" decoding=\"async\" width=\"768\" height=\"1024\" data-id=\"924\" src=\"https:\/\/velo.nomaden.be\/wp-content\/uploads\/2023\/08\/2023-08-23-12-23-52-085-768x1024.jpg\" alt=\"Kanelsnurrer\" class=\"wp-image-924\" srcset=\"https:\/\/velo.nomaden.be\/wp-content\/uploads\/2023\/08\/2023-08-23-12-23-52-085-768x1024.jpg 768w, https:\/\/velo.nomaden.be\/wp-content\/uploads\/2023\/08\/2023-08-23-12-23-52-085-225x300.jpg 225w, https:\/\/velo.nomaden.be\/wp-content\/uploads\/2023\/08\/2023-08-23-12-23-52-085-1152x1536.jpg 1152w, https:\/\/velo.nomaden.be\/wp-content\/uploads\/2023\/08\/2023-08-23-12-23-52-085.jpg 1440w\" sizes=\"auto, (max-width: 768px) 100vw, 768px\" \/><\/a><figcaption class=\"wp-element-caption\">Kanelsnurrer<\/figcaption><\/figure>\n\n\n\n<figure class=\"wp-block-image size-large\"><a href=\"https:\/\/velo.nomaden.be\/wp-content\/uploads\/2023\/08\/2023-08-23-12-37-14-912.jpg\"><img loading=\"lazy\" decoding=\"async\" width=\"768\" height=\"1024\" data-id=\"923\" src=\"https:\/\/velo.nomaden.be\/wp-content\/uploads\/2023\/08\/2023-08-23-12-37-14-912-768x1024.jpg\" alt=\"Innenhof der B\u00e4ckerei mit Caf\u00e9\" class=\"wp-image-923\" srcset=\"https:\/\/velo.nomaden.be\/wp-content\/uploads\/2023\/08\/2023-08-23-12-37-14-912-768x1024.jpg 768w, https:\/\/velo.nomaden.be\/wp-content\/uploads\/2023\/08\/2023-08-23-12-37-14-912-225x300.jpg 225w, https:\/\/velo.nomaden.be\/wp-content\/uploads\/2023\/08\/2023-08-23-12-37-14-912-1152x1536.jpg 1152w, https:\/\/velo.nomaden.be\/wp-content\/uploads\/2023\/08\/2023-08-23-12-37-14-912.jpg 1440w\" sizes=\"auto, (max-width: 768px) 100vw, 768px\" \/><\/a><figcaption class=\"wp-element-caption\">Innenhof der B\u00e4ckerei mit Caf\u00e9<\/figcaption><\/figure>\n<\/figure>\n\n\n\n<p><\/p>\n\n\n\n<p>P\u00fcnktlich zur \u00d6ffnung der Reception um 14 Uhr erreichen wir den Campingplatz in Maribo. Unser Zeltplatz haben wir am Abend vorher vorsorglich bereits gebucht, denn wir m\u00fcssen unbedingt einen Waschtag einlegen. Wir verbringen den restlichen Tag mit waschen, bloggen und aufladen unserer diversen Ger\u00e4te. Dank dem gem\u00fctlichen Aufenthaltsraum nehmen wir auch den vorbeiziehenden Regenschauer gelassen.<\/p>\n\n\n\n<p>Am n\u00e4chsten Tag weckt uns bereits wieder die Sonne. Vom Inland geht es nun wieder an die K\u00fcste nach R\u00f8dbyhavn. Der Radweg f\u00fchrt jetzt \u00fcber 30 Kilometer dem Strand entlang. Ca. in der H\u00e4lfte legen wir eine Mittagspause ein. Zu unserer \u00dcberraschung werden wir am Picknick-Platz von einem Reh besucht. Die Naturstrasse sp\u00fcren wir am Abend in unseren Beinen, aber der Wind ist gn\u00e4dig und wir kommen gut voran.<\/p>\n\n\n\n<figure class=\"wp-block-gallery has-nested-images columns-default is-cropped wp-block-gallery-3 is-layout-flex wp-block-gallery-is-layout-flex\">\n<figure class=\"wp-block-image size-large\"><a href=\"https:\/\/velo.nomaden.be\/wp-content\/uploads\/2023\/08\/DSC05288.jpg\"><img loading=\"lazy\" decoding=\"async\" width=\"1024\" height=\"683\" data-id=\"928\" src=\"https:\/\/velo.nomaden.be\/wp-content\/uploads\/2023\/08\/DSC05288-1024x683.jpg\" alt=\"Ostsee\" class=\"wp-image-928\" srcset=\"https:\/\/velo.nomaden.be\/wp-content\/uploads\/2023\/08\/DSC05288-1024x683.jpg 1024w, https:\/\/velo.nomaden.be\/wp-content\/uploads\/2023\/08\/DSC05288-300x200.jpg 300w, https:\/\/velo.nomaden.be\/wp-content\/uploads\/2023\/08\/DSC05288-768x512.jpg 768w, https:\/\/velo.nomaden.be\/wp-content\/uploads\/2023\/08\/DSC05288-1536x1024.jpg 1536w, https:\/\/velo.nomaden.be\/wp-content\/uploads\/2023\/08\/DSC05288.jpg 1920w\" sizes=\"auto, (max-width: 1024px) 100vw, 1024px\" \/><\/a><figcaption class=\"wp-element-caption\">Ostsee<\/figcaption><\/figure>\n\n\n\n<figure class=\"wp-block-image size-large\"><a href=\"https:\/\/velo.nomaden.be\/wp-content\/uploads\/2023\/08\/DSC05291.jpg\"><img loading=\"lazy\" decoding=\"async\" width=\"683\" height=\"1024\" data-id=\"927\" src=\"https:\/\/velo.nomaden.be\/wp-content\/uploads\/2023\/08\/DSC05291-683x1024.jpg\" alt=\"Radweg von R\u00f8dbyhavn nach Lang\u00f8\" class=\"wp-image-927\" srcset=\"https:\/\/velo.nomaden.be\/wp-content\/uploads\/2023\/08\/DSC05291-683x1024.jpg 683w, https:\/\/velo.nomaden.be\/wp-content\/uploads\/2023\/08\/DSC05291-200x300.jpg 200w, https:\/\/velo.nomaden.be\/wp-content\/uploads\/2023\/08\/DSC05291-768x1152.jpg 768w, https:\/\/velo.nomaden.be\/wp-content\/uploads\/2023\/08\/DSC05291-1024x1536.jpg 1024w, https:\/\/velo.nomaden.be\/wp-content\/uploads\/2023\/08\/DSC05291.jpg 1280w\" sizes=\"auto, (max-width: 683px) 100vw, 683px\" \/><\/a><figcaption class=\"wp-element-caption\">Radweg von R\u00f8dbyhavn nach Lang\u00f8<\/figcaption><\/figure>\n\n\n\n<figure class=\"wp-block-image size-large\"><a href=\"https:\/\/velo.nomaden.be\/wp-content\/uploads\/2023\/08\/DSC05296.jpg\"><img loading=\"lazy\" decoding=\"async\" width=\"1024\" height=\"683\" data-id=\"926\" src=\"https:\/\/velo.nomaden.be\/wp-content\/uploads\/2023\/08\/DSC05296-1024x683.jpg\" alt=\"Rehbesuch zum Zmittag\" class=\"wp-image-926\" srcset=\"https:\/\/velo.nomaden.be\/wp-content\/uploads\/2023\/08\/DSC05296-1024x683.jpg 1024w, https:\/\/velo.nomaden.be\/wp-content\/uploads\/2023\/08\/DSC05296-300x200.jpg 300w, https:\/\/velo.nomaden.be\/wp-content\/uploads\/2023\/08\/DSC05296-768x512.jpg 768w, https:\/\/velo.nomaden.be\/wp-content\/uploads\/2023\/08\/DSC05296-1536x1024.jpg 1536w, https:\/\/velo.nomaden.be\/wp-content\/uploads\/2023\/08\/DSC05296.jpg 1920w\" sizes=\"auto, (max-width: 1024px) 100vw, 1024px\" \/><\/a><figcaption class=\"wp-element-caption\">Rehbesuch zum Zmittag<\/figcaption><\/figure>\n\n\n\n<figure class=\"wp-block-image size-large\"><a href=\"https:\/\/velo.nomaden.be\/wp-content\/uploads\/2023\/08\/DSC05300.jpg\"><img loading=\"lazy\" decoding=\"async\" width=\"683\" height=\"1024\" data-id=\"925\" src=\"https:\/\/velo.nomaden.be\/wp-content\/uploads\/2023\/08\/DSC05300-683x1024.jpg\" alt=\"Radweg nach Nakskov\" class=\"wp-image-925\" srcset=\"https:\/\/velo.nomaden.be\/wp-content\/uploads\/2023\/08\/DSC05300-683x1024.jpg 683w, https:\/\/velo.nomaden.be\/wp-content\/uploads\/2023\/08\/DSC05300-200x300.jpg 200w, https:\/\/velo.nomaden.be\/wp-content\/uploads\/2023\/08\/DSC05300-768x1152.jpg 768w, https:\/\/velo.nomaden.be\/wp-content\/uploads\/2023\/08\/DSC05300-1024x1536.jpg 1024w, https:\/\/velo.nomaden.be\/wp-content\/uploads\/2023\/08\/DSC05300.jpg 1280w\" sizes=\"auto, (max-width: 683px) 100vw, 683px\" \/><\/a><figcaption class=\"wp-element-caption\">Radweg nach Nakskov<\/figcaption><\/figure>\n<\/figure>\n\n\n\n<p><\/p>\n\n\n\n<p>Die Nacht verbringen wir auf dem Campingplatz von Nakskov. Hier erreicht uns der abendliche Regen zum Gl\u00fcck erst nach dem Abendessen.<\/p>\n\n\n\n<p>Der Morgen sieht zun\u00e4chst d\u00fcster aus, doch schon wieder machen die Wolken der Sonne Platz. Das Zelt trocknet schnell und wir fahren nach dem Fr\u00fchst\u00fcck los zur F\u00e4hre, die uns von Lolland nach Langeland bringt. Wir sind uns nicht einig, ob wir zu fr\u00fch in Nakskov gestartet oder zu langsam gefahren sind. Jedenfalls verpassen wir die F\u00e4hre um 10.15 Uhr nur knapp und warten entsprechend fast eine Stunden auf die n\u00e4chste F\u00e4hre.<\/p>\n\n\n\n<figure class=\"wp-block-gallery has-nested-images columns-default is-cropped wp-block-gallery-4 is-layout-flex wp-block-gallery-is-layout-flex\">\n<figure class=\"wp-block-image size-large\"><img loading=\"lazy\" decoding=\"async\" width=\"683\" height=\"1024\" data-id=\"930\" src=\"https:\/\/velo.nomaden.be\/wp-content\/uploads\/2023\/08\/DSC05306-683x1024.jpg\" alt=\"F\u00e4hre von Lolland nach Langeland\" class=\"wp-image-930\" srcset=\"https:\/\/velo.nomaden.be\/wp-content\/uploads\/2023\/08\/DSC05306-683x1024.jpg 683w, https:\/\/velo.nomaden.be\/wp-content\/uploads\/2023\/08\/DSC05306-200x300.jpg 200w, https:\/\/velo.nomaden.be\/wp-content\/uploads\/2023\/08\/DSC05306-768x1152.jpg 768w, https:\/\/velo.nomaden.be\/wp-content\/uploads\/2023\/08\/DSC05306-1024x1536.jpg 1024w, https:\/\/velo.nomaden.be\/wp-content\/uploads\/2023\/08\/DSC05306.jpg 1280w\" sizes=\"auto, (max-width: 683px) 100vw, 683px\" \/><figcaption class=\"wp-element-caption\">F\u00e4hre von Lolland nach Langeland<\/figcaption><\/figure>\n<\/figure>\n\n\n\n<p><\/p>\n\n\n\n<p>In Langeland angekommen fahren wir s\u00fcdw\u00e4rts. Im <a rel=\"noreferrer noopener\" href=\"https:\/\/www.skovsgaard.dn.dk\/home\/homepage\/\" data-type=\"link\" data-id=\"https:\/\/www.skovsgaard.dn.dk\/home\/homepage\/\" target=\"_blank\">Caf\u00e9 Haven<\/a> gibt es ein sp\u00e4tes zweites Fr\u00fchst\u00fcck. Es ist das einzige Caf\u00e9 weit und breit. Erst sp\u00e4ter erfahren wir, dass es der alte Gutshof mit Schloss eine Biofarm ist.<\/p>\n\n\n\n<p>Wenige Kilometer sp\u00e4ter gibt es dann auch schon Mittagessen. Der Strand lockt Lorenz sofort in die Ostsee, Eliane bleibt derweil an Land und beobachtet mit dem Feldstecher die vorbeiziehenden Schweinswale. Leider hat es nur eine kleine Finne auf ein Foto geschafft.<\/p>\n\n\n\n<figure class=\"wp-block-gallery has-nested-images columns-default is-cropped wp-block-gallery-5 is-layout-flex wp-block-gallery-is-layout-flex\">\n<figure class=\"wp-block-image size-large\"><a href=\"https:\/\/velo.nomaden.be\/wp-content\/uploads\/2023\/08\/DSC05307.jpg\"><img loading=\"lazy\" decoding=\"async\" width=\"1024\" height=\"683\" data-id=\"931\" src=\"https:\/\/velo.nomaden.be\/wp-content\/uploads\/2023\/08\/DSC05307-1024x683.jpg\" alt=\"Finde den Schweinswal\" class=\"wp-image-931\" srcset=\"https:\/\/velo.nomaden.be\/wp-content\/uploads\/2023\/08\/DSC05307-1024x683.jpg 1024w, https:\/\/velo.nomaden.be\/wp-content\/uploads\/2023\/08\/DSC05307-300x200.jpg 300w, https:\/\/velo.nomaden.be\/wp-content\/uploads\/2023\/08\/DSC05307-768x512.jpg 768w, https:\/\/velo.nomaden.be\/wp-content\/uploads\/2023\/08\/DSC05307-1536x1024.jpg 1536w, https:\/\/velo.nomaden.be\/wp-content\/uploads\/2023\/08\/DSC05307.jpg 1920w\" sizes=\"auto, (max-width: 1024px) 100vw, 1024px\" \/><\/a><figcaption class=\"wp-element-caption\">Finde den Schweinswal<\/figcaption><\/figure>\n<\/figure>\n\n\n\n<p><\/p>\n\n\n\n<p>In Bagenkop verbringen wir die Nacht wiederum auf dem Camping. Hier gibts freie Platzwahl (O-Ton Schild: Such dir einen Platz. Der Platzwart kommt zu dir und kassiert ein). Wir finden einen erh\u00f6hten Platz mit Aussicht und geniessen das Znacht vor unserem Zelt mit Blick aufs Meer. Der Platzwart findet uns resp. wir ihn beim Abwaschen. Es gibt Bier und Grillade f\u00fcr seine Helfer, die bei der Renovation des Daches des Wirtschaftsgeb\u00e4udes anpacken. Bis sp\u00e4t am Abend h\u00f6ren wir deutschen Schlager und die Mannschaft singt kr\u00e4ftig mit. <\/p>\n\n\n\n<p>Unser Zelt hat den n\u00e4chtlichen Starkregen (und den Schlager) gut \u00fcberstanden. Der n\u00e4chste Morgen ist eine Wiederholung der vorangegangenen; schon bald lockern die Wolken auf und w\u00e4hrend das Zelt trocknet, fr\u00fchst\u00fccken wir an der Sonne.<\/p>\n\n\n\n<p>Auf der Fahrt in den Norden landen wir unverhofft in einem Radrennen. Die Strassen sind nicht gesperrt und so fahren wir mit den G\u00fcmmeler mit. Wir werden auch ab und zu von den Zuschauer:innen angefeuert. Die Route verlangt den Fahrer:innen und uns einiges ab, kurz vor Rudk\u00f8bing gibt es noch single trails durch den regenfeuchten Wald. <\/p>\n\n\n\n<p>Nun liegen noch zwei Br\u00fccken zwischen uns und F\u00fcnen. \u00dcber ca. 10 Kilometer f\u00fchrt der Radweg direkt der Hauptstrasse entlang, bevor wir dann in Lundby auf die &#8222;scenic route&#8220; ausweichen k\u00f6nnen.<\/p>\n\n\n\n<p>Die Inseln Falster, Lolland, Langeland und T\u00e5singe sind gepr\u00e4gt von schmucken D\u00f6rfern, herzigen kleinen Riegbauh\u00e4usern mit Strohd\u00e4chern, sanften H\u00fcgeln, sch\u00f6nen W\u00e4ldern und immer wieder Seen und Meer. Nicht selten f\u00fchlen wir uns wie in Tolkiens Auenland. <\/p>\n\n\n\n<p>Nun freuen wir uns nach zwei Wochen endlich mal wieder in einem richtigen Bett zu schlafen. In Svendborg verbringen wir zwei N\u00e4chte im Hotel, bevor unsere Radtour \u00fcber die Insel F\u00fcnen weiter geht.<\/p>\n","protected":false},"excerpt":{"rendered":"<p>Eigentlich h\u00e4tten wir in Rostock gerne mal wieder in einem Bett geschlafen. Aber unser Hotel der Wahl ist ausgebucht. Das ist nicht weiter schlimm, denn wir sind gegen Mittag in Rostock (R\u00fcckenwind?) und von hier fahren regelm\u00e4ssig F\u00e4hren nach Gedser, auf der d\u00e4nischen Insel Falster. Anders als vor 12 Jahren, auf unserer ersten Velotour durch [&hellip;]<\/p>\n","protected":false},"author":1,"featured_media":0,"comment_status":"closed","ping_status":"closed","sticky":false,"template":"","format":"standard","meta":{"footnotes":""},"categories":[17,16],"tags":[],"class_list":["post-918","post","type-post","status-publish","format-standard","hentry","category-de-dk","category-europa","gallery-content-unit"],"_links":{"self":[{"href":"https:\/\/velo.nomaden.be\/index.php\/wp-json\/wp\/v2\/posts\/918","targetHints":{"allow":["GET"]}}],"collection":[{"href":"https:\/\/velo.nomaden.be\/index.php\/wp-json\/wp\/v2\/posts"}],"about":[{"href":"https:\/\/velo.nomaden.be\/index.php\/wp-json\/wp\/v2\/types\/post"}],"author":[{"embeddable":true,"href":"https:\/\/velo.nomaden.be\/index.php\/wp-json\/wp\/v2\/users\/1"}],"replies":[{"embeddable":true,"href":"https:\/\/velo.nomaden.be\/index.php\/wp-json\/wp\/v2\/comments?post=918"}],"version-history":[{"count":7,"href":"https:\/\/velo.nomaden.be\/index.php\/wp-json\/wp\/v2\/posts\/918\/revisions"}],"predecessor-version":[{"id":995,"href":"https:\/\/velo.nomaden.be\/index.php\/wp-json\/wp\/v2\/posts\/918\/revisions\/995"}],"wp:attachment":[{"href":"https:\/\/velo.nomaden.be\/index.php\/wp-json\/wp\/v2\/media?parent=918"}],"wp:term":[{"taxonomy":"category","embeddable":true,"href":"https:\/\/velo.nomaden.be\/index.php\/wp-json\/wp\/v2\/categories?post=918"},{"taxonomy":"post_tag","embeddable":true,"href":"https:\/\/velo.nomaden.be\/index.php\/wp-json\/wp\/v2\/tags?post=918"}],"curies":[{"name":"wp","href":"https:\/\/api.w.org\/{rel}","templated":true}]}}