{"id":899,"date":"2023-08-21T18:59:11","date_gmt":"2023-08-21T16:59:11","guid":{"rendered":"https:\/\/velo.nomaden.be\/?p=899"},"modified":"2023-09-18T16:01:39","modified_gmt":"2023-09-18T14:01:39","slug":"mecklenburgerische-seenplatte","status":"publish","type":"post","link":"https:\/\/velo.nomaden.be\/index.php\/2023\/08\/21\/mecklenburgerische-seenplatte\/","title":{"rendered":"Mecklenburgerische Seenplatte"},"content":{"rendered":"\n<p>Nach 8 Tagen am CCCamp ziehen wir weiter.<\/p>\n\n\n\n<p>Wir fahren sp\u00e4t los (die N\u00e4chte waren kurz) und halten bereits am n\u00e4chsten Ort abrupt wieder an. Eliane entdeckt am Wegrand einen Stand mit frischen Eierschw\u00fcmmli und Tomaten. Unser Menuplan ist gesetzt.<\/p>\n\n\n\n<p>Wir sind froh um die brandenburgischen W\u00e4lder. Es ist \u00fcber 30\u00b0C warm. In F\u00fcrstenberg\/Havel machen wir eine sp\u00e4te Mittagsrast und planen eigentlich auch gleich hier zu \u00fcbernachten. F\u00fcr den Abend ist auf dem Gel\u00e4nde neben dem Campingplatz eine Halli Galli Party (O-Ton Plakat) angesagt. Auf das haben wir definitiv keine Lust. Nach einem kurzen Mittagsschlaf schwingen wir uns nochmals auf die R\u00e4der und sind schon bald in Mecklenburg-Vorpommern.<\/p>\n\n\n\n<p>Auf dem <a rel=\"noreferrer noopener\" href=\"https:\/\/kanuhof-wustrow.de\/\" data-type=\"link\" data-id=\"https:\/\/kanuhof-wustrow.de\/\" target=\"_blank\">Kanuhof<\/a> Camping in Wustrow f\u00fchlen wir uns sofort wohl. Er ist klein aber fein. Kanuten und Velofahrer:innen scheinen \u00e4hnliche Bed\u00fcrfnisse zu haben. Unweit vom Camping hat es einen Badestrand. Wir geniessen das Bad im See nach diesem heissen Tag sehr. Noch fast mehr geniessen wir die Dusche, die wir nicht mit 6000 anderen Menschen teilen m\u00fcssen. Bei k\u00fchlen Bier und feinem Essen lassen wir den Tag ausklingen.<\/p>\n\n\n\n<figure class=\"wp-block-image size-large is-style-default\"><img loading=\"lazy\" decoding=\"async\" width=\"683\" height=\"1024\" src=\"https:\/\/velo.nomaden.be\/wp-content\/uploads\/2023\/08\/DSC05239-683x1024.jpg\" alt=\"Eierschw\u00fcmmli mit Fonio\" class=\"wp-image-900\" srcset=\"https:\/\/velo.nomaden.be\/wp-content\/uploads\/2023\/08\/DSC05239-683x1024.jpg 683w, https:\/\/velo.nomaden.be\/wp-content\/uploads\/2023\/08\/DSC05239-200x300.jpg 200w, https:\/\/velo.nomaden.be\/wp-content\/uploads\/2023\/08\/DSC05239-768x1152.jpg 768w, https:\/\/velo.nomaden.be\/wp-content\/uploads\/2023\/08\/DSC05239-1024x1536.jpg 1024w, https:\/\/velo.nomaden.be\/wp-content\/uploads\/2023\/08\/DSC05239.jpg 1280w\" sizes=\"auto, (max-width: 683px) 100vw, 683px\" \/><\/figure>\n\n\n\n<p><\/p>\n\n\n\n<p>Am Morgen begr\u00fcsst uns wieder die Sonne. Geplant ist eigentlich, dass wir der Eurovelo7 resp. der Route Berlin-Kopenhagen weiter folgen. Das gelingt uns knapp einen Kilometer. Dann verpassen wir offenbar einen Wegweiser. Das bemerken wir aber erst viel sp\u00e4ter und ist auch nicht weiter schlimm. Wir fahren jetzt einfach eine andere Route durch den <a rel=\"noreferrer noopener\" href=\"https:\/\/www.mueritz-nationalpark.de\/\" data-type=\"link\" data-id=\"https:\/\/www.mueritz-nationalpark.de\/\" target=\"_blank\">Nationalpark M\u00fcritz<\/a>. Wundersch\u00f6n ist diese Route allemal. Unsere Tagesetappe endet in Jabel. Dort schliesst die Reception des Campingplatzes tats\u00e4chlich schon um 16 Uhr. Zum Gl\u00fcck d\u00fcrfen wir unser Zelt im Bootshafen aufschlagen, dort ist auch um 17:30 Uhr noch wer vor Ort. Und es gibt auch hier einen Zugang zum Badestrand. Beim Kochen am Abend stellen wir fest, dass der Baum \u00fcber unserem Zelt \u00e4usserst beliebt ist. Kurz \u00fcberlegen wir, ober wir das Zelt wegen der vielen V\u00f6gel noch umstellen sollen. Wir lassen es vorerst bleiben.<\/p>\n\n\n\n<figure class=\"wp-block-gallery has-nested-images columns-default is-cropped wp-block-gallery-1 is-layout-flex wp-block-gallery-is-layout-flex\">\n<figure class=\"wp-block-image size-large\"><a href=\"https:\/\/velo.nomaden.be\/wp-content\/uploads\/2023\/08\/DSC05245.jpg\"><img loading=\"lazy\" decoding=\"async\" width=\"683\" height=\"1024\" data-id=\"902\" src=\"https:\/\/velo.nomaden.be\/wp-content\/uploads\/2023\/08\/DSC05245-683x1024.jpg\" alt=\"Blick auf den Mirower Kanal\" class=\"wp-image-902\" srcset=\"https:\/\/velo.nomaden.be\/wp-content\/uploads\/2023\/08\/DSC05245-683x1024.jpg 683w, https:\/\/velo.nomaden.be\/wp-content\/uploads\/2023\/08\/DSC05245-200x300.jpg 200w, https:\/\/velo.nomaden.be\/wp-content\/uploads\/2023\/08\/DSC05245-768x1152.jpg 768w, https:\/\/velo.nomaden.be\/wp-content\/uploads\/2023\/08\/DSC05245-1024x1536.jpg 1024w, https:\/\/velo.nomaden.be\/wp-content\/uploads\/2023\/08\/DSC05245.jpg 1280w\" sizes=\"auto, (max-width: 683px) 100vw, 683px\" \/><\/a><\/figure>\n\n\n\n<figure class=\"wp-block-image size-large\"><a href=\"https:\/\/velo.nomaden.be\/wp-content\/uploads\/2023\/08\/DSC05243.jpg\"><img loading=\"lazy\" decoding=\"async\" width=\"683\" height=\"1024\" data-id=\"903\" src=\"https:\/\/velo.nomaden.be\/wp-content\/uploads\/2023\/08\/DSC05243-683x1024.jpg\" alt=\"Radweg \u00fcber die alte  Eisenbahnbr\u00fccke am Mirower Kanal\" class=\"wp-image-903\" srcset=\"https:\/\/velo.nomaden.be\/wp-content\/uploads\/2023\/08\/DSC05243-683x1024.jpg 683w, https:\/\/velo.nomaden.be\/wp-content\/uploads\/2023\/08\/DSC05243-200x300.jpg 200w, https:\/\/velo.nomaden.be\/wp-content\/uploads\/2023\/08\/DSC05243-768x1152.jpg 768w, https:\/\/velo.nomaden.be\/wp-content\/uploads\/2023\/08\/DSC05243-1024x1536.jpg 1024w, https:\/\/velo.nomaden.be\/wp-content\/uploads\/2023\/08\/DSC05243.jpg 1280w\" sizes=\"auto, (max-width: 683px) 100vw, 683px\" \/><\/a><\/figure>\n<\/figure>\n\n\n\n<p><\/p>\n\n\n\n<p>Das Erwachen am Morgen ist etwas weniger sch\u00f6n als gestern. Unser Zelt ist voll mit Vogelkacke und Lorenz verbraucht unsere Notfall-Klopapierrolle f\u00fcr das Wegputzen. Ersatz f\u00fcr die Rolle erhalten wir vom Hafenwart. Heute verfahren wir uns nicht. Und auch unser liebstes zweites Fr\u00fchst\u00fcck gibt es. In Krakow am See finden wir auf Anhieb eine B\u00e4ckerei mit leckerem Mohnkuchen und Marzipanecken. Regionales dunkles Roggenbrot k\u00f6nnen wir auch noch kaufen. In B\u00fctzow am See finden wir wieder einen <a rel=\"noreferrer noopener\" href=\"https:\/\/kanu-camping-warnow.de\/\" data-type=\"link\" data-id=\"https:\/\/kanu-camping-warnow.de\/\" target=\"_blank\">Kanucamping<\/a>. Vom Campingplatz f\u00fchrt ein Steg direkt zum See. Das Wasser ist angenehm warm. Hier endet nun unsere Tour durch MeckPomm. Morgen gehts weiter nach Rostock auf die F\u00e4hre nach D\u00e4nemark.<\/p>\n\n\n\n<figure class=\"wp-block-gallery has-nested-images columns-default is-cropped wp-block-gallery-2 is-layout-flex wp-block-gallery-is-layout-flex\">\n<figure class=\"wp-block-image size-large\"><a href=\"https:\/\/velo.nomaden.be\/wp-content\/uploads\/2023\/08\/DSC05254.jpg\"><img loading=\"lazy\" decoding=\"async\" width=\"683\" height=\"1024\" data-id=\"906\" src=\"https:\/\/velo.nomaden.be\/wp-content\/uploads\/2023\/08\/DSC05254-683x1024.jpg\" alt=\"Rastplatz an der alten Buche\" class=\"wp-image-906\" srcset=\"https:\/\/velo.nomaden.be\/wp-content\/uploads\/2023\/08\/DSC05254-683x1024.jpg 683w, https:\/\/velo.nomaden.be\/wp-content\/uploads\/2023\/08\/DSC05254-200x300.jpg 200w, https:\/\/velo.nomaden.be\/wp-content\/uploads\/2023\/08\/DSC05254-768x1152.jpg 768w, https:\/\/velo.nomaden.be\/wp-content\/uploads\/2023\/08\/DSC05254-1024x1536.jpg 1024w, https:\/\/velo.nomaden.be\/wp-content\/uploads\/2023\/08\/DSC05254.jpg 1280w\" sizes=\"auto, (max-width: 683px) 100vw, 683px\" \/><\/a><\/figure>\n\n\n\n<figure class=\"wp-block-image size-large\"><a href=\"https:\/\/velo.nomaden.be\/wp-content\/uploads\/2023\/08\/DSC05253.jpg\"><img loading=\"lazy\" decoding=\"async\" width=\"683\" height=\"1024\" data-id=\"908\" src=\"https:\/\/velo.nomaden.be\/wp-content\/uploads\/2023\/08\/DSC05253-683x1024.jpg\" alt=\"200 Jahre alte Buche\" class=\"wp-image-908\" srcset=\"https:\/\/velo.nomaden.be\/wp-content\/uploads\/2023\/08\/DSC05253-683x1024.jpg 683w, https:\/\/velo.nomaden.be\/wp-content\/uploads\/2023\/08\/DSC05253-200x300.jpg 200w, https:\/\/velo.nomaden.be\/wp-content\/uploads\/2023\/08\/DSC05253-768x1152.jpg 768w, https:\/\/velo.nomaden.be\/wp-content\/uploads\/2023\/08\/DSC05253-1024x1536.jpg 1024w, https:\/\/velo.nomaden.be\/wp-content\/uploads\/2023\/08\/DSC05253.jpg 1280w\" sizes=\"auto, (max-width: 683px) 100vw, 683px\" \/><\/a><\/figure>\n\n\n\n<figure class=\"wp-block-image size-large\"><a href=\"https:\/\/velo.nomaden.be\/wp-content\/uploads\/2023\/08\/DSC05262.jpg\"><img loading=\"lazy\" decoding=\"async\" width=\"683\" height=\"1024\" data-id=\"905\" src=\"https:\/\/velo.nomaden.be\/wp-content\/uploads\/2023\/08\/DSC05262-683x1024.jpg\" alt=\"Steg beim Camping B\u00fctzow\" class=\"wp-image-905\" srcset=\"https:\/\/velo.nomaden.be\/wp-content\/uploads\/2023\/08\/DSC05262-683x1024.jpg 683w, https:\/\/velo.nomaden.be\/wp-content\/uploads\/2023\/08\/DSC05262-200x300.jpg 200w, https:\/\/velo.nomaden.be\/wp-content\/uploads\/2023\/08\/DSC05262-768x1152.jpg 768w, https:\/\/velo.nomaden.be\/wp-content\/uploads\/2023\/08\/DSC05262-1024x1536.jpg 1024w, https:\/\/velo.nomaden.be\/wp-content\/uploads\/2023\/08\/DSC05262.jpg 1280w\" sizes=\"auto, (max-width: 683px) 100vw, 683px\" \/><\/a><\/figure>\n\n\n\n<figure class=\"wp-block-image size-large\"><a href=\"https:\/\/velo.nomaden.be\/wp-content\/uploads\/2023\/08\/DSC05261.jpg\"><img loading=\"lazy\" decoding=\"async\" width=\"1024\" height=\"683\" data-id=\"904\" src=\"https:\/\/velo.nomaden.be\/wp-content\/uploads\/2023\/08\/DSC05261-1024x683.jpg\" alt=\"B\u00fctzow am See\" class=\"wp-image-904\" srcset=\"https:\/\/velo.nomaden.be\/wp-content\/uploads\/2023\/08\/DSC05261-1024x683.jpg 1024w, https:\/\/velo.nomaden.be\/wp-content\/uploads\/2023\/08\/DSC05261-300x200.jpg 300w, https:\/\/velo.nomaden.be\/wp-content\/uploads\/2023\/08\/DSC05261-768x512.jpg 768w, https:\/\/velo.nomaden.be\/wp-content\/uploads\/2023\/08\/DSC05261-1536x1024.jpg 1536w, https:\/\/velo.nomaden.be\/wp-content\/uploads\/2023\/08\/DSC05261.jpg 1920w\" sizes=\"auto, (max-width: 1024px) 100vw, 1024px\" \/><\/a><\/figure>\n\n\n\n<figure class=\"wp-block-image size-large\"><a href=\"https:\/\/velo.nomaden.be\/wp-content\/uploads\/2023\/08\/DSC05255.jpg\"><img loading=\"lazy\" decoding=\"async\" width=\"1024\" height=\"683\" data-id=\"907\" src=\"https:\/\/velo.nomaden.be\/wp-content\/uploads\/2023\/08\/DSC05255-1024x683.jpg\" alt=\"Zeltplatz B\u00fctzow\" class=\"wp-image-907\" srcset=\"https:\/\/velo.nomaden.be\/wp-content\/uploads\/2023\/08\/DSC05255-1024x683.jpg 1024w, https:\/\/velo.nomaden.be\/wp-content\/uploads\/2023\/08\/DSC05255-300x200.jpg 300w, https:\/\/velo.nomaden.be\/wp-content\/uploads\/2023\/08\/DSC05255-768x512.jpg 768w, https:\/\/velo.nomaden.be\/wp-content\/uploads\/2023\/08\/DSC05255-1536x1024.jpg 1536w, https:\/\/velo.nomaden.be\/wp-content\/uploads\/2023\/08\/DSC05255.jpg 1920w\" sizes=\"auto, (max-width: 1024px) 100vw, 1024px\" \/><\/a><\/figure>\n<\/figure>\n\n\n\n<p><\/p>\n","protected":false},"excerpt":{"rendered":"<p>Nach 8 Tagen am CCCamp ziehen wir weiter. Wir fahren sp\u00e4t los (die N\u00e4chte waren kurz) und halten bereits am n\u00e4chsten Ort abrupt wieder an. Eliane entdeckt am Wegrand einen Stand mit frischen Eierschw\u00fcmmli und Tomaten. Unser Menuplan ist gesetzt. Wir sind froh um die brandenburgischen W\u00e4lder. Es ist \u00fcber 30\u00b0C warm. In F\u00fcrstenberg\/Havel machen [&hellip;]<\/p>\n","protected":false},"author":1,"featured_media":0,"comment_status":"closed","ping_status":"closed","sticky":false,"template":"","format":"standard","meta":{"footnotes":""},"categories":[17,16],"tags":[],"class_list":["post-899","post","type-post","status-publish","format-standard","hentry","category-de-dk","category-europa","gallery-content-unit"],"_links":{"self":[{"href":"https:\/\/velo.nomaden.be\/index.php\/wp-json\/wp\/v2\/posts\/899","targetHints":{"allow":["GET"]}}],"collection":[{"href":"https:\/\/velo.nomaden.be\/index.php\/wp-json\/wp\/v2\/posts"}],"about":[{"href":"https:\/\/velo.nomaden.be\/index.php\/wp-json\/wp\/v2\/types\/post"}],"author":[{"embeddable":true,"href":"https:\/\/velo.nomaden.be\/index.php\/wp-json\/wp\/v2\/users\/1"}],"replies":[{"embeddable":true,"href":"https:\/\/velo.nomaden.be\/index.php\/wp-json\/wp\/v2\/comments?post=899"}],"version-history":[{"count":4,"href":"https:\/\/velo.nomaden.be\/index.php\/wp-json\/wp\/v2\/posts\/899\/revisions"}],"predecessor-version":[{"id":996,"href":"https:\/\/velo.nomaden.be\/index.php\/wp-json\/wp\/v2\/posts\/899\/revisions\/996"}],"wp:attachment":[{"href":"https:\/\/velo.nomaden.be\/index.php\/wp-json\/wp\/v2\/media?parent=899"}],"wp:term":[{"taxonomy":"category","embeddable":true,"href":"https:\/\/velo.nomaden.be\/index.php\/wp-json\/wp\/v2\/categories?post=899"},{"taxonomy":"post_tag","embeddable":true,"href":"https:\/\/velo.nomaden.be\/index.php\/wp-json\/wp\/v2\/tags?post=899"}],"curies":[{"name":"wp","href":"https:\/\/api.w.org\/{rel}","templated":true}]}}