{"id":868,"date":"2023-08-17T16:25:00","date_gmt":"2023-08-17T14:25:00","guid":{"rendered":"https:\/\/velo.nomaden.be\/?p=868"},"modified":"2023-09-18T16:02:31","modified_gmt":"2023-09-18T14:02:31","slug":"guten-morgen-berlin","status":"publish","type":"post","link":"https:\/\/velo.nomaden.be\/index.php\/2023\/08\/17\/guten-morgen-berlin\/","title":{"rendered":"Guten Morgen Berlin"},"content":{"rendered":"\n<p>Tag 0 von unserer diesj\u00e4hrigen Reise ist ungeplant hektisch. Kurz vor 19 Uhr sind wir endlich startklar und fahren die ersten Kilometer nach Bern. Von da gehts mit dem Intercity nach Basel. F\u00fcr das Umsteigen auf den Nachtzug nach Berlin haben wir eigentlich genug Zeit eingeplant. Dennoch wirds pl\u00f6tzlich eng. Die R\u00e4der schlafen zwei Waggons weiter. Entsprechend muss das ganze Gep\u00e4ck an einem Ort verstaut und dann die R\u00e4der noch im anderen Wagen versorgt werden. Und ein Bier f\u00fcr die Zugfahrt muss auch noch gekauft werden&#8230;<\/p>\n\n\n\n<p>Wer l\u00e4nger schlafen will, bestellt im Nachtzug das Fr\u00fchst\u00fcck ab. Ausgeschlafen kommen wir in Berlin an, beladen unserer Velos und finden auf Anhieb den Beginn unseres Radwegs aus der Stadt. \u00dcber die ersten 15 Kilometer fahren wir einem Kanal entlang durch st\u00e4dtische Naherholungsgebiete und Wohnquartiere. In Spandau f\u00fchrt der Weg direkt an einer B\u00e4ckerei mit Caf\u00e9 vorbei. Hier gibt&#8217;s endlich Fr\u00fchst\u00fcck.<\/p>\n\n\n\n<p>Nach dem Fr\u00fchst\u00fcck f\u00fchrt der Radweg langsam aus dem Siedlungsgebiet der Grossstadt heraus. In Oranienburg f\u00fcllen wir unsere Vorr\u00e4te an Wasser, Essen und Geld auf. Kurz nach der Stadt finden wir ein sch\u00f6nes Mittagspl\u00e4tzchen am Lehnitzsee. Nach dem Essen und einem kurzen Mittagsschlaf werden wir vom ersten Gewitterschauer \u00fcberrascht. So schnell wie der Regen gekommen ist, ist er aber auch schon wieder weitergezogen.<\/p>\n\n\n\n<figure class=\"wp-block-gallery has-nested-images columns-default is-cropped wp-block-gallery-1 is-layout-flex wp-block-gallery-is-layout-flex\">\n<figure class=\"wp-block-image size-large\"><a href=\"https:\/\/velo.nomaden.be\/wp-content\/uploads\/2023\/08\/DSC05162.jpg\"><img loading=\"lazy\" decoding=\"async\" width=\"1024\" height=\"683\" data-id=\"870\" src=\"https:\/\/velo.nomaden.be\/wp-content\/uploads\/2023\/08\/DSC05162-1024x683.jpg\" alt=\"Blick \u00fcber den Lehnitzsee\" class=\"wp-image-870\" srcset=\"https:\/\/velo.nomaden.be\/wp-content\/uploads\/2023\/08\/DSC05162-1024x683.jpg 1024w, https:\/\/velo.nomaden.be\/wp-content\/uploads\/2023\/08\/DSC05162-300x200.jpg 300w, https:\/\/velo.nomaden.be\/wp-content\/uploads\/2023\/08\/DSC05162-768x512.jpg 768w, https:\/\/velo.nomaden.be\/wp-content\/uploads\/2023\/08\/DSC05162-1536x1024.jpg 1536w, https:\/\/velo.nomaden.be\/wp-content\/uploads\/2023\/08\/DSC05162.jpg 1920w\" sizes=\"auto, (max-width: 1024px) 100vw, 1024px\" \/><\/a><\/figure>\n<\/figure>\n\n\n\n<p><\/p>\n\n\n\n<p>Der Radweg f\u00fchrt nun mehrheitlich durch Wald und an der Havel entlang. Im Wald \u00fcberrascht uns dann auch der n\u00e4chste Schauer. Bis wir die Regenjacken aus den Packtaschen gefischt haben nieselt es nur noch. In den Jacken f\u00fchlt es sich an wie in der Sauna. Sie verschwinden schon bald wieder im Gep\u00e4ck.<\/p>\n\n\n\n<figure class=\"wp-block-gallery has-nested-images columns-default is-cropped wp-block-gallery-2 is-layout-flex wp-block-gallery-is-layout-flex\">\n<figure class=\"wp-block-image size-large\"><a href=\"https:\/\/velo.nomaden.be\/wp-content\/uploads\/2023\/08\/DSC05165.jpg\"><img loading=\"lazy\" decoding=\"async\" width=\"683\" height=\"1024\" data-id=\"871\" src=\"https:\/\/velo.nomaden.be\/wp-content\/uploads\/2023\/08\/DSC05165-683x1024.jpg\" alt=\"Radweg durch den Wald\" class=\"wp-image-871\" srcset=\"https:\/\/velo.nomaden.be\/wp-content\/uploads\/2023\/08\/DSC05165-683x1024.jpg 683w, https:\/\/velo.nomaden.be\/wp-content\/uploads\/2023\/08\/DSC05165-200x300.jpg 200w, https:\/\/velo.nomaden.be\/wp-content\/uploads\/2023\/08\/DSC05165-768x1152.jpg 768w, https:\/\/velo.nomaden.be\/wp-content\/uploads\/2023\/08\/DSC05165-1024x1536.jpg 1024w, https:\/\/velo.nomaden.be\/wp-content\/uploads\/2023\/08\/DSC05165.jpg 1280w\" sizes=\"auto, (max-width: 683px) 100vw, 683px\" \/><\/a><\/figure>\n<\/figure>\n\n\n\n<p><\/p>\n\n\n\n<p>In Zehdenick st\u00e4rken wir uns im Kloster Caf\u00e9 mit Kaffee und Kuchen. Bis hier haben wir schon \u00fcber 80 Kilometer in den Beinen und wir m\u00fcssen noch knapp 10 Kilometer weiterfahren bis zu unserem Etappenziel.<\/p>\n\n\n\n<figure class=\"wp-block-gallery has-nested-images columns-default is-cropped wp-block-gallery-3 is-layout-flex wp-block-gallery-is-layout-flex\">\n<figure class=\"wp-block-image size-large\"><a href=\"https:\/\/velo.nomaden.be\/wp-content\/uploads\/2023\/08\/DSC05169.jpg\" target=\"_blank\" rel=\"noopener\"><img loading=\"lazy\" decoding=\"async\" width=\"683\" height=\"1024\" data-id=\"872\" src=\"https:\/\/velo.nomaden.be\/wp-content\/uploads\/2023\/08\/DSC05169-683x1024.jpg\" alt=\"Murals von Zehdenick\" class=\"wp-image-872\" srcset=\"https:\/\/velo.nomaden.be\/wp-content\/uploads\/2023\/08\/DSC05169-683x1024.jpg 683w, https:\/\/velo.nomaden.be\/wp-content\/uploads\/2023\/08\/DSC05169-200x300.jpg 200w, https:\/\/velo.nomaden.be\/wp-content\/uploads\/2023\/08\/DSC05169-768x1152.jpg 768w, https:\/\/velo.nomaden.be\/wp-content\/uploads\/2023\/08\/DSC05169-1024x1536.jpg 1024w, https:\/\/velo.nomaden.be\/wp-content\/uploads\/2023\/08\/DSC05169.jpg 1280w\" sizes=\"auto, (max-width: 683px) 100vw, 683px\" \/><\/a><\/figure>\n\n\n\n<figure class=\"wp-block-image size-large\"><a href=\"https:\/\/velo.nomaden.be\/wp-content\/uploads\/2023\/08\/DSC05171.jpg\" target=\"_blank\" rel=\"noopener\"><img loading=\"lazy\" decoding=\"async\" width=\"1024\" height=\"683\" data-id=\"873\" src=\"https:\/\/velo.nomaden.be\/wp-content\/uploads\/2023\/08\/DSC05171-1024x683.jpg\" alt=\"Murals von Zehdenick\" class=\"wp-image-873\" srcset=\"https:\/\/velo.nomaden.be\/wp-content\/uploads\/2023\/08\/DSC05171-1024x683.jpg 1024w, https:\/\/velo.nomaden.be\/wp-content\/uploads\/2023\/08\/DSC05171-300x200.jpg 300w, https:\/\/velo.nomaden.be\/wp-content\/uploads\/2023\/08\/DSC05171-768x512.jpg 768w, https:\/\/velo.nomaden.be\/wp-content\/uploads\/2023\/08\/DSC05171-1536x1024.jpg 1536w, https:\/\/velo.nomaden.be\/wp-content\/uploads\/2023\/08\/DSC05171.jpg 1920w\" sizes=\"auto, (max-width: 1024px) 100vw, 1024px\" \/><\/a><\/figure>\n<\/figure>\n\n\n\n<p><\/p>\n","protected":false},"excerpt":{"rendered":"<p>Tag 0 von unserer diesj\u00e4hrigen Reise ist ungeplant hektisch. Kurz vor 19 Uhr sind wir endlich startklar und fahren die ersten Kilometer nach Bern. Von da gehts mit dem Intercity nach Basel. F\u00fcr das Umsteigen auf den Nachtzug nach Berlin haben wir eigentlich genug Zeit eingeplant. Dennoch wirds pl\u00f6tzlich eng. Die R\u00e4der schlafen zwei Waggons [&hellip;]<\/p>\n","protected":false},"author":1,"featured_media":0,"comment_status":"closed","ping_status":"closed","sticky":false,"template":"","format":"standard","meta":{"footnotes":""},"categories":[17,16],"tags":[],"class_list":["post-868","post","type-post","status-publish","format-standard","hentry","category-de-dk","category-europa","gallery-content-unit"],"_links":{"self":[{"href":"https:\/\/velo.nomaden.be\/index.php\/wp-json\/wp\/v2\/posts\/868","targetHints":{"allow":["GET"]}}],"collection":[{"href":"https:\/\/velo.nomaden.be\/index.php\/wp-json\/wp\/v2\/posts"}],"about":[{"href":"https:\/\/velo.nomaden.be\/index.php\/wp-json\/wp\/v2\/types\/post"}],"author":[{"embeddable":true,"href":"https:\/\/velo.nomaden.be\/index.php\/wp-json\/wp\/v2\/users\/1"}],"replies":[{"embeddable":true,"href":"https:\/\/velo.nomaden.be\/index.php\/wp-json\/wp\/v2\/comments?post=868"}],"version-history":[{"count":6,"href":"https:\/\/velo.nomaden.be\/index.php\/wp-json\/wp\/v2\/posts\/868\/revisions"}],"predecessor-version":[{"id":997,"href":"https:\/\/velo.nomaden.be\/index.php\/wp-json\/wp\/v2\/posts\/868\/revisions\/997"}],"wp:attachment":[{"href":"https:\/\/velo.nomaden.be\/index.php\/wp-json\/wp\/v2\/media?parent=868"}],"wp:term":[{"taxonomy":"category","embeddable":true,"href":"https:\/\/velo.nomaden.be\/index.php\/wp-json\/wp\/v2\/categories?post=868"},{"taxonomy":"post_tag","embeddable":true,"href":"https:\/\/velo.nomaden.be\/index.php\/wp-json\/wp\/v2\/tags?post=868"}],"curies":[{"name":"wp","href":"https:\/\/api.w.org\/{rel}","templated":true}]}}