{"id":849,"date":"2023-05-29T20:00:00","date_gmt":"2023-05-29T18:00:00","guid":{"rendered":"https:\/\/velo.nomaden.be\/?p=849"},"modified":"2023-08-15T14:48:44","modified_gmt":"2023-08-15T12:48:44","slug":"wiiter-am-rhy-entlang","status":"publish","type":"post","link":"https:\/\/velo.nomaden.be\/index.php\/2023\/05\/29\/wiiter-am-rhy-entlang\/","title":{"rendered":"Wiiter am Rhy entlang"},"content":{"rendered":"\n<p>Die Wetterprognose f\u00fcr Pfingsten verspricht sch\u00f6nes und warmes Wetter. Ideal um die Velosaison mit einer mehrt\u00e4gigen Tour zu er\u00f6ffnen. Im Herbst 2020 haben wir mit der Rheinroute (<a href=\"https:\/\/de.eurovelo.com\/ev15\" data-type=\"link\" data-id=\"https:\/\/de.eurovelo.com\/ev15\">EuroVelo 15<\/a>) begonnen. Weil Eliane sowieso noch einen <a href=\"https:\/\/www.justpedal.nl\/en\/multiposition-handlebar\/1092-jones-h-bar-loop-710-aluminium.html\">Lenker<\/a> in L\u00fcssingen testen gehen will, dr\u00e4ngt sich eine Weiterfahrt auf dieser auf.<\/p>\n\n\n\n<p>Mit dem Zug fahren wir am Freitag \u00fcber St. Gallen nach Altst\u00e4tten (Achtung: <a href=\"https:\/\/www.sbb.ch\/de\/fahrplan\/reisehinweise\/velos\/so-reist-ihr-velo-mit-ihnen.html\">Reservationspflicht<\/a> f\u00fcr Velos in ICs am Wochenende von Ende M\u00e4rz bis Ende Oktober). Zwar haben die neuen ICs nicht \u00fcberm\u00e4ssig viele Stellpl\u00e4tze f\u00fcr R\u00e4der, dank der Klapphalterung f\u00fcr Skier lassen sich aber auch die Velotaschen super unterbringen ?. <\/p>\n\n\n\n<figure class=\"wp-block-image size-large\"><img loading=\"lazy\" decoding=\"async\" width=\"768\" height=\"1024\" src=\"https:\/\/velo.nomaden.be\/wp-content\/uploads\/2023\/08\/2023-05-26-10-34-42-916-768x1024.jpg\" alt=\"Velostellplatz im neuen IC der SBB\" class=\"wp-image-850\" srcset=\"https:\/\/velo.nomaden.be\/wp-content\/uploads\/2023\/08\/2023-05-26-10-34-42-916-768x1024.jpg 768w, https:\/\/velo.nomaden.be\/wp-content\/uploads\/2023\/08\/2023-05-26-10-34-42-916-225x300.jpg 225w, https:\/\/velo.nomaden.be\/wp-content\/uploads\/2023\/08\/2023-05-26-10-34-42-916-1152x1536.jpg 1152w, https:\/\/velo.nomaden.be\/wp-content\/uploads\/2023\/08\/2023-05-26-10-34-42-916.jpg 1440w\" sizes=\"auto, (max-width: 768px) 100vw, 768px\" \/><\/figure>\n\n\n\n<p>Der erste Halt ist schon kurz nach Altst\u00e4tten, bei <a href=\"http:\/\/www.veloundwerk.ch\/\">Velo + Werk<\/a>. Nach einem feinen Espresso und dem Kauf eines weiteren Lenkers (Eliane hat jetzt schon den Vierten), gehts in Richtung Bodensee. Der neue Lenker f\u00e4hrt aber erstmal mit auf dem Gep\u00e4cktr\u00e4ger, obwohl Eliane in nat\u00fcrlich schon gleich einweihen m\u00f6chte.<\/p>\n\n\n\n<p>Die erste Nacht wollen wir zwischen Arbon und Romanshorn unser Zelt aufschlagen. Wir m\u00fcssen also noch einiges an Kilometer radeln heute. Und wir wollen nicht allzu sp\u00e4t dort eintreffen. Das Pfingstwochenende verspricht volle Zeltpl\u00e4tze und wir haben nat\u00fcrlich wieder einmal nix reserviert. Von L\u00fcssingen fahren wir \u00fcber eine nationale <a href=\"https:\/\/schweizmobil.ch\/de\/veloland\/route-9\">Route 9<\/a> bis nach Altenrhein. Ab hier sind wir wieder auf der EuroVelo 15. Trotz leichtem Gegenwind erreichen wir <a href=\"https:\/\/www.seehorn.ch\/\">Camping Seehorn<\/a> vor der Receptionsschliessung um 18 Uhr (es ist noch nicht Hochsaison). Nebst den zwei Zeltpl\u00e4tzen (unsere Reisebegleitung wird sp\u00e4ter am Abend zu uns stossen), k\u00f6nnen wir auch noch frische Gipfeli f\u00fcrs Zmorgen bestellen und ein Ap\u00e9ro einkaufen.<\/p>\n\n\n\n<p>Der Zeltbereich ist gut gef\u00fcllt und sehr unterhaltsam. Gleich neben uns zelten zwei italienische P\u00e4rchen. Die sind mit ihren Fiat Puntos angereist, inkl. kleinen Hunden und einem riesigen Holzofen zum Pizza backen. Das Einfeuern dauert seine Zeit. Als unsere Reisebegleitung eintrifft, ist der Ofen noch immer nicht genug warm. Erst gegen 22 Uhr ist dann die perfekte Temperatur erreicht. Rauch und Pizzaduft f\u00fchrt aber immer wieder interessierte Menschen zum Ofen und der Pizzaiolo gibt gerne Auskunft.<\/p>\n\n\n\n<p>Am Samstag sind wir mitten im Bodensee-Radel-Trubel. Das lange Wochenende, das sch\u00f6ne Wetter und die einfache Route machen den Bodensee zu einem beliebten Ziel. Es gibt unz\u00e4hlige Familien, Renter:innen auf E-Bikes, Rennvelofahrer:innen und Tourenradler:innen wie wir. <\/p>\n\n\n\n<p>In Ermattingen machen wir Mittagsrast am Untersee. Das Wasser lockt schon sehr, aber wir verzichten erstmal noch auf ein Bad. <\/p>\n\n\n\n<p>Die Fahrt geht weiter \u00fcber sch\u00f6ne Felder und durch schmucke D\u00f6rfer. In Steckborn finden wir ein B\u00e4ckerei mit Caf\u00e9 und genehmigen uns Zucker und Koffein. Das Caf\u00e9 ist eine kleine Zeitreise in die 1980er\/1990er. Es gibt sogar ein PTT-M\u00fcnztelefon im Vorraum der Toiletten. Unweit des Caf\u00e9s k\u00f6nnen wir unsere Essensvorr\u00e4te in einem kleinen Dorfladen auff\u00fcllen. Frische saisonale Fr\u00fcchte und K\u00e4se inklusive. <\/p>\n\n\n\n<p>Von Steckborn gehts \u00fcber Stein am Rhein. Von da ist auch der Radweg wieder mehr oder weniger am Rhein entlang. In Diessenhofen haben wir unser Tagesziel erreicht. Hier gibt es einen kleinen <a href=\"https:\/\/bgdiessenhofen.ch\/camping\/\">Gemeindecamping<\/a> direkt am Fluss. Das bereits etwas \u00e4ltere Platzwartpaar ist aber nicht sicher, ob es f\u00fcr uns noch ein Pl\u00e4tzchen gibt. Da gibt es ja noch eine Reservation. Ist die f\u00fcr heute oder morgen? Nach Konsultation verschiedener Papieragenden und Datumsverifizierung und der Versicherung unsererseits, dass wir wirklich nur kleine Zelte haben die gut neben einander stehen k\u00f6nnen, erhalten wir schliesslich eine wundersch\u00f6nes Pl\u00e4tzchen.<\/p>\n\n\n\n<figure class=\"wp-block-image size-large\"><img loading=\"lazy\" decoding=\"async\" width=\"1024\" height=\"768\" src=\"https:\/\/velo.nomaden.be\/wp-content\/uploads\/2023\/08\/2023-05-27-19-03-44-201-1024x768.jpg\" alt=\"Blick vom Zeltplatz Fluss aufw\u00e4rts\" class=\"wp-image-852\" srcset=\"https:\/\/velo.nomaden.be\/wp-content\/uploads\/2023\/08\/2023-05-27-19-03-44-201-1024x768.jpg 1024w, https:\/\/velo.nomaden.be\/wp-content\/uploads\/2023\/08\/2023-05-27-19-03-44-201-300x225.jpg 300w, https:\/\/velo.nomaden.be\/wp-content\/uploads\/2023\/08\/2023-05-27-19-03-44-201-768x576.jpg 768w, https:\/\/velo.nomaden.be\/wp-content\/uploads\/2023\/08\/2023-05-27-19-03-44-201-1536x1152.jpg 1536w, https:\/\/velo.nomaden.be\/wp-content\/uploads\/2023\/08\/2023-05-27-19-03-44-201.jpg 1920w\" sizes=\"auto, (max-width: 1024px) 100vw, 1024px\" \/><\/figure>\n\n\n\n<p>Zum Ap\u00e9ro g\u00f6nnen wir uns Pommes mit M\u00f6hl. Kulinarisch ist hier wahrscheinlich nicht mehr zu erwarten. Die Pommes sind aber sehr lecker.<\/p>\n\n\n\n<p>Anschliessend testen einige von uns noch die Wassertemperatur. 15\u00b0 Celsius sind doch etwas k\u00fchl. Aber ein kurzer Dip ins Wasser muss sein. Es gibt zum Gl\u00fcck eine sch\u00f6ne heisse Dusche.<\/p>\n\n\n\n<p>Nach Sonnenuntergang kommen M\u00fccken und Flederm\u00e4use. Es ist ein wundersch\u00f6nes Pl\u00e4tzen um einer der ersten richtigen Sommerabende ausklingen zu lassen.<\/p>\n\n\n\n<figure class=\"wp-block-gallery has-nested-images columns-default is-cropped wp-block-gallery-1 is-layout-flex wp-block-gallery-is-layout-flex\">\n<figure class=\"wp-block-image size-large\"><img loading=\"lazy\" decoding=\"async\" width=\"1024\" height=\"768\" data-id=\"851\" src=\"https:\/\/velo.nomaden.be\/wp-content\/uploads\/2023\/08\/2023-05-27-18-57-03-085-1024x768.jpg\" alt=\"Blick vom Zeltplatz Fluss abw\u00e4rts\" class=\"wp-image-851\" srcset=\"https:\/\/velo.nomaden.be\/wp-content\/uploads\/2023\/08\/2023-05-27-18-57-03-085-1024x768.jpg 1024w, https:\/\/velo.nomaden.be\/wp-content\/uploads\/2023\/08\/2023-05-27-18-57-03-085-300x225.jpg 300w, https:\/\/velo.nomaden.be\/wp-content\/uploads\/2023\/08\/2023-05-27-18-57-03-085-768x576.jpg 768w, https:\/\/velo.nomaden.be\/wp-content\/uploads\/2023\/08\/2023-05-27-18-57-03-085-1536x1152.jpg 1536w, https:\/\/velo.nomaden.be\/wp-content\/uploads\/2023\/08\/2023-05-27-18-57-03-085.jpg 1920w\" sizes=\"auto, (max-width: 1024px) 100vw, 1024px\" \/><\/figure>\n<\/figure>\n\n\n\n<p>Am Sonntagmorgen gibts schon ab 9 Uhr Musik von einem Alleinunterhalter beim Camping Restaurant. Zum Gl\u00fcck sind wir etwas weiter weg. <\/p>\n\n\n\n<p>Unser erster Zwischenhalt sind die Rheinf\u00e4lle. Der Radweg f\u00fchrt direkt daran vorbei. Der Aussichtspunkt ist jedoch schon vor dem Mittag wahnsinnig \u00fcberlaufen. Es ist kaum ein Durchkommen. Wir steigen schon kurze Zeit sp\u00e4ter wieder auf unsere R\u00e4der. In Rheinau tanken wir Wasser und beschliessen gleich in einem kleinen Park am Dorfrand Mittagspause zu machen. Auf der Weiterfahrt sehen wir, dass es noch einige sch\u00f6ne Pl\u00e4tzchen am Rhein unten gegeben h\u00e4tte. Je nu.<\/p>\n\n\n\n<p>Vor Berg am Irchel machen wir nochmals Pause. In Flaach hat es gleich vor der ersten heftigen Steigung ein Restaurant. Dies ist zwar noch immer sehr mit ihren Spargelmittagsessen besch\u00e4ftigt und fast ausgebucht, f\u00fcr uns finden sie aber dennoch ein Pl\u00e4tzchen und ihre Dessertkreationen sind sehr lecker.<\/p>\n\n\n\n<p>In Freienstein trennen sich die Wege. Unsere Reisebegleitung macht sich auf in Richtung D\u00fcbendorf und wir d\u00fcrfen noch ein weitere H\u00f6henmeter in der nachmitt\u00e4glichen Hitze erklimmen. Zwischen uns und dem Bier bei <a href=\"https:\/\/stlaurentius.beer\/\" data-type=\"link\" data-id=\"https:\/\/stlaurentius.beer\/\">St. Laurenzius<\/a> liegt noch der B\u00fctberg. Nach der wundersch\u00f6nen Abfahrt nach B\u00fclach verfahren wir uns noch zwei, drei Mal. Schliesslich finden wir doch noch die Brauerei wo uns unsere liebe Freundin herzlich in Empfang nimmt. Nach den ersten zwei Bier und einer kurzen F\u00fchrung durch die Brauerei, Essen wir gem\u00fctlich bei unserer Freundin zu Hause und quatschen bis sp\u00e4t draussen auf ihrem Balkon.<\/p>\n\n\n\n<p>Das Aufwachen am Pfingstmontag ist erstaunlich schmerzfrei, obwohl wir noch bis in die fr\u00fchen Morgenstunden das Biersortiment degustiert haben. Trotzdem planen wir f\u00fcr heute nicht mehr eine riesige Etappe und verlassen auch den Rheinradweg. Wir f\u00fcrchten \u00fcberf\u00fcllte Z\u00fcge gegen Abend, wegen R\u00fcckreiseverkehr aus dem langen Wochenende. Wir fahren durchs Z\u00fcrcher Weinland in Richtung Baden. Ein Gebiet, dass wir noch \u00fcberhaupt nicht kennen. Kurz nach dem Mittag erreichen wir bereits unser Ziel. Wir haben genug Zeit um noch ein Brot zu kaufen und ein Velobillet zu l\u00f6sen und schon f\u00e4hrt der Interregion von Baden nach Bern. Auf Anhieb finden wir hier zwei Stellpl\u00e4tze. Doch sp\u00e4testens ab Aarau sind alle Pl\u00e4tze f\u00fcr R\u00e4der im Zug belegt. Die Velos stapeln sich kreuz und quer in den G\u00e4ngen. Nach einer kurzen Heimfahrt von Bern nach Zollikofen endet unsere erste Mehrtagestour 2023.<\/p>\n","protected":false},"excerpt":{"rendered":"<p>Die Wetterprognose f\u00fcr Pfingsten verspricht sch\u00f6nes und warmes Wetter. Ideal um die Velosaison mit einer mehrt\u00e4gigen Tour zu er\u00f6ffnen. Im Herbst 2020 haben wir mit der Rheinroute (EuroVelo 15) begonnen. Weil Eliane sowieso noch einen Lenker in L\u00fcssingen testen gehen will, dr\u00e4ngt sich eine Weiterfahrt auf dieser auf. Mit dem Zug fahren wir am Freitag [&hellip;]<\/p>\n","protected":false},"author":1,"featured_media":0,"comment_status":"closed","ping_status":"closed","sticky":false,"template":"","format":"standard","meta":{"footnotes":""},"categories":[14],"tags":[],"class_list":["post-849","post","type-post","status-publish","format-standard","hentry","category-ch","gallery-content-unit"],"_links":{"self":[{"href":"https:\/\/velo.nomaden.be\/index.php\/wp-json\/wp\/v2\/posts\/849","targetHints":{"allow":["GET"]}}],"collection":[{"href":"https:\/\/velo.nomaden.be\/index.php\/wp-json\/wp\/v2\/posts"}],"about":[{"href":"https:\/\/velo.nomaden.be\/index.php\/wp-json\/wp\/v2\/types\/post"}],"author":[{"embeddable":true,"href":"https:\/\/velo.nomaden.be\/index.php\/wp-json\/wp\/v2\/users\/1"}],"replies":[{"embeddable":true,"href":"https:\/\/velo.nomaden.be\/index.php\/wp-json\/wp\/v2\/comments?post=849"}],"version-history":[{"count":3,"href":"https:\/\/velo.nomaden.be\/index.php\/wp-json\/wp\/v2\/posts\/849\/revisions"}],"predecessor-version":[{"id":866,"href":"https:\/\/velo.nomaden.be\/index.php\/wp-json\/wp\/v2\/posts\/849\/revisions\/866"}],"wp:attachment":[{"href":"https:\/\/velo.nomaden.be\/index.php\/wp-json\/wp\/v2\/media?parent=849"}],"wp:term":[{"taxonomy":"category","embeddable":true,"href":"https:\/\/velo.nomaden.be\/index.php\/wp-json\/wp\/v2\/categories?post=849"},{"taxonomy":"post_tag","embeddable":true,"href":"https:\/\/velo.nomaden.be\/index.php\/wp-json\/wp\/v2\/tags?post=849"}],"curies":[{"name":"wp","href":"https:\/\/api.w.org\/{rel}","templated":true}]}}