{"id":775,"date":"2021-06-27T23:19:25","date_gmt":"2021-06-27T21:19:25","guid":{"rendered":"https:\/\/velo.nomaden.be\/?p=775"},"modified":"2021-06-27T23:19:26","modified_gmt":"2021-06-27T21:19:26","slug":"lukmanier-goms-binntal","status":"publish","type":"post","link":"https:\/\/velo.nomaden.be\/index.php\/2021\/06\/27\/lukmanier-goms-binntal\/","title":{"rendered":"Lukmanier &#8211; Goms &#8211; Binntal"},"content":{"rendered":"\n<p>Der Weg zur\u00fcck in den Norden beginnt gem\u00fctlich. In Biasca packen wir ein Kilo Spargeln ein und frisches Brot. Dort zweigen wir auch ab ins Bleniotal. Auch hier gehts beschaulich weiter \u00fcber Nebenstrassen und durch verschlafene D\u00f6rfli. In Acquarossa wechseln wir auf die Kantonsstrasse. Unser Ziel f\u00fcr heute ist Torre. Da sind wir bei Freund:innen untergebracht. Wir freuen uns auf Grillen und ein Fyrabebier am Bach. Doch die letzten Kilometer gehen wieder in die Beine. Es ist heiss, die Strasse steigt stetig an und wir wollen unser Ziel erreichen bevor die Tour de Suisse uns von der Strasse fegt.<\/p>\n\n\n\n<p>Das Spektakel dauert nur wenige Minuten. Dies im Gegensatz zu all den ganzen T\u00f6ffs, Service- und Polizeifahrzeugen die w\u00e4hrend mehr als einer halben Stunde vor den Rennfahrern \u00fcber die Strasse brettern. Nur der L\u00e4rm der Helikopter hallt noch ein paar Minuten durchs Tal bevor wieder Normalbetrieb einkehrt.<\/p>\n\n\n\n<figure class=\"wp-block-gallery columns-1 is-cropped wp-block-gallery-1 is-layout-flex wp-block-gallery-is-layout-flex\"><ul class=\"blocks-gallery-grid\"><li class=\"blocks-gallery-item\"><figure><a href=\"https:\/\/velo.nomaden.be\/wp-content\/uploads\/2021\/06\/IMG_20210611_154112.jpg\"><img loading=\"lazy\" decoding=\"async\" width=\"1024\" height=\"768\" src=\"https:\/\/velo.nomaden.be\/wp-content\/uploads\/2021\/06\/IMG_20210611_154112-1024x768.jpg\" alt=\"\" data-id=\"787\" data-full-url=\"https:\/\/velo.nomaden.be\/wp-content\/uploads\/2021\/06\/IMG_20210611_154112.jpg\" data-link=\"https:\/\/velo.nomaden.be\/index.php\/2021\/06\/27\/vom-berner-oberland-ins-unterengadin\/img_20210611_154112\/\" class=\"wp-image-787\" srcset=\"https:\/\/velo.nomaden.be\/wp-content\/uploads\/2021\/06\/IMG_20210611_154112-1024x768.jpg 1024w, https:\/\/velo.nomaden.be\/wp-content\/uploads\/2021\/06\/IMG_20210611_154112-300x225.jpg 300w, https:\/\/velo.nomaden.be\/wp-content\/uploads\/2021\/06\/IMG_20210611_154112-768x576.jpg 768w, https:\/\/velo.nomaden.be\/wp-content\/uploads\/2021\/06\/IMG_20210611_154112-1536x1152.jpg 1536w, https:\/\/velo.nomaden.be\/wp-content\/uploads\/2021\/06\/IMG_20210611_154112.jpg 1920w\" sizes=\"auto, (max-width: 1024px) 100vw, 1024px\" \/><\/a><figcaption class=\"blocks-gallery-item__caption\">Blick auf die Leader der 6. Etappe Tour de Suisse 2021<\/figcaption><\/figure><\/li><\/ul><\/figure>\n\n\n\n<p>Am n\u00e4chsten Tag kurbeln wir langsam hinauf zum Lukmanier. In Camperio probt eine Gugge unter freiem Himmel und bei Segno geht auch uns die Puste aus. Zeit f\u00fcr eine versp\u00e4tete Mittagsrast. Wir freuen uns schon auf den Pro Natura Camping bei Acquacalda. Leider vergebens, der \u00f6ffnet nur f\u00fcr wenige Wochen zwischen Ende Juni und Ende August. Daher fahren wir weiter entlang der wundersch\u00f6nen Hochebene bis zum Hospiz, durch die ellenlange Galerie und auf der anderen Seite wieder runter. Unser Nachtlager schlagen wir auf dem TCS Camping in Disentis auf. Keine 24 Stunden sp\u00e4ter geht ein Erdrutsch auf die Passstrasse nieder, die R\u00e4umungsarbeiten dauern mehrere Tage.<\/p>\n\n\n\n<figure class=\"wp-block-gallery columns-3 is-cropped wp-block-gallery-2 is-layout-flex wp-block-gallery-is-layout-flex\"><ul class=\"blocks-gallery-grid\"><li class=\"blocks-gallery-item\"><figure><a href=\"https:\/\/velo.nomaden.be\/wp-content\/uploads\/2021\/06\/IMG_20210612_130114.jpg\"><img loading=\"lazy\" decoding=\"async\" width=\"1024\" height=\"768\" src=\"https:\/\/velo.nomaden.be\/wp-content\/uploads\/2021\/06\/IMG_20210612_130114-1024x768.jpg\" alt=\"\" data-id=\"785\" data-full-url=\"https:\/\/velo.nomaden.be\/wp-content\/uploads\/2021\/06\/IMG_20210612_130114.jpg\" data-link=\"https:\/\/velo.nomaden.be\/index.php\/2021\/06\/27\/vom-berner-oberland-ins-unterengadin\/img_20210612_130114\/\" class=\"wp-image-785\" srcset=\"https:\/\/velo.nomaden.be\/wp-content\/uploads\/2021\/06\/IMG_20210612_130114-1024x768.jpg 1024w, https:\/\/velo.nomaden.be\/wp-content\/uploads\/2021\/06\/IMG_20210612_130114-300x225.jpg 300w, https:\/\/velo.nomaden.be\/wp-content\/uploads\/2021\/06\/IMG_20210612_130114-768x576.jpg 768w, https:\/\/velo.nomaden.be\/wp-content\/uploads\/2021\/06\/IMG_20210612_130114-1536x1152.jpg 1536w, https:\/\/velo.nomaden.be\/wp-content\/uploads\/2021\/06\/IMG_20210612_130114.jpg 1920w\" sizes=\"auto, (max-width: 1024px) 100vw, 1024px\" \/><\/a><figcaption class=\"blocks-gallery-item__caption\">Torre Bleniotal<\/figcaption><\/figure><\/li><li class=\"blocks-gallery-item\"><figure><a href=\"https:\/\/velo.nomaden.be\/wp-content\/uploads\/2021\/06\/IMG_20210612_130241.jpg\"><img loading=\"lazy\" decoding=\"async\" width=\"768\" height=\"1024\" src=\"https:\/\/velo.nomaden.be\/wp-content\/uploads\/2021\/06\/IMG_20210612_130241-768x1024.jpg\" alt=\"\" data-id=\"784\" data-full-url=\"https:\/\/velo.nomaden.be\/wp-content\/uploads\/2021\/06\/IMG_20210612_130241.jpg\" data-link=\"https:\/\/velo.nomaden.be\/index.php\/2021\/06\/27\/vom-berner-oberland-ins-unterengadin\/img_20210612_130241\/\" class=\"wp-image-784\" srcset=\"https:\/\/velo.nomaden.be\/wp-content\/uploads\/2021\/06\/IMG_20210612_130241-768x1024.jpg 768w, https:\/\/velo.nomaden.be\/wp-content\/uploads\/2021\/06\/IMG_20210612_130241-225x300.jpg 225w, https:\/\/velo.nomaden.be\/wp-content\/uploads\/2021\/06\/IMG_20210612_130241-1152x1536.jpg 1152w, https:\/\/velo.nomaden.be\/wp-content\/uploads\/2021\/06\/IMG_20210612_130241.jpg 1440w\" sizes=\"auto, (max-width: 768px) 100vw, 768px\" \/><\/a><figcaption class=\"blocks-gallery-item__caption\">Olivone Bleniotal<\/figcaption><\/figure><\/li><li class=\"blocks-gallery-item\"><figure><a href=\"https:\/\/velo.nomaden.be\/wp-content\/uploads\/2021\/06\/DSC_0102.jpg\"><img loading=\"lazy\" decoding=\"async\" width=\"1024\" height=\"685\" src=\"https:\/\/velo.nomaden.be\/wp-content\/uploads\/2021\/06\/DSC_0102-1024x685.jpg\" alt=\"\" data-id=\"830\" data-full-url=\"https:\/\/velo.nomaden.be\/wp-content\/uploads\/2021\/06\/DSC_0102.jpg\" data-link=\"https:\/\/velo.nomaden.be\/index.php\/2021\/06\/27\/albula-san-bernardino\/dsc_0102\/\" class=\"wp-image-830\" srcset=\"https:\/\/velo.nomaden.be\/wp-content\/uploads\/2021\/06\/DSC_0102-1024x685.jpg 1024w, https:\/\/velo.nomaden.be\/wp-content\/uploads\/2021\/06\/DSC_0102-300x201.jpg 300w, https:\/\/velo.nomaden.be\/wp-content\/uploads\/2021\/06\/DSC_0102-768x514.jpg 768w, https:\/\/velo.nomaden.be\/wp-content\/uploads\/2021\/06\/DSC_0102-1536x1028.jpg 1536w, https:\/\/velo.nomaden.be\/wp-content\/uploads\/2021\/06\/DSC_0102.jpg 1920w\" sizes=\"auto, (max-width: 1024px) 100vw, 1024px\" \/><\/a><figcaption class=\"blocks-gallery-item__caption\">Hochebene Lukmanier<\/figcaption><\/figure><\/li><li class=\"blocks-gallery-item\"><figure><a href=\"https:\/\/velo.nomaden.be\/wp-content\/uploads\/2021\/06\/IMG_20210612_171127.jpg\"><img loading=\"lazy\" decoding=\"async\" width=\"1024\" height=\"768\" src=\"https:\/\/velo.nomaden.be\/wp-content\/uploads\/2021\/06\/IMG_20210612_171127-1024x768.jpg\" alt=\"\" data-id=\"783\" data-full-url=\"https:\/\/velo.nomaden.be\/wp-content\/uploads\/2021\/06\/IMG_20210612_171127.jpg\" data-link=\"https:\/\/velo.nomaden.be\/index.php\/2021\/06\/27\/vom-berner-oberland-ins-unterengadin\/img_20210612_171127\/\" class=\"wp-image-783\" srcset=\"https:\/\/velo.nomaden.be\/wp-content\/uploads\/2021\/06\/IMG_20210612_171127-1024x768.jpg 1024w, https:\/\/velo.nomaden.be\/wp-content\/uploads\/2021\/06\/IMG_20210612_171127-300x225.jpg 300w, https:\/\/velo.nomaden.be\/wp-content\/uploads\/2021\/06\/IMG_20210612_171127-768x576.jpg 768w, https:\/\/velo.nomaden.be\/wp-content\/uploads\/2021\/06\/IMG_20210612_171127-1536x1152.jpg 1536w, https:\/\/velo.nomaden.be\/wp-content\/uploads\/2021\/06\/IMG_20210612_171127.jpg 1920w\" sizes=\"auto, (max-width: 1024px) 100vw, 1024px\" \/><\/a><figcaption class=\"blocks-gallery-item__caption\">Lukmanier &#8211; Disentis<\/figcaption><\/figure><\/li><\/ul><\/figure>\n\n\n\n<p>Von Disentis bis auf den Oberalppass nehmen wir den Zug. Auch heute gilt es der Tour de Suisse auszuweichen, wir wollen Andermatt erreichen bevor dort der Startschuss zur 8. Etappe f\u00e4llt. Bei der Abfahrt bremst uns der Tross eines holl\u00e4ndischen Teams etwas aus. Trotzdem schaffen wir es fast gleichzeitig aufs Perron wie der Zug aus Disentis was die Kondukteurin in ungl\u00e4ubiges Staunen versetzt. Weiter gehts wieder mit dem Zug bis nach Oberwald im Goms.<\/p>\n\n\n\n<p>Die Rhoneroute verlangt unseren Fahrk\u00fcnsten einiges ab. Teils f\u00fchrt sie \u00fcber steile Naturstrassen, teils \u00fcber Fahrwege mit tiefen Schlagl\u00f6chern. Nichts f\u00fcrs Rennvelo, aber mit unseren treuen Tourenr\u00e4dern ist das kein Problem. Kein Weiterkommen dann am Eingang zum Binntal. Der Veloweg nach Grengiols ist an der Abzweigung von der Binnstrasse wegen Holzschlags gesperrt. Entweder m\u00fcssen wir jetzt zur\u00fcck ins Rhonetal oder weiter ins Binntal. Wir entscheiden uns f\u00fcr letzteres, weil hinten im Tal ein sehr sch\u00f6ner Campingplatz winkt.<\/p>\n\n\n\n<figure class=\"wp-block-gallery columns-2 is-cropped wp-block-gallery-3 is-layout-flex wp-block-gallery-is-layout-flex\"><ul class=\"blocks-gallery-grid\"><li class=\"blocks-gallery-item\"><figure><a href=\"https:\/\/velo.nomaden.be\/wp-content\/uploads\/2021\/06\/IMG_20210613_134928.jpg\"><img loading=\"lazy\" decoding=\"async\" width=\"1024\" height=\"768\" src=\"https:\/\/velo.nomaden.be\/wp-content\/uploads\/2021\/06\/IMG_20210613_134928-1024x768.jpg\" alt=\"\" data-id=\"782\" data-full-url=\"https:\/\/velo.nomaden.be\/wp-content\/uploads\/2021\/06\/IMG_20210613_134928.jpg\" data-link=\"https:\/\/velo.nomaden.be\/index.php\/2021\/06\/27\/vom-berner-oberland-ins-unterengadin\/img_20210613_134928\/\" class=\"wp-image-782\" srcset=\"https:\/\/velo.nomaden.be\/wp-content\/uploads\/2021\/06\/IMG_20210613_134928-1024x768.jpg 1024w, https:\/\/velo.nomaden.be\/wp-content\/uploads\/2021\/06\/IMG_20210613_134928-300x225.jpg 300w, https:\/\/velo.nomaden.be\/wp-content\/uploads\/2021\/06\/IMG_20210613_134928-768x576.jpg 768w, https:\/\/velo.nomaden.be\/wp-content\/uploads\/2021\/06\/IMG_20210613_134928-1536x1152.jpg 1536w, https:\/\/velo.nomaden.be\/wp-content\/uploads\/2021\/06\/IMG_20210613_134928.jpg 1920w\" sizes=\"auto, (max-width: 1024px) 100vw, 1024px\" \/><\/a><figcaption class=\"blocks-gallery-item__caption\">Goms<\/figcaption><\/figure><\/li><li class=\"blocks-gallery-item\"><figure><a href=\"https:\/\/velo.nomaden.be\/wp-content\/uploads\/2021\/06\/IMG_20210614_101929.jpg\"><img loading=\"lazy\" decoding=\"async\" width=\"1024\" height=\"768\" src=\"https:\/\/velo.nomaden.be\/wp-content\/uploads\/2021\/06\/IMG_20210614_101929-1024x768.jpg\" alt=\"\" data-id=\"781\" data-full-url=\"https:\/\/velo.nomaden.be\/wp-content\/uploads\/2021\/06\/IMG_20210614_101929.jpg\" data-link=\"https:\/\/velo.nomaden.be\/index.php\/2021\/06\/27\/vom-berner-oberland-ins-unterengadin\/img_20210614_101929\/\" class=\"wp-image-781\" srcset=\"https:\/\/velo.nomaden.be\/wp-content\/uploads\/2021\/06\/IMG_20210614_101929-1024x768.jpg 1024w, https:\/\/velo.nomaden.be\/wp-content\/uploads\/2021\/06\/IMG_20210614_101929-300x225.jpg 300w, https:\/\/velo.nomaden.be\/wp-content\/uploads\/2021\/06\/IMG_20210614_101929-768x576.jpg 768w, https:\/\/velo.nomaden.be\/wp-content\/uploads\/2021\/06\/IMG_20210614_101929-1536x1152.jpg 1536w, https:\/\/velo.nomaden.be\/wp-content\/uploads\/2021\/06\/IMG_20210614_101929.jpg 1920w\" sizes=\"auto, (max-width: 1024px) 100vw, 1024px\" \/><\/a><figcaption class=\"blocks-gallery-item__caption\">alte Strasse nach Binn<\/figcaption><\/figure><\/li><\/ul><\/figure>\n\n\n\n<p>Unser Platznachbar hat wenig Verst\u00e4ndnis, dass wir schon wieder abreisen. Wenn man schon mal da im hintersten Chrachen sei, dann sollte man mindestens ein paar Tage bleiben. Was die Autofahrer:innen halt kaum verstehen: Alles was wir am Tag zuvor raufgekurbelt sind k\u00f6nnen wir jetzt runtersausen. Schon bald sind wir in Brig, nehmen dort den Zug nach Kandersteg und g\u00f6nnen uns noch mehr Abfahrt durchs Kandertal. Auch hier besuchen wir wieder Familie. Am Tag darauf fr\u00fch weiter um m\u00f6glichst vor der aufkommenden Thermik (Gegenwind) wieder im Flachland zu sein.<\/p>\n\n\n\n<p><\/p>\n\n\n\n<p><\/p>\n","protected":false},"excerpt":{"rendered":"<p>Der Weg zur\u00fcck in den Norden beginnt gem\u00fctlich. In Biasca packen wir ein Kilo Spargeln ein und frisches Brot. Dort zweigen wir auch ab ins Bleniotal. Auch hier gehts beschaulich weiter \u00fcber Nebenstrassen und durch verschlafene D\u00f6rfli. In Acquarossa wechseln wir auf die Kantonsstrasse. Unser Ziel f\u00fcr heute ist Torre. Da sind wir bei Freund:innen [&hellip;]<\/p>\n","protected":false},"author":1,"featured_media":0,"comment_status":"closed","ping_status":"closed","sticky":false,"template":"","format":"standard","meta":{"footnotes":""},"categories":[14],"tags":[],"class_list":["post-775","post","type-post","status-publish","format-standard","hentry","category-ch","gallery-content-unit"],"_links":{"self":[{"href":"https:\/\/velo.nomaden.be\/index.php\/wp-json\/wp\/v2\/posts\/775","targetHints":{"allow":["GET"]}}],"collection":[{"href":"https:\/\/velo.nomaden.be\/index.php\/wp-json\/wp\/v2\/posts"}],"about":[{"href":"https:\/\/velo.nomaden.be\/index.php\/wp-json\/wp\/v2\/types\/post"}],"author":[{"embeddable":true,"href":"https:\/\/velo.nomaden.be\/index.php\/wp-json\/wp\/v2\/users\/1"}],"replies":[{"embeddable":true,"href":"https:\/\/velo.nomaden.be\/index.php\/wp-json\/wp\/v2\/comments?post=775"}],"version-history":[{"count":5,"href":"https:\/\/velo.nomaden.be\/index.php\/wp-json\/wp\/v2\/posts\/775\/revisions"}],"predecessor-version":[{"id":844,"href":"https:\/\/velo.nomaden.be\/index.php\/wp-json\/wp\/v2\/posts\/775\/revisions\/844"}],"wp:attachment":[{"href":"https:\/\/velo.nomaden.be\/index.php\/wp-json\/wp\/v2\/media?parent=775"}],"wp:term":[{"taxonomy":"category","embeddable":true,"href":"https:\/\/velo.nomaden.be\/index.php\/wp-json\/wp\/v2\/categories?post=775"},{"taxonomy":"post_tag","embeddable":true,"href":"https:\/\/velo.nomaden.be\/index.php\/wp-json\/wp\/v2\/tags?post=775"}],"curies":[{"name":"wp","href":"https:\/\/api.w.org\/{rel}","templated":true}]}}