{"id":773,"date":"2021-06-27T22:58:00","date_gmt":"2021-06-27T20:58:00","guid":{"rendered":"https:\/\/velo.nomaden.be\/?p=773"},"modified":"2021-06-27T23:22:45","modified_gmt":"2021-06-27T21:22:45","slug":"albula-san-bernardino","status":"publish","type":"post","link":"https:\/\/velo.nomaden.be\/index.php\/2021\/06\/27\/albula-san-bernardino\/","title":{"rendered":"Albula &#8211; San Bernardino"},"content":{"rendered":"\n<p>Schon der erste Aufstieg von Scuol nach Ftan ist ein kleiner Vorgeschmack von dem was uns in den folgenden Tagen erwarten wird. Kurve um Kurve windet sich die Strasse dem kleinen Dorf entgegen. Dannach f\u00fchrt der Veloweg hoch \u00fcber dem Inn durch die D\u00f6rfer Ardez, Bos-cha und Guarda. In Zernez treffen wir auf Velofahrer aus Holland. Sie wollen wissen ob man mit dem Velo durch den <a href=\"https:\/\/de.wikipedia.org\/wiki\/Munt-la-Schera-Tunnel\">Munt La Schera Tunnel<\/a> nach Livigno kommt. Eliane weiss, dass es dort einen Shuttle Bus f\u00fcr Velos gibt.<\/p>\n\n\n\n<figure class=\"wp-block-gallery columns-3 is-cropped wp-block-gallery-1 is-layout-flex wp-block-gallery-is-layout-flex\"><ul class=\"blocks-gallery-grid\"><li class=\"blocks-gallery-item\"><figure><a href=\"https:\/\/velo.nomaden.be\/wp-content\/uploads\/2021\/06\/20210606_095410.jpg\"><img loading=\"lazy\" decoding=\"async\" width=\"1024\" height=\"576\" src=\"https:\/\/velo.nomaden.be\/wp-content\/uploads\/2021\/06\/20210606_095410-1024x576.jpg\" alt=\"\" data-id=\"819\" data-full-url=\"https:\/\/velo.nomaden.be\/wp-content\/uploads\/2021\/06\/20210606_095410.jpg\" data-link=\"https:\/\/velo.nomaden.be\/index.php\/2021\/06\/27\/vom-berner-oberland-ins-unterengadin\/20210606_095410\/\" class=\"wp-image-819\" srcset=\"https:\/\/velo.nomaden.be\/wp-content\/uploads\/2021\/06\/20210606_095410-1024x576.jpg 1024w, https:\/\/velo.nomaden.be\/wp-content\/uploads\/2021\/06\/20210606_095410-300x169.jpg 300w, https:\/\/velo.nomaden.be\/wp-content\/uploads\/2021\/06\/20210606_095410-768x432.jpg 768w, https:\/\/velo.nomaden.be\/wp-content\/uploads\/2021\/06\/20210606_095410-1536x864.jpg 1536w, https:\/\/velo.nomaden.be\/wp-content\/uploads\/2021\/06\/20210606_095410.jpg 1920w\" sizes=\"auto, (max-width: 1024px) 100vw, 1024px\" \/><\/a><figcaption class=\"blocks-gallery-item__caption\">Ftan ist Sicht<\/figcaption><\/figure><\/li><li class=\"blocks-gallery-item\"><figure><a href=\"https:\/\/velo.nomaden.be\/wp-content\/uploads\/2021\/06\/20210606_095416.jpg\"><img loading=\"lazy\" decoding=\"async\" width=\"1024\" height=\"576\" src=\"https:\/\/velo.nomaden.be\/wp-content\/uploads\/2021\/06\/20210606_095416-1024x576.jpg\" alt=\"\" data-id=\"818\" data-full-url=\"https:\/\/velo.nomaden.be\/wp-content\/uploads\/2021\/06\/20210606_095416.jpg\" data-link=\"https:\/\/velo.nomaden.be\/index.php\/2021\/06\/27\/vom-berner-oberland-ins-unterengadin\/20210606_095416\/\" class=\"wp-image-818\" srcset=\"https:\/\/velo.nomaden.be\/wp-content\/uploads\/2021\/06\/20210606_095416-1024x576.jpg 1024w, https:\/\/velo.nomaden.be\/wp-content\/uploads\/2021\/06\/20210606_095416-300x169.jpg 300w, https:\/\/velo.nomaden.be\/wp-content\/uploads\/2021\/06\/20210606_095416-768x432.jpg 768w, https:\/\/velo.nomaden.be\/wp-content\/uploads\/2021\/06\/20210606_095416-1536x864.jpg 1536w, https:\/\/velo.nomaden.be\/wp-content\/uploads\/2021\/06\/20210606_095416.jpg 1920w\" sizes=\"auto, (max-width: 1024px) 100vw, 1024px\" \/><\/a><figcaption class=\"blocks-gallery-item__caption\">Eliane in Sicht<\/figcaption><\/figure><\/li><li class=\"blocks-gallery-item\"><figure><a href=\"https:\/\/velo.nomaden.be\/wp-content\/uploads\/2021\/06\/DSC_0077.jpg\"><img loading=\"lazy\" decoding=\"async\" width=\"1024\" height=\"685\" src=\"https:\/\/velo.nomaden.be\/wp-content\/uploads\/2021\/06\/DSC_0077-1024x685.jpg\" alt=\"\" data-id=\"808\" data-full-url=\"https:\/\/velo.nomaden.be\/wp-content\/uploads\/2021\/06\/DSC_0077.jpg\" data-link=\"https:\/\/velo.nomaden.be\/index.php\/2021\/06\/27\/vom-berner-oberland-ins-unterengadin\/dsc_0077\/\" class=\"wp-image-808\" srcset=\"https:\/\/velo.nomaden.be\/wp-content\/uploads\/2021\/06\/DSC_0077-1024x685.jpg 1024w, https:\/\/velo.nomaden.be\/wp-content\/uploads\/2021\/06\/DSC_0077-300x201.jpg 300w, https:\/\/velo.nomaden.be\/wp-content\/uploads\/2021\/06\/DSC_0077-768x514.jpg 768w, https:\/\/velo.nomaden.be\/wp-content\/uploads\/2021\/06\/DSC_0077-1536x1028.jpg 1536w, https:\/\/velo.nomaden.be\/wp-content\/uploads\/2021\/06\/DSC_0077.jpg 1920w\" sizes=\"auto, (max-width: 1024px) 100vw, 1024px\" \/><\/a><figcaption class=\"blocks-gallery-item__caption\">Strasse von Ftan nach Ardez<\/figcaption><\/figure><\/li><li class=\"blocks-gallery-item\"><figure><a href=\"https:\/\/velo.nomaden.be\/wp-content\/uploads\/2021\/06\/20210606_113603.jpg\"><img loading=\"lazy\" decoding=\"async\" width=\"1024\" height=\"576\" src=\"https:\/\/velo.nomaden.be\/wp-content\/uploads\/2021\/06\/20210606_113603-1024x576.jpg\" alt=\"\" data-id=\"817\" data-full-url=\"https:\/\/velo.nomaden.be\/wp-content\/uploads\/2021\/06\/20210606_113603.jpg\" data-link=\"https:\/\/velo.nomaden.be\/index.php\/2021\/06\/27\/vom-berner-oberland-ins-unterengadin\/20210606_113603\/\" class=\"wp-image-817\" srcset=\"https:\/\/velo.nomaden.be\/wp-content\/uploads\/2021\/06\/20210606_113603-1024x576.jpg 1024w, https:\/\/velo.nomaden.be\/wp-content\/uploads\/2021\/06\/20210606_113603-300x169.jpg 300w, https:\/\/velo.nomaden.be\/wp-content\/uploads\/2021\/06\/20210606_113603-768x432.jpg 768w, https:\/\/velo.nomaden.be\/wp-content\/uploads\/2021\/06\/20210606_113603-1536x864.jpg 1536w, https:\/\/velo.nomaden.be\/wp-content\/uploads\/2021\/06\/20210606_113603.jpg 1920w\" sizes=\"auto, (max-width: 1024px) 100vw, 1024px\" \/><\/a><figcaption class=\"blocks-gallery-item__caption\">Strasse nach Lavin<\/figcaption><\/figure><\/li><\/ul><\/figure>\n\n\n\n<p>Weil es noch zu fr\u00fch ist um das Zelt zu stellen fahren wir noch ein bisschen weiter. In Chapella gibts einen h\u00fcbschen Camping zwischen Bahn und Inn mit vielen idyllischen Pl\u00e4tzen im Wald und am Wasser. W\u00e4hrend dem ersten Regenschauer harren wir unter dem Sonnenschirm der Reception aus. Der zweite Schauer kommt beim Zelt aufstellen. Kochen und Essen k\u00f6nnen wir zum Gl\u00fcck wieder im Trockenen.<\/p>\n\n\n\n<figure class=\"wp-block-gallery columns-2 is-cropped wp-block-gallery-2 is-layout-flex wp-block-gallery-is-layout-flex\"><ul class=\"blocks-gallery-grid\"><li class=\"blocks-gallery-item\"><figure><a href=\"https:\/\/velo.nomaden.be\/wp-content\/uploads\/2021\/06\/IMG_20210606_142758.jpg\"><img loading=\"lazy\" decoding=\"async\" width=\"768\" height=\"1024\" src=\"https:\/\/velo.nomaden.be\/wp-content\/uploads\/2021\/06\/IMG_20210606_142758-768x1024.jpg\" alt=\"\" data-id=\"829\" data-full-url=\"https:\/\/velo.nomaden.be\/wp-content\/uploads\/2021\/06\/IMG_20210606_142758.jpg\" data-link=\"https:\/\/velo.nomaden.be\/?attachment_id=829\" class=\"wp-image-829\" srcset=\"https:\/\/velo.nomaden.be\/wp-content\/uploads\/2021\/06\/IMG_20210606_142758-768x1024.jpg 768w, https:\/\/velo.nomaden.be\/wp-content\/uploads\/2021\/06\/IMG_20210606_142758-225x300.jpg 225w, https:\/\/velo.nomaden.be\/wp-content\/uploads\/2021\/06\/IMG_20210606_142758-1152x1536.jpg 1152w, https:\/\/velo.nomaden.be\/wp-content\/uploads\/2021\/06\/IMG_20210606_142758.jpg 1440w\" sizes=\"auto, (max-width: 768px) 100vw, 768px\" \/><\/a><\/figure><\/li><li class=\"blocks-gallery-item\"><figure><a href=\"https:\/\/velo.nomaden.be\/wp-content\/uploads\/2021\/06\/IMG_20210606_143420.jpg\"><img loading=\"lazy\" decoding=\"async\" width=\"768\" height=\"1024\" src=\"https:\/\/velo.nomaden.be\/wp-content\/uploads\/2021\/06\/IMG_20210606_143420-768x1024.jpg\" alt=\"\" data-id=\"828\" data-full-url=\"https:\/\/velo.nomaden.be\/wp-content\/uploads\/2021\/06\/IMG_20210606_143420.jpg\" data-link=\"https:\/\/velo.nomaden.be\/?attachment_id=828\" class=\"wp-image-828\" srcset=\"https:\/\/velo.nomaden.be\/wp-content\/uploads\/2021\/06\/IMG_20210606_143420-768x1024.jpg 768w, https:\/\/velo.nomaden.be\/wp-content\/uploads\/2021\/06\/IMG_20210606_143420-225x300.jpg 225w, https:\/\/velo.nomaden.be\/wp-content\/uploads\/2021\/06\/IMG_20210606_143420-1152x1536.jpg 1152w, https:\/\/velo.nomaden.be\/wp-content\/uploads\/2021\/06\/IMG_20210606_143420.jpg 1440w\" sizes=\"auto, (max-width: 768px) 100vw, 768px\" \/><\/a><\/figure><\/li><\/ul><\/figure>\n\n\n\n<p>Am Tag darauf fahren wir z\u00fcgig weiter dem Inn entlang aufw\u00e4rts. Der Albulapass ist noch geschlossen, daher wollen wir in Bever den Zug nach Preda nehmen. In La Punt bei der Abzweigung zum Pass machen wir trotzdem kurz Pause.<\/p>\n\n\n\n<p>Wir machen wohl einen etwas verlorenen Eindruck. Eine \u00e4ltere Frau spricht uns an und will wissen ob wir den Veloweg suchen. Wir erkl\u00e4hren ihr, dass wir eigentlich gerne \u00fcber den Pass wollten, dass dieser aber noch zu sei. Sie winkt ab und sagt, wir sollten unbedingt \u00fcber den Pass wenn wir auf die andere Seite wollten. Die Strasse sei frei vom Schnee, es gebe einzig noch ein paar Baustellen. Der Pass sei eine ihrer Trainingsstrecken um sich f\u00fcr eine l\u00e4ngere Tour im Ausland vorzubereiten.<\/p>\n\n\n\n<p>Wir lassen uns das nicht zweimal sagen. Schon bald arbeiten wir uns auf der unbefahrenen Strasse Kurve um Kurve hoch. Wir kreuzen nur vereinzelt andere Velofahrer:innen, sonst sind wir alleine in der Stille des Bergfr\u00fchlings. In der H\u00f6he treffen wir auf Murmeli, die sich auf der Strasse aufw\u00e4rmen. F\u00fcr die Abfahrt m\u00fcssen auch wir uns warm einpacken. Nach wenigen Kilometern bergab finden wir ein lauschiges Pl\u00e4tzli f\u00fcrs Zmittag. Dannach gehts weiter runter nach Preda, Berg\u00fcn, Filisur und schliesslich bis Tiefencastel.<\/p>\n\n\n\n<figure class=\"wp-block-gallery columns-3 is-cropped wp-block-gallery-3 is-layout-flex wp-block-gallery-is-layout-flex\"><ul class=\"blocks-gallery-grid\"><li class=\"blocks-gallery-item\"><figure><a href=\"https:\/\/velo.nomaden.be\/wp-content\/uploads\/2021\/06\/DSC_0080.jpg\"><img loading=\"lazy\" decoding=\"async\" width=\"1024\" height=\"685\" src=\"https:\/\/velo.nomaden.be\/wp-content\/uploads\/2021\/06\/DSC_0080-1024x685.jpg\" alt=\"\" data-id=\"807\" data-full-url=\"https:\/\/velo.nomaden.be\/wp-content\/uploads\/2021\/06\/DSC_0080.jpg\" data-link=\"https:\/\/velo.nomaden.be\/index.php\/2021\/06\/27\/vom-berner-oberland-ins-unterengadin\/dsc_0080\/\" class=\"wp-image-807\" srcset=\"https:\/\/velo.nomaden.be\/wp-content\/uploads\/2021\/06\/DSC_0080-1024x685.jpg 1024w, https:\/\/velo.nomaden.be\/wp-content\/uploads\/2021\/06\/DSC_0080-300x201.jpg 300w, https:\/\/velo.nomaden.be\/wp-content\/uploads\/2021\/06\/DSC_0080-768x514.jpg 768w, https:\/\/velo.nomaden.be\/wp-content\/uploads\/2021\/06\/DSC_0080-1536x1028.jpg 1536w, https:\/\/velo.nomaden.be\/wp-content\/uploads\/2021\/06\/DSC_0080.jpg 1920w\" sizes=\"auto, (max-width: 1024px) 100vw, 1024px\" \/><\/a><figcaption class=\"blocks-gallery-item__caption\">Albula in Engadin<\/figcaption><\/figure><\/li><li class=\"blocks-gallery-item\"><figure><a href=\"https:\/\/velo.nomaden.be\/wp-content\/uploads\/2021\/06\/DSC_0086.jpg\"><img loading=\"lazy\" decoding=\"async\" width=\"685\" height=\"1024\" src=\"https:\/\/velo.nomaden.be\/wp-content\/uploads\/2021\/06\/DSC_0086-685x1024.jpg\" alt=\"\" data-id=\"806\" data-full-url=\"https:\/\/velo.nomaden.be\/wp-content\/uploads\/2021\/06\/DSC_0086.jpg\" data-link=\"https:\/\/velo.nomaden.be\/index.php\/2021\/06\/27\/vom-berner-oberland-ins-unterengadin\/dsc_0086\/\" class=\"wp-image-806\" srcset=\"https:\/\/velo.nomaden.be\/wp-content\/uploads\/2021\/06\/DSC_0086-685x1024.jpg 685w, https:\/\/velo.nomaden.be\/wp-content\/uploads\/2021\/06\/DSC_0086-201x300.jpg 201w, https:\/\/velo.nomaden.be\/wp-content\/uploads\/2021\/06\/DSC_0086-768x1148.jpg 768w, https:\/\/velo.nomaden.be\/wp-content\/uploads\/2021\/06\/DSC_0086-1028x1536.jpg 1028w, https:\/\/velo.nomaden.be\/wp-content\/uploads\/2021\/06\/DSC_0086.jpg 1285w\" sizes=\"auto, (max-width: 685px) 100vw, 685px\" \/><\/a><\/figure><\/li><li class=\"blocks-gallery-item\"><figure><a href=\"https:\/\/velo.nomaden.be\/wp-content\/uploads\/2021\/06\/DSC_0093.jpg\"><img loading=\"lazy\" decoding=\"async\" width=\"1024\" height=\"685\" src=\"https:\/\/velo.nomaden.be\/wp-content\/uploads\/2021\/06\/DSC_0093-1024x685.jpg\" alt=\"\" data-id=\"831\" data-full-url=\"https:\/\/velo.nomaden.be\/wp-content\/uploads\/2021\/06\/DSC_0093.jpg\" data-link=\"https:\/\/velo.nomaden.be\/?attachment_id=831\" class=\"wp-image-831\" srcset=\"https:\/\/velo.nomaden.be\/wp-content\/uploads\/2021\/06\/DSC_0093-1024x685.jpg 1024w, https:\/\/velo.nomaden.be\/wp-content\/uploads\/2021\/06\/DSC_0093-300x201.jpg 300w, https:\/\/velo.nomaden.be\/wp-content\/uploads\/2021\/06\/DSC_0093-768x514.jpg 768w, https:\/\/velo.nomaden.be\/wp-content\/uploads\/2021\/06\/DSC_0093-1536x1028.jpg 1536w, https:\/\/velo.nomaden.be\/wp-content\/uploads\/2021\/06\/DSC_0093.jpg 1920w\" sizes=\"auto, (max-width: 1024px) 100vw, 1024px\" \/><\/a><figcaption class=\"blocks-gallery-item__caption\">Mittagsrast kurz vor Berg\u00fcn<\/figcaption><\/figure><\/li><\/ul><\/figure>\n\n\n\n<p>Die Strasse durch die Scheinschlucht zwischen Tiefencastel und Thusis hat einen schlechten Ruf. Sie ist stark befahren, eng und f\u00fchrt durch einige l\u00e4ngere Tunnel. Schweizmobil empfiehlt stattdessen die Mountainbike Route 1 \u00fcber Alvaschein und Mundain zu nehmen. Doch der Aufstieg vom Vortag steckt uns noch in den Oberschenkeln. Die Aussicht auf Singletrails mit Tourenrad missf\u00e4llt uns. Daher nehmen wir den Zug bis Thusis. Wir \u00fcberlegen kurz ob wir von hier aus runter an den Bodensee oder rauf auf den San Bernardino wollen. Wir entscheiden uns f\u00fcr die Bergstrecke. Wir kurbeln obsig durch die Viamala und die Rofla Schlucht. Es regnet immer mal wieder, aber nie wirklich stark. In Sufers kaufen wir Nusstorte aus dem K\u00fchlschrank, in Spl\u00fcgen gibts Espresso und Torta della Nonna beim Italiener und e Suure Moscht und Bier auf dem Camping. Hier regnet es zum Gl\u00fcck nicht mehr.<\/p>\n\n\n\n<figure class=\"wp-block-gallery columns-2 is-cropped wp-block-gallery-4 is-layout-flex wp-block-gallery-is-layout-flex\"><ul class=\"blocks-gallery-grid\"><li class=\"blocks-gallery-item\"><figure><a href=\"https:\/\/velo.nomaden.be\/wp-content\/uploads\/2021\/06\/DSC_0097.jpg\"><img loading=\"lazy\" decoding=\"async\" width=\"1024\" height=\"685\" src=\"https:\/\/velo.nomaden.be\/wp-content\/uploads\/2021\/06\/DSC_0097-1024x685.jpg\" alt=\"\" data-id=\"805\" data-full-url=\"https:\/\/velo.nomaden.be\/wp-content\/uploads\/2021\/06\/DSC_0097.jpg\" data-link=\"https:\/\/velo.nomaden.be\/index.php\/2021\/06\/27\/vom-berner-oberland-ins-unterengadin\/dsc_0097\/\" class=\"wp-image-805\" srcset=\"https:\/\/velo.nomaden.be\/wp-content\/uploads\/2021\/06\/DSC_0097-1024x685.jpg 1024w, https:\/\/velo.nomaden.be\/wp-content\/uploads\/2021\/06\/DSC_0097-300x201.jpg 300w, https:\/\/velo.nomaden.be\/wp-content\/uploads\/2021\/06\/DSC_0097-768x514.jpg 768w, https:\/\/velo.nomaden.be\/wp-content\/uploads\/2021\/06\/DSC_0097-1536x1028.jpg 1536w, https:\/\/velo.nomaden.be\/wp-content\/uploads\/2021\/06\/DSC_0097.jpg 1920w\" sizes=\"auto, (max-width: 1024px) 100vw, 1024px\" \/><\/a><figcaption class=\"blocks-gallery-item__caption\">Oberhalb Roflaschlucht<\/figcaption><\/figure><\/li><li class=\"blocks-gallery-item\"><figure><a href=\"https:\/\/velo.nomaden.be\/wp-content\/uploads\/2021\/06\/20210608_165546.jpg\"><img loading=\"lazy\" decoding=\"async\" width=\"1024\" height=\"576\" src=\"https:\/\/velo.nomaden.be\/wp-content\/uploads\/2021\/06\/20210608_165546-1024x576.jpg\" alt=\"\" data-id=\"816\" data-full-url=\"https:\/\/velo.nomaden.be\/wp-content\/uploads\/2021\/06\/20210608_165546.jpg\" data-link=\"https:\/\/velo.nomaden.be\/index.php\/2021\/06\/27\/vom-berner-oberland-ins-unterengadin\/20210608_165546\/\" class=\"wp-image-816\" srcset=\"https:\/\/velo.nomaden.be\/wp-content\/uploads\/2021\/06\/20210608_165546-1024x576.jpg 1024w, https:\/\/velo.nomaden.be\/wp-content\/uploads\/2021\/06\/20210608_165546-300x169.jpg 300w, https:\/\/velo.nomaden.be\/wp-content\/uploads\/2021\/06\/20210608_165546-768x432.jpg 768w, https:\/\/velo.nomaden.be\/wp-content\/uploads\/2021\/06\/20210608_165546-1536x864.jpg 1536w, https:\/\/velo.nomaden.be\/wp-content\/uploads\/2021\/06\/20210608_165546.jpg 1920w\" sizes=\"auto, (max-width: 1024px) 100vw, 1024px\" \/><\/a><figcaption class=\"blocks-gallery-item__caption\">Feierabend in Spl\u00fcgen<\/figcaption><\/figure><\/li><\/ul><\/figure>\n\n\n\n<p>Die n\u00e4chste Etappe f\u00fchrt uns zuerst weiter durch den Rheinwald. Bei einem kurzen Trinkhalt passiert das, was uns die letzten zwei Tage auch jeweils passiert ist. Wir werden von einem welschen Paar auf E-Bikes \u00fcberholt. Wir plaudern ein bisschen und fahren dann in unseren Tempi weiter. Die eigentliche Passstrasse windet sich in vern\u00fcnftiger Steigung ab der Ortschaft Hinterrhein bis zur Passh\u00f6he hoch. Es reicht noch f\u00fcr ein Cappuccino bevor sich der Himmel verfinstert und ein k\u00fchler Regenschauer mit Graupel einsetzt. Aber schon bevor wir in der Ortschaft San Bernardino einfahren ist die Strasse schon wieder trocken. Nachdem Zmittag gehts dann richtig runter. Bis Pian San Giacomo auf der Hauptstrasse und danach nach Mesocco auf einer sehr steilen Nebenstrasse. In Lostallo kaufen wir Fisch aus der lokalen Zucht und in Roveredo den Rest f\u00fcr unser Znacht. Der Camping in Bellinzona ist etwas ausserhalb. Zum Gl\u00fcck haben wir alles f\u00fcrs Znacht dabei. Es reicht noch f\u00fcr ein kleines Ap\u00e9ro mit einem Veloreisenden aus M\u00fcnchen bevor ein kr\u00e4ftiger Gewitterregen uns in die Zelte jagt. Gekocht wird sobald sich die Wetterlage etwas beruhigt hat.<\/p>\n\n\n\n<figure class=\"wp-block-gallery columns-3 is-cropped wp-block-gallery-5 is-layout-flex wp-block-gallery-is-layout-flex\"><ul class=\"blocks-gallery-grid\"><li class=\"blocks-gallery-item\"><figure><a href=\"https:\/\/velo.nomaden.be\/wp-content\/uploads\/2021\/06\/IMG_20210609_103819.jpg\"><img loading=\"lazy\" decoding=\"async\" width=\"1024\" height=\"768\" src=\"https:\/\/velo.nomaden.be\/wp-content\/uploads\/2021\/06\/IMG_20210609_103819-1024x768.jpg\" alt=\"\" data-id=\"827\" data-full-url=\"https:\/\/velo.nomaden.be\/wp-content\/uploads\/2021\/06\/IMG_20210609_103819.jpg\" data-link=\"https:\/\/velo.nomaden.be\/?attachment_id=827\" class=\"wp-image-827\" srcset=\"https:\/\/velo.nomaden.be\/wp-content\/uploads\/2021\/06\/IMG_20210609_103819-1024x768.jpg 1024w, https:\/\/velo.nomaden.be\/wp-content\/uploads\/2021\/06\/IMG_20210609_103819-300x225.jpg 300w, https:\/\/velo.nomaden.be\/wp-content\/uploads\/2021\/06\/IMG_20210609_103819-768x576.jpg 768w, https:\/\/velo.nomaden.be\/wp-content\/uploads\/2021\/06\/IMG_20210609_103819-1536x1152.jpg 1536w, https:\/\/velo.nomaden.be\/wp-content\/uploads\/2021\/06\/IMG_20210609_103819.jpg 1920w\" sizes=\"auto, (max-width: 1024px) 100vw, 1024px\" \/><\/a><figcaption class=\"blocks-gallery-item__caption\">Nufenen<\/figcaption><\/figure><\/li><li class=\"blocks-gallery-item\"><figure><a href=\"https:\/\/velo.nomaden.be\/wp-content\/uploads\/2021\/06\/IMG_20210609_115736.jpg\"><img loading=\"lazy\" decoding=\"async\" width=\"1024\" height=\"768\" src=\"https:\/\/velo.nomaden.be\/wp-content\/uploads\/2021\/06\/IMG_20210609_115736-1024x768.jpg\" alt=\"\" data-id=\"791\" data-full-url=\"https:\/\/velo.nomaden.be\/wp-content\/uploads\/2021\/06\/IMG_20210609_115736.jpg\" data-link=\"https:\/\/velo.nomaden.be\/index.php\/2021\/06\/27\/vom-berner-oberland-ins-unterengadin\/img_20210609_115736\/\" class=\"wp-image-791\" srcset=\"https:\/\/velo.nomaden.be\/wp-content\/uploads\/2021\/06\/IMG_20210609_115736-1024x768.jpg 1024w, https:\/\/velo.nomaden.be\/wp-content\/uploads\/2021\/06\/IMG_20210609_115736-300x225.jpg 300w, https:\/\/velo.nomaden.be\/wp-content\/uploads\/2021\/06\/IMG_20210609_115736-768x576.jpg 768w, https:\/\/velo.nomaden.be\/wp-content\/uploads\/2021\/06\/IMG_20210609_115736-1536x1152.jpg 1536w, https:\/\/velo.nomaden.be\/wp-content\/uploads\/2021\/06\/IMG_20210609_115736.jpg 1920w\" sizes=\"auto, (max-width: 1024px) 100vw, 1024px\" \/><\/a><figcaption class=\"blocks-gallery-item__caption\">Hinterrhein<\/figcaption><\/figure><\/li><li class=\"blocks-gallery-item\"><figure><a href=\"https:\/\/velo.nomaden.be\/wp-content\/uploads\/2021\/06\/DSC_0101.jpg\"><img loading=\"lazy\" decoding=\"async\" width=\"1024\" height=\"685\" src=\"https:\/\/velo.nomaden.be\/wp-content\/uploads\/2021\/06\/DSC_0101-1024x685.jpg\" alt=\"\" data-id=\"804\" data-full-url=\"https:\/\/velo.nomaden.be\/wp-content\/uploads\/2021\/06\/DSC_0101.jpg\" data-link=\"https:\/\/velo.nomaden.be\/index.php\/2021\/06\/27\/vom-berner-oberland-ins-unterengadin\/dsc_0101\/\" class=\"wp-image-804\" srcset=\"https:\/\/velo.nomaden.be\/wp-content\/uploads\/2021\/06\/DSC_0101-1024x685.jpg 1024w, https:\/\/velo.nomaden.be\/wp-content\/uploads\/2021\/06\/DSC_0101-300x201.jpg 300w, https:\/\/velo.nomaden.be\/wp-content\/uploads\/2021\/06\/DSC_0101-768x514.jpg 768w, https:\/\/velo.nomaden.be\/wp-content\/uploads\/2021\/06\/DSC_0101-1536x1028.jpg 1536w, https:\/\/velo.nomaden.be\/wp-content\/uploads\/2021\/06\/DSC_0101.jpg 1920w\" sizes=\"auto, (max-width: 1024px) 100vw, 1024px\" \/><\/a><figcaption class=\"blocks-gallery-item__caption\">Passh\u00f6he kurz vor dem Regenschauer<\/figcaption><\/figure><\/li><li class=\"blocks-gallery-item\"><figure><a href=\"https:\/\/velo.nomaden.be\/wp-content\/uploads\/2021\/06\/IMG_20210609_141852.jpg\"><img loading=\"lazy\" decoding=\"async\" width=\"1024\" height=\"768\" src=\"https:\/\/velo.nomaden.be\/wp-content\/uploads\/2021\/06\/IMG_20210609_141852-1024x768.jpg\" alt=\"\" data-id=\"790\" data-full-url=\"https:\/\/velo.nomaden.be\/wp-content\/uploads\/2021\/06\/IMG_20210609_141852.jpg\" data-link=\"https:\/\/velo.nomaden.be\/index.php\/2021\/06\/27\/vom-berner-oberland-ins-unterengadin\/img_20210609_141852\/\" class=\"wp-image-790\" srcset=\"https:\/\/velo.nomaden.be\/wp-content\/uploads\/2021\/06\/IMG_20210609_141852-1024x768.jpg 1024w, https:\/\/velo.nomaden.be\/wp-content\/uploads\/2021\/06\/IMG_20210609_141852-300x225.jpg 300w, https:\/\/velo.nomaden.be\/wp-content\/uploads\/2021\/06\/IMG_20210609_141852-768x576.jpg 768w, https:\/\/velo.nomaden.be\/wp-content\/uploads\/2021\/06\/IMG_20210609_141852-1536x1152.jpg 1536w, https:\/\/velo.nomaden.be\/wp-content\/uploads\/2021\/06\/IMG_20210609_141852.jpg 1920w\" sizes=\"auto, (max-width: 1024px) 100vw, 1024px\" \/><\/a><figcaption class=\"blocks-gallery-item__caption\">Blick ins Misox<\/figcaption><\/figure><\/li><li class=\"blocks-gallery-item\"><figure><a href=\"https:\/\/velo.nomaden.be\/wp-content\/uploads\/2021\/06\/IMG_20210610_161646.jpg\"><img loading=\"lazy\" decoding=\"async\" width=\"1024\" height=\"768\" src=\"https:\/\/velo.nomaden.be\/wp-content\/uploads\/2021\/06\/IMG_20210610_161646-1024x768.jpg\" alt=\"\" data-id=\"788\" data-full-url=\"https:\/\/velo.nomaden.be\/wp-content\/uploads\/2021\/06\/IMG_20210610_161646.jpg\" data-link=\"https:\/\/velo.nomaden.be\/index.php\/2021\/06\/27\/vom-berner-oberland-ins-unterengadin\/img_20210610_161646\/\" class=\"wp-image-788\" srcset=\"https:\/\/velo.nomaden.be\/wp-content\/uploads\/2021\/06\/IMG_20210610_161646-1024x768.jpg 1024w, https:\/\/velo.nomaden.be\/wp-content\/uploads\/2021\/06\/IMG_20210610_161646-300x225.jpg 300w, https:\/\/velo.nomaden.be\/wp-content\/uploads\/2021\/06\/IMG_20210610_161646-768x576.jpg 768w, https:\/\/velo.nomaden.be\/wp-content\/uploads\/2021\/06\/IMG_20210610_161646-1536x1152.jpg 1536w, https:\/\/velo.nomaden.be\/wp-content\/uploads\/2021\/06\/IMG_20210610_161646.jpg 1920w\" sizes=\"auto, (max-width: 1024px) 100vw, 1024px\" \/><\/a><figcaption class=\"blocks-gallery-item__caption\">Lago Maggiore<\/figcaption><\/figure><\/li><\/ul><\/figure>\n\n\n\n<p>Den n\u00e4chsten Tag verbringen wir in der Stadt (neue Bremsbel\u00e4ge kaufen) und am Lago Maggiore (baden und Gelati essen). Und den Abend geniessen wir in der Camping Beiz wo \u00fcberraschend gutes Essen und g\u00fcnstigen Aperol Spritz serviert wird.<\/p>\n","protected":false},"excerpt":{"rendered":"<p>Schon der erste Aufstieg von Scuol nach Ftan ist ein kleiner Vorgeschmack von dem was uns in den folgenden Tagen erwarten wird. Kurve um Kurve windet sich die Strasse dem kleinen Dorf entgegen. Dannach f\u00fchrt der Veloweg hoch \u00fcber dem Inn durch die D\u00f6rfer Ardez, Bos-cha und Guarda. In Zernez treffen wir auf Velofahrer aus [&hellip;]<\/p>\n","protected":false},"author":1,"featured_media":0,"comment_status":"closed","ping_status":"closed","sticky":false,"template":"","format":"standard","meta":{"footnotes":""},"categories":[14],"tags":[],"class_list":["post-773","post","type-post","status-publish","format-standard","hentry","category-ch","gallery-content-unit"],"_links":{"self":[{"href":"https:\/\/velo.nomaden.be\/index.php\/wp-json\/wp\/v2\/posts\/773","targetHints":{"allow":["GET"]}}],"collection":[{"href":"https:\/\/velo.nomaden.be\/index.php\/wp-json\/wp\/v2\/posts"}],"about":[{"href":"https:\/\/velo.nomaden.be\/index.php\/wp-json\/wp\/v2\/types\/post"}],"author":[{"embeddable":true,"href":"https:\/\/velo.nomaden.be\/index.php\/wp-json\/wp\/v2\/users\/1"}],"replies":[{"embeddable":true,"href":"https:\/\/velo.nomaden.be\/index.php\/wp-json\/wp\/v2\/comments?post=773"}],"version-history":[{"count":10,"href":"https:\/\/velo.nomaden.be\/index.php\/wp-json\/wp\/v2\/posts\/773\/revisions"}],"predecessor-version":[{"id":843,"href":"https:\/\/velo.nomaden.be\/index.php\/wp-json\/wp\/v2\/posts\/773\/revisions\/843"}],"wp:attachment":[{"href":"https:\/\/velo.nomaden.be\/index.php\/wp-json\/wp\/v2\/media?parent=773"}],"wp:term":[{"taxonomy":"category","embeddable":true,"href":"https:\/\/velo.nomaden.be\/index.php\/wp-json\/wp\/v2\/categories?post=773"},{"taxonomy":"post_tag","embeddable":true,"href":"https:\/\/velo.nomaden.be\/index.php\/wp-json\/wp\/v2\/tags?post=773"}],"curies":[{"name":"wp","href":"https:\/\/api.w.org\/{rel}","templated":true}]}}