{"id":768,"date":"2021-06-27T22:05:23","date_gmt":"2021-06-27T20:05:23","guid":{"rendered":"https:\/\/velo.nomaden.be\/?p=768"},"modified":"2021-06-27T23:15:35","modified_gmt":"2021-06-27T21:15:35","slug":"vom-berner-oberland-ins-unterengadin","status":"publish","type":"post","link":"https:\/\/velo.nomaden.be\/index.php\/2021\/06\/27\/vom-berner-oberland-ins-unterengadin\/","title":{"rendered":"Vom Berner Oberland ins Unterengadin"},"content":{"rendered":"\n<p>Bei strahlendem Sonnenschein und sommerlichen Temperaturen brechen wir Ende Mai auf zu unserer diesj\u00e4hrigen Velotour in der Schweiz. Wir haben uns keine spezielle Route vorgenommen und auch keine Region. Wir fahren einfach am Sonntagnachmittag von zu Hause los und lassen uns mit dem R\u00fcckenwind ins Berner Oberland treiben. Nach nur wenigen Kilometern haben wir den ersten Etappenort Steffisburg erreicht, wo wir beim Familienbesuch auch gleich unser Zelt im Garten aufstellen k\u00f6nnen.<\/p>\n\n\n\n<p>Am Thuner- und Brienzersee entlang radeln wir am n\u00e4chsten Morgen weiter. Die Strasse zwischen Thun und Interlaken ist ziemlich befahren, aber daf\u00fcr hat man auf dieser Seeseite immer den See gleich neben sich. Der Veloweg f\u00fchrt durchs beschauliche St\u00e4dtli von Unterseen.<\/p>\n\n\n\n<p>In Interlaken wechseln wir den See und auch die Seeseite. Doch vor dem Aufstieg nach Iseltwald gibts erst einmal Mittagsrast. Nach diesem B\u00e4nkli am See endet n\u00e4mlich der flache Radweg. Der Nachmittag f\u00fchrt uns mit Steigungen bis zu 20% \u00fcber Iseltwald, zu den Giessbachf\u00e4llen und wieder runter nach Unterbach. Die letzten Kilometer bis Meiringen sind dann wieder flach und der Gegenwind mild. Bevor wir unser Zelt auf dem Campingplatz Balmweid aufstellen, belohnen wir uns in Meiringen noch mit Tatzelwurm und Kaffee. Den Kaffee zum Mitnehmen geniessen wir \u00fcbrigens aus unseren Camping-Bechern. Bisher haben wir noch immer so auf den unn\u00f6tigen M\u00fcll von Pappbechern verzichten k\u00f6nnen. Und nur selten f\u00fcllen die Baristas den Kaffee vom Pappbechern dann in unsere Camping-Becher um.<\/p>\n\n\n\n<figure class=\"wp-block-gallery columns-3 is-cropped wp-block-gallery-1 is-layout-flex wp-block-gallery-is-layout-flex\"><ul class=\"blocks-gallery-grid\"><li class=\"blocks-gallery-item\"><figure><a href=\"https:\/\/velo.nomaden.be\/wp-content\/uploads\/2021\/06\/DSC_0039.jpg\"><img loading=\"lazy\" decoding=\"async\" width=\"1024\" height=\"685\" src=\"https:\/\/velo.nomaden.be\/wp-content\/uploads\/2021\/06\/DSC_0039-1024x685.jpg\" alt=\"\" data-id=\"815\" data-full-url=\"https:\/\/velo.nomaden.be\/wp-content\/uploads\/2021\/06\/DSC_0039.jpg\" data-link=\"https:\/\/velo.nomaden.be\/?attachment_id=815\" class=\"wp-image-815\" srcset=\"https:\/\/velo.nomaden.be\/wp-content\/uploads\/2021\/06\/DSC_0039-1024x685.jpg 1024w, https:\/\/velo.nomaden.be\/wp-content\/uploads\/2021\/06\/DSC_0039-300x201.jpg 300w, https:\/\/velo.nomaden.be\/wp-content\/uploads\/2021\/06\/DSC_0039-768x514.jpg 768w, https:\/\/velo.nomaden.be\/wp-content\/uploads\/2021\/06\/DSC_0039-1536x1028.jpg 1536w, https:\/\/velo.nomaden.be\/wp-content\/uploads\/2021\/06\/DSC_0039.jpg 1920w\" sizes=\"auto, (max-width: 1024px) 100vw, 1024px\" \/><\/a><figcaption class=\"blocks-gallery-item__caption\">Blick \u00fcber den Brienzersee<\/figcaption><\/figure><\/li><li class=\"blocks-gallery-item\"><figure><a href=\"https:\/\/velo.nomaden.be\/wp-content\/uploads\/2021\/06\/DSC_0040.jpg\"><img loading=\"lazy\" decoding=\"async\" width=\"685\" height=\"1024\" src=\"https:\/\/velo.nomaden.be\/wp-content\/uploads\/2021\/06\/DSC_0040-685x1024.jpg\" alt=\"\" data-id=\"814\" data-full-url=\"https:\/\/velo.nomaden.be\/wp-content\/uploads\/2021\/06\/DSC_0040.jpg\" data-link=\"https:\/\/velo.nomaden.be\/?attachment_id=814\" class=\"wp-image-814\" srcset=\"https:\/\/velo.nomaden.be\/wp-content\/uploads\/2021\/06\/DSC_0040-685x1024.jpg 685w, https:\/\/velo.nomaden.be\/wp-content\/uploads\/2021\/06\/DSC_0040-201x300.jpg 201w, https:\/\/velo.nomaden.be\/wp-content\/uploads\/2021\/06\/DSC_0040-768x1148.jpg 768w, https:\/\/velo.nomaden.be\/wp-content\/uploads\/2021\/06\/DSC_0040-1028x1536.jpg 1028w, https:\/\/velo.nomaden.be\/wp-content\/uploads\/2021\/06\/DSC_0040.jpg 1285w\" sizes=\"auto, (max-width: 685px) 100vw, 685px\" \/><\/a><figcaption class=\"blocks-gallery-item__caption\">Mittagspl\u00e4tzli 2. Etappe<\/figcaption><\/figure><\/li><li class=\"blocks-gallery-item\"><figure><a href=\"https:\/\/velo.nomaden.be\/wp-content\/uploads\/2021\/06\/IMG_20210531_135250.jpg\"><img loading=\"lazy\" decoding=\"async\" width=\"768\" height=\"1024\" src=\"https:\/\/velo.nomaden.be\/wp-content\/uploads\/2021\/06\/IMG_20210531_135250-768x1024.jpg\" alt=\"\" data-id=\"802\" data-full-url=\"https:\/\/velo.nomaden.be\/wp-content\/uploads\/2021\/06\/IMG_20210531_135250.jpg\" data-link=\"https:\/\/velo.nomaden.be\/?attachment_id=802\" class=\"wp-image-802\" srcset=\"https:\/\/velo.nomaden.be\/wp-content\/uploads\/2021\/06\/IMG_20210531_135250-768x1024.jpg 768w, https:\/\/velo.nomaden.be\/wp-content\/uploads\/2021\/06\/IMG_20210531_135250-225x300.jpg 225w, https:\/\/velo.nomaden.be\/wp-content\/uploads\/2021\/06\/IMG_20210531_135250-1152x1536.jpg 1152w, https:\/\/velo.nomaden.be\/wp-content\/uploads\/2021\/06\/IMG_20210531_135250.jpg 1440w\" sizes=\"auto, (max-width: 768px) 100vw, 768px\" \/><\/a><figcaption class=\"blocks-gallery-item__caption\">20 % Steigung hoch \u00fcber dem Brienzersee&#8230;<\/figcaption><\/figure><\/li><li class=\"blocks-gallery-item\"><figure><a href=\"https:\/\/velo.nomaden.be\/wp-content\/uploads\/2021\/06\/IMG_20210531_141033.jpg\"><img loading=\"lazy\" decoding=\"async\" width=\"768\" height=\"1024\" src=\"https:\/\/velo.nomaden.be\/wp-content\/uploads\/2021\/06\/IMG_20210531_141033-768x1024.jpg\" alt=\"\" data-id=\"801\" data-full-url=\"https:\/\/velo.nomaden.be\/wp-content\/uploads\/2021\/06\/IMG_20210531_141033.jpg\" data-link=\"https:\/\/velo.nomaden.be\/?attachment_id=801\" class=\"wp-image-801\" srcset=\"https:\/\/velo.nomaden.be\/wp-content\/uploads\/2021\/06\/IMG_20210531_141033-768x1024.jpg 768w, https:\/\/velo.nomaden.be\/wp-content\/uploads\/2021\/06\/IMG_20210531_141033-225x300.jpg 225w, https:\/\/velo.nomaden.be\/wp-content\/uploads\/2021\/06\/IMG_20210531_141033-1152x1536.jpg 1152w, https:\/\/velo.nomaden.be\/wp-content\/uploads\/2021\/06\/IMG_20210531_141033.jpg 1440w\" sizes=\"auto, (max-width: 768px) 100vw, 768px\" \/><\/a><figcaption class=\"blocks-gallery-item__caption\">&#8230; und dann noch Absturzgefahr<\/figcaption><\/figure><\/li><li class=\"blocks-gallery-item\"><figure><a href=\"https:\/\/velo.nomaden.be\/wp-content\/uploads\/2021\/06\/DSC_0044.jpg\"><img loading=\"lazy\" decoding=\"async\" width=\"1024\" height=\"685\" src=\"https:\/\/velo.nomaden.be\/wp-content\/uploads\/2021\/06\/DSC_0044-1024x685.jpg\" alt=\"\" data-id=\"813\" data-full-url=\"https:\/\/velo.nomaden.be\/wp-content\/uploads\/2021\/06\/DSC_0044.jpg\" data-link=\"https:\/\/velo.nomaden.be\/?attachment_id=813\" class=\"wp-image-813\" srcset=\"https:\/\/velo.nomaden.be\/wp-content\/uploads\/2021\/06\/DSC_0044-1024x685.jpg 1024w, https:\/\/velo.nomaden.be\/wp-content\/uploads\/2021\/06\/DSC_0044-300x201.jpg 300w, https:\/\/velo.nomaden.be\/wp-content\/uploads\/2021\/06\/DSC_0044-768x514.jpg 768w, https:\/\/velo.nomaden.be\/wp-content\/uploads\/2021\/06\/DSC_0044-1536x1028.jpg 1536w, https:\/\/velo.nomaden.be\/wp-content\/uploads\/2021\/06\/DSC_0044.jpg 1920w\" sizes=\"auto, (max-width: 1024px) 100vw, 1024px\" \/><\/a><figcaption class=\"blocks-gallery-item__caption\">bei den Giessbachf\u00e4llen<\/figcaption><\/figure><\/li><li class=\"blocks-gallery-item\"><figure><a href=\"https:\/\/velo.nomaden.be\/wp-content\/uploads\/2021\/06\/IMG_20210531_153046.jpg\"><img loading=\"lazy\" decoding=\"async\" width=\"768\" height=\"1024\" src=\"https:\/\/velo.nomaden.be\/wp-content\/uploads\/2021\/06\/IMG_20210531_153046-768x1024.jpg\" alt=\"\" data-id=\"800\" data-full-url=\"https:\/\/velo.nomaden.be\/wp-content\/uploads\/2021\/06\/IMG_20210531_153046.jpg\" data-link=\"https:\/\/velo.nomaden.be\/?attachment_id=800\" class=\"wp-image-800\" srcset=\"https:\/\/velo.nomaden.be\/wp-content\/uploads\/2021\/06\/IMG_20210531_153046-768x1024.jpg 768w, https:\/\/velo.nomaden.be\/wp-content\/uploads\/2021\/06\/IMG_20210531_153046-225x300.jpg 225w, https:\/\/velo.nomaden.be\/wp-content\/uploads\/2021\/06\/IMG_20210531_153046-1152x1536.jpg 1152w, https:\/\/velo.nomaden.be\/wp-content\/uploads\/2021\/06\/IMG_20210531_153046.jpg 1440w\" sizes=\"auto, (max-width: 768px) 100vw, 768px\" \/><\/a><figcaption class=\"blocks-gallery-item__caption\">Meiringer Tatzelwurm<\/figcaption><\/figure><\/li><\/ul><\/figure>\n\n\n\n<p>F\u00fcr die 3. Etappe w\u00e4re ein Tatzelwurm am Morgen angebracht. Die ersten 5 Kilometer f\u00fchren \u00fcber 450 H\u00f6henmeter von Meiringen auf den Hasliberg. Die Br\u00fcnigpassstrasse w\u00e4re hier mit weniger Kraftauswand zu bew\u00e4ltigen gewesen. Unterwegs werden immer wieder von Mot\u00f6rli-Biker:innen \u00fcberholt. Zum Gl\u00fcck gibt es zwischendurch klares, kaltes Quellwasser. Es ist n\u00e4mlich wieder ein sonniger, warmer Tag und wir kommen ordentlich ins Schwitzen. Vom Hasliberg fahren wir runter auf den Br\u00fcnigpass. Nach einem kurzen St\u00fcck auf der Passstrasse geht der Radweg dann rechts ab und wir fahren abseits der Br\u00fcnigpassstrasse in Richtung Lungern.<\/p>\n\n\n\n<p>Nach einer rasanten Abfahrt treffen wir in Giswil auf ein \u00e4lteres Radtourenpaar. Beide etwas geniert, dass sie jetzt mit E-Unterst\u00fctzung fahren. Dabei lassen sie nicht unerw\u00e4hnt, dass sie in fr\u00fcheren Jahren von der Schweiz bis nach St. Petersburg gefahren seien &#8211; ohne Motor. Nach einem kurzen Schwatz ziehen wir in gegengesetzter Richtungen weiter.<\/p>\n\n\n\n<p>In Sachseln fahren wir am ersten Firma aus dem WOZ-R\u00fcstungsreport vorbei. Maxon ist leider nicht nur Hersteller von E-Bike-Motoren und Mars-Rover, sondern auch Zulieferer f\u00fcr Drohnen, Bomben und Raketen.<\/p>\n\n\n\n<p>In Sachseln endet auch das gem\u00fctliche gerade aus und runter fahren. Um nach Stans zu gelangen geht es erstmal deftig obsig. Hitze und Hunger lassen uns schon bei der alten Salzbrunnen-Br\u00fccke Rast machen. Nach einem weiteren, gef\u00fchlt ewig langem Aufstieg, kommt endlich der Abzweiger nach Kerns. Trotz Tempo liest Eliane aufmerksam die Schilder und legt eine gekonnte Vollbremsung ein bei Migis Schoggi G\u00e4deli. Die tiefgek\u00fchlten Torten passen leider nicht in unsere Saccochen, daf\u00fcr aber zwei Glac\u00e9-Becher und ein St\u00fcck Alpk\u00e4se.<\/p>\n\n\n\n<p>Die zweite Firma aus dem R\u00fcstungsreport treffen wir in Stans an. Hier sind die Pilatus-Werke zu Hause.<\/p>\n\n\n\n<p>Mit der Autof\u00e4hre gelangen wir von Beckenried NW nach Gersau SZ. Von da sind wir nach wenigen Kilometern auf dem Zeltplatz in Brunnen SZ. Mit \u00fcber 65 Kilometern und 998 H\u00f6henmetern in den Beinen sind wir zu M\u00fcde um noch selber zu kochen. Nach mehr als sechs Monaten, in denen wir Pandemie bedingt nicht Essen gehen konnten, ist es aber noch etwas ungewohnt, mal wieder auf der Terrasse einer Pizzeria zu sitzen.<\/p>\n\n\n\n<figure class=\"wp-block-gallery columns-2 is-cropped wp-block-gallery-2 is-layout-flex wp-block-gallery-is-layout-flex\"><ul class=\"blocks-gallery-grid\"><li class=\"blocks-gallery-item\"><figure><a href=\"https:\/\/velo.nomaden.be\/wp-content\/uploads\/2021\/06\/DSC_0051.jpg\"><img loading=\"lazy\" decoding=\"async\" width=\"685\" height=\"1024\" src=\"https:\/\/velo.nomaden.be\/wp-content\/uploads\/2021\/06\/DSC_0051-685x1024.jpg\" alt=\"\" data-id=\"812\" data-full-url=\"https:\/\/velo.nomaden.be\/wp-content\/uploads\/2021\/06\/DSC_0051.jpg\" data-link=\"https:\/\/velo.nomaden.be\/?attachment_id=812\" class=\"wp-image-812\" srcset=\"https:\/\/velo.nomaden.be\/wp-content\/uploads\/2021\/06\/DSC_0051-685x1024.jpg 685w, https:\/\/velo.nomaden.be\/wp-content\/uploads\/2021\/06\/DSC_0051-201x300.jpg 201w, https:\/\/velo.nomaden.be\/wp-content\/uploads\/2021\/06\/DSC_0051-768x1148.jpg 768w, https:\/\/velo.nomaden.be\/wp-content\/uploads\/2021\/06\/DSC_0051-1028x1536.jpg 1028w, https:\/\/velo.nomaden.be\/wp-content\/uploads\/2021\/06\/DSC_0051.jpg 1285w\" sizes=\"auto, (max-width: 685px) 100vw, 685px\" \/><\/a><figcaption class=\"blocks-gallery-item__caption\">Abfahrt nach Giswil<\/figcaption><\/figure><\/li><li class=\"blocks-gallery-item\"><figure><a href=\"https:\/\/velo.nomaden.be\/wp-content\/uploads\/2021\/06\/IMG_20210601_162522.jpg\"><img loading=\"lazy\" decoding=\"async\" width=\"1024\" height=\"768\" src=\"https:\/\/velo.nomaden.be\/wp-content\/uploads\/2021\/06\/IMG_20210601_162522-1024x768.jpg\" alt=\"\" data-id=\"799\" data-full-url=\"https:\/\/velo.nomaden.be\/wp-content\/uploads\/2021\/06\/IMG_20210601_162522.jpg\" data-link=\"https:\/\/velo.nomaden.be\/?attachment_id=799\" class=\"wp-image-799\" srcset=\"https:\/\/velo.nomaden.be\/wp-content\/uploads\/2021\/06\/IMG_20210601_162522-1024x768.jpg 1024w, https:\/\/velo.nomaden.be\/wp-content\/uploads\/2021\/06\/IMG_20210601_162522-300x225.jpg 300w, https:\/\/velo.nomaden.be\/wp-content\/uploads\/2021\/06\/IMG_20210601_162522-768x576.jpg 768w, https:\/\/velo.nomaden.be\/wp-content\/uploads\/2021\/06\/IMG_20210601_162522-1536x1152.jpg 1536w, https:\/\/velo.nomaden.be\/wp-content\/uploads\/2021\/06\/IMG_20210601_162522.jpg 1920w\" sizes=\"auto, (max-width: 1024px) 100vw, 1024px\" \/><\/a><figcaption class=\"blocks-gallery-item__caption\">mit der Autof\u00e4hre \u00fcber den Vierwaldst\u00e4ttersee<\/figcaption><\/figure><\/li><\/ul><\/figure>\n\n\n\n<p>Die 4. Etappe f\u00fchrt uns quer durch den Kanton Schwyz. \u00dcber Seewen und Steinerberg geht es wieder hoch \u00fcber den Sattel. Wir staunen nicht schlecht, als wir bei den Wanderweg-Wegweisern lesen, dass wir wieder auf \u00fcber 900 M. \u00fc. M. angelangt sind. Brunnen liegt bei gut 400 M. \u00fc. M. Belohnt wird dieser Aufstieg mit der Fahrt durch das Hochmoor von Rothenthurm und anschliessend Kaffee und Kuchen in Einsiedeln.<\/p>\n\n\n\n<p>Das Etappenziel ist heute schon bald erreicht. In Euthal gibt es einen kleinen Campingplatz direkt am See. Der Ort verf\u00fcgt sogar \u00fcber einen Laden, so dass wir uns mit frischen Erdbeeren und k\u00fchlem Einsiedlerbier eindecken k\u00f6nnen.<\/p>\n\n\n\n<figure class=\"wp-block-gallery columns-3 is-cropped wp-block-gallery-3 is-layout-flex wp-block-gallery-is-layout-flex\"><ul class=\"blocks-gallery-grid\"><li class=\"blocks-gallery-item\"><figure><a href=\"https:\/\/velo.nomaden.be\/wp-content\/uploads\/2021\/06\/DSC_0056.jpg\"><img loading=\"lazy\" decoding=\"async\" width=\"1024\" height=\"685\" src=\"https:\/\/velo.nomaden.be\/wp-content\/uploads\/2021\/06\/DSC_0056-1024x685.jpg\" alt=\"\" data-id=\"811\" data-full-url=\"https:\/\/velo.nomaden.be\/wp-content\/uploads\/2021\/06\/DSC_0056.jpg\" data-link=\"https:\/\/velo.nomaden.be\/?attachment_id=811\" class=\"wp-image-811\" srcset=\"https:\/\/velo.nomaden.be\/wp-content\/uploads\/2021\/06\/DSC_0056-1024x685.jpg 1024w, https:\/\/velo.nomaden.be\/wp-content\/uploads\/2021\/06\/DSC_0056-300x201.jpg 300w, https:\/\/velo.nomaden.be\/wp-content\/uploads\/2021\/06\/DSC_0056-768x514.jpg 768w, https:\/\/velo.nomaden.be\/wp-content\/uploads\/2021\/06\/DSC_0056-1536x1028.jpg 1536w, https:\/\/velo.nomaden.be\/wp-content\/uploads\/2021\/06\/DSC_0056.jpg 1920w\" sizes=\"auto, (max-width: 1024px) 100vw, 1024px\" \/><\/a><figcaption class=\"blocks-gallery-item__caption\">Hochmoor Rothenthurm<\/figcaption><\/figure><\/li><li class=\"blocks-gallery-item\"><figure><a href=\"https:\/\/velo.nomaden.be\/wp-content\/uploads\/2021\/06\/IMG_20210603_083344.jpg\"><img loading=\"lazy\" decoding=\"async\" width=\"768\" height=\"1024\" src=\"https:\/\/velo.nomaden.be\/wp-content\/uploads\/2021\/06\/IMG_20210603_083344-768x1024.jpg\" alt=\"\" data-id=\"796\" data-full-url=\"https:\/\/velo.nomaden.be\/wp-content\/uploads\/2021\/06\/IMG_20210603_083344.jpg\" data-link=\"https:\/\/velo.nomaden.be\/?attachment_id=796\" class=\"wp-image-796\" srcset=\"https:\/\/velo.nomaden.be\/wp-content\/uploads\/2021\/06\/IMG_20210603_083344-768x1024.jpg 768w, https:\/\/velo.nomaden.be\/wp-content\/uploads\/2021\/06\/IMG_20210603_083344-225x300.jpg 225w, https:\/\/velo.nomaden.be\/wp-content\/uploads\/2021\/06\/IMG_20210603_083344-1152x1536.jpg 1152w, https:\/\/velo.nomaden.be\/wp-content\/uploads\/2021\/06\/IMG_20210603_083344.jpg 1440w\" sizes=\"auto, (max-width: 768px) 100vw, 768px\" \/><\/a><figcaption class=\"blocks-gallery-item__caption\">Zitronen-Gonfi nach Transport in Saccoche<\/figcaption><\/figure><\/li><li class=\"blocks-gallery-item\"><figure><a href=\"https:\/\/velo.nomaden.be\/wp-content\/uploads\/2021\/06\/IMG_20210602_160146.jpg\"><img loading=\"lazy\" decoding=\"async\" width=\"1024\" height=\"768\" src=\"https:\/\/velo.nomaden.be\/wp-content\/uploads\/2021\/06\/IMG_20210602_160146-1024x768.jpg\" alt=\"\" data-id=\"797\" data-full-url=\"https:\/\/velo.nomaden.be\/wp-content\/uploads\/2021\/06\/IMG_20210602_160146.jpg\" data-link=\"https:\/\/velo.nomaden.be\/?attachment_id=797\" class=\"wp-image-797\" srcset=\"https:\/\/velo.nomaden.be\/wp-content\/uploads\/2021\/06\/IMG_20210602_160146-1024x768.jpg 1024w, https:\/\/velo.nomaden.be\/wp-content\/uploads\/2021\/06\/IMG_20210602_160146-300x225.jpg 300w, https:\/\/velo.nomaden.be\/wp-content\/uploads\/2021\/06\/IMG_20210602_160146-768x576.jpg 768w, https:\/\/velo.nomaden.be\/wp-content\/uploads\/2021\/06\/IMG_20210602_160146-1536x1152.jpg 1536w, https:\/\/velo.nomaden.be\/wp-content\/uploads\/2021\/06\/IMG_20210602_160146.jpg 1920w\" sizes=\"auto, (max-width: 1024px) 100vw, 1024px\" \/><\/a><figcaption class=\"blocks-gallery-item__caption\">aufziehendes Gewitter \u00fcber dem Sihlsee<\/figcaption><\/figure><\/li><li class=\"blocks-gallery-item\"><figure><a href=\"https:\/\/velo.nomaden.be\/wp-content\/uploads\/2021\/06\/IMG_20210602_155051.jpg\"><img loading=\"lazy\" decoding=\"async\" width=\"768\" height=\"1024\" src=\"https:\/\/velo.nomaden.be\/wp-content\/uploads\/2021\/06\/IMG_20210602_155051-768x1024.jpg\" alt=\"\" data-id=\"798\" data-full-url=\"https:\/\/velo.nomaden.be\/wp-content\/uploads\/2021\/06\/IMG_20210602_155051.jpg\" data-link=\"https:\/\/velo.nomaden.be\/?attachment_id=798\" class=\"wp-image-798\" srcset=\"https:\/\/velo.nomaden.be\/wp-content\/uploads\/2021\/06\/IMG_20210602_155051-768x1024.jpg 768w, https:\/\/velo.nomaden.be\/wp-content\/uploads\/2021\/06\/IMG_20210602_155051-225x300.jpg 225w, https:\/\/velo.nomaden.be\/wp-content\/uploads\/2021\/06\/IMG_20210602_155051-1152x1536.jpg 1152w, https:\/\/velo.nomaden.be\/wp-content\/uploads\/2021\/06\/IMG_20210602_155051.jpg 1440w\" sizes=\"auto, (max-width: 768px) 100vw, 768px\" \/><\/a><figcaption class=\"blocks-gallery-item__caption\">\u00e4s sch\u00f6ns Pl\u00e4tzli &#8211; Zelt am See<\/figcaption><\/figure><\/li><\/ul><\/figure>\n\n\n\n<p>Vom Auf und Ab im Kanton Schwyz haben wir etwas genug. Wir fl\u00fcchten uns in der 5. Etappe \u00fcber den Etzelpass nach St. Gallen. Die ersten Kilometer am Morgen sind noch gn\u00e4dig. Fronleichnam ist Feiertag in katholischen Kantonen und so ist die Strasse entlang dem Sihlsee nur wenig befahren. Nur einige Tagesausfl\u00fcgler:innen begegnen uns. Der Etzelberg hat es wieder in sich, aber der Ausblick auf den Z\u00fcrisee und die rasante Abfahrt nach Pf\u00e4ffikon SZ (Tachorekord 65.6) lassen den Aufstieg schnell wieder vergessen.<\/p>\n\n\n\n<p>Nach dem Mittagsrast am Ufer des Z\u00fcrisees geht alles ebew\u00e4gs durch die Linthebene. Den Zeltplatz in Weesen finden wir ziemlich schnell, nur die Reception will einfach nicht auftauchen. Nach ein paar Schlenkern finden wir auch die und erhalten wiederum ein Pl\u00e4tzchen direkt am See.<\/p>\n\n\n\n<p>Den heutigen Fahrtag schliessen wir ab mit einem kurzen Bad im kalten See und einem kleinen Ap\u00e9ro in er Camping Beiz. Die N\u00e4he zum See hat allerdings auch seine T\u00fccken. Man ist kurz weg um Wasser zu holen oder um in den Packtaschen was zu suchen und schon macht sich Familie Schwan \u00fcber die Zutaten f\u00fcr unser Abendessen her. Nur mit M\u00fche gelingt es uns die fauchenden V\u00f6gel wieder zur\u00fcck ins Wasser zu jagen.<\/p>\n\n\n\n<figure class=\"wp-block-gallery columns-3 is-cropped wp-block-gallery-4 is-layout-flex wp-block-gallery-is-layout-flex\"><ul class=\"blocks-gallery-grid\"><li class=\"blocks-gallery-item\"><figure><a href=\"https:\/\/velo.nomaden.be\/wp-content\/uploads\/2021\/06\/IMG_20210603_110001.jpg\"><img loading=\"lazy\" decoding=\"async\" width=\"1024\" height=\"768\" src=\"https:\/\/velo.nomaden.be\/wp-content\/uploads\/2021\/06\/IMG_20210603_110001-1024x768.jpg\" alt=\"\" data-id=\"795\" data-full-url=\"https:\/\/velo.nomaden.be\/wp-content\/uploads\/2021\/06\/IMG_20210603_110001.jpg\" data-link=\"https:\/\/velo.nomaden.be\/?attachment_id=795\" class=\"wp-image-795\" srcset=\"https:\/\/velo.nomaden.be\/wp-content\/uploads\/2021\/06\/IMG_20210603_110001-1024x768.jpg 1024w, https:\/\/velo.nomaden.be\/wp-content\/uploads\/2021\/06\/IMG_20210603_110001-300x225.jpg 300w, https:\/\/velo.nomaden.be\/wp-content\/uploads\/2021\/06\/IMG_20210603_110001-768x576.jpg 768w, https:\/\/velo.nomaden.be\/wp-content\/uploads\/2021\/06\/IMG_20210603_110001-1536x1152.jpg 1536w, https:\/\/velo.nomaden.be\/wp-content\/uploads\/2021\/06\/IMG_20210603_110001.jpg 1920w\" sizes=\"auto, (max-width: 1024px) 100vw, 1024px\" \/><\/a><figcaption class=\"blocks-gallery-item__caption\">Blick zur\u00fcck in die Innerschweiz beim Etzel<\/figcaption><\/figure><\/li><li class=\"blocks-gallery-item\"><figure><a href=\"https:\/\/velo.nomaden.be\/wp-content\/uploads\/2021\/06\/IMG_20210603_112057.jpg\"><img loading=\"lazy\" decoding=\"async\" width=\"1024\" height=\"768\" src=\"https:\/\/velo.nomaden.be\/wp-content\/uploads\/2021\/06\/IMG_20210603_112057-1024x768.jpg\" alt=\"\" data-id=\"794\" data-full-url=\"https:\/\/velo.nomaden.be\/wp-content\/uploads\/2021\/06\/IMG_20210603_112057.jpg\" data-link=\"https:\/\/velo.nomaden.be\/?attachment_id=794\" class=\"wp-image-794\" srcset=\"https:\/\/velo.nomaden.be\/wp-content\/uploads\/2021\/06\/IMG_20210603_112057-1024x768.jpg 1024w, https:\/\/velo.nomaden.be\/wp-content\/uploads\/2021\/06\/IMG_20210603_112057-300x225.jpg 300w, https:\/\/velo.nomaden.be\/wp-content\/uploads\/2021\/06\/IMG_20210603_112057-768x576.jpg 768w, https:\/\/velo.nomaden.be\/wp-content\/uploads\/2021\/06\/IMG_20210603_112057-1536x1152.jpg 1536w, https:\/\/velo.nomaden.be\/wp-content\/uploads\/2021\/06\/IMG_20210603_112057.jpg 1920w\" sizes=\"auto, (max-width: 1024px) 100vw, 1024px\" \/><\/a><figcaption class=\"blocks-gallery-item__caption\">Blick auf den Z\u00fcrisee<\/figcaption><\/figure><\/li><li class=\"blocks-gallery-item\"><figure><a href=\"https:\/\/velo.nomaden.be\/wp-content\/uploads\/2021\/06\/DSC_0076.jpg\"><img loading=\"lazy\" decoding=\"async\" width=\"1024\" height=\"685\" src=\"https:\/\/velo.nomaden.be\/wp-content\/uploads\/2021\/06\/DSC_0076-1024x685.jpg\" alt=\"\" data-id=\"809\" data-full-url=\"https:\/\/velo.nomaden.be\/wp-content\/uploads\/2021\/06\/DSC_0076.jpg\" data-link=\"https:\/\/velo.nomaden.be\/?attachment_id=809\" class=\"wp-image-809\" srcset=\"https:\/\/velo.nomaden.be\/wp-content\/uploads\/2021\/06\/DSC_0076-1024x685.jpg 1024w, https:\/\/velo.nomaden.be\/wp-content\/uploads\/2021\/06\/DSC_0076-300x201.jpg 300w, https:\/\/velo.nomaden.be\/wp-content\/uploads\/2021\/06\/DSC_0076-768x514.jpg 768w, https:\/\/velo.nomaden.be\/wp-content\/uploads\/2021\/06\/DSC_0076-1536x1028.jpg 1536w, https:\/\/velo.nomaden.be\/wp-content\/uploads\/2021\/06\/DSC_0076.jpg 1920w\" sizes=\"auto, (max-width: 1024px) 100vw, 1024px\" \/><\/a><figcaption class=\"blocks-gallery-item__caption\">diebische Schwanfamilie<\/figcaption><\/figure><\/li><li class=\"blocks-gallery-item\"><figure><a href=\"https:\/\/velo.nomaden.be\/wp-content\/uploads\/2021\/06\/DSC_0063.jpg\"><img loading=\"lazy\" decoding=\"async\" width=\"1024\" height=\"685\" src=\"https:\/\/velo.nomaden.be\/wp-content\/uploads\/2021\/06\/DSC_0063-1024x685.jpg\" alt=\"\" data-id=\"810\" data-full-url=\"https:\/\/velo.nomaden.be\/wp-content\/uploads\/2021\/06\/DSC_0063.jpg\" data-link=\"https:\/\/velo.nomaden.be\/?attachment_id=810\" class=\"wp-image-810\" srcset=\"https:\/\/velo.nomaden.be\/wp-content\/uploads\/2021\/06\/DSC_0063-1024x685.jpg 1024w, https:\/\/velo.nomaden.be\/wp-content\/uploads\/2021\/06\/DSC_0063-300x201.jpg 300w, https:\/\/velo.nomaden.be\/wp-content\/uploads\/2021\/06\/DSC_0063-768x514.jpg 768w, https:\/\/velo.nomaden.be\/wp-content\/uploads\/2021\/06\/DSC_0063-1536x1028.jpg 1536w, https:\/\/velo.nomaden.be\/wp-content\/uploads\/2021\/06\/DSC_0063.jpg 1920w\" sizes=\"auto, (max-width: 1024px) 100vw, 1024px\" \/><\/a><figcaption class=\"blocks-gallery-item__caption\">Abendstimmung am Walensee<\/figcaption><\/figure><\/li><\/ul><\/figure>\n\n\n\n<p>An Fronleichnam machen einige Menschen aus katholischen Kantonen die Br\u00fccke analog zur Auffahrt. Es empfiehlt sich daher bei kleineren Campingpl\u00e4tzen abzukl\u00e4ren, wie die Auslastung ist. Allerdings haben wir mit unserem Zelt und mit den Velos noch immer einen Platz gefunden.<\/p>\n\n\n\n<p>Etappe 6 f\u00fchrt uns am Walensee entlang \u00fcber Sargans nach Landquart. Dort verladen wir die Velos in den Zug nach Scuol, wo wir uns einen Ruhetag g\u00f6nnen. Wir entspannen uns im Thermalbad und essen feine B\u00fcndner Spezialit\u00e4ten.<\/p>\n\n\n\n<figure class=\"wp-block-gallery columns-1 is-cropped wp-block-gallery-5 is-layout-flex wp-block-gallery-is-layout-flex\"><ul class=\"blocks-gallery-grid\"><li class=\"blocks-gallery-item\"><figure><a href=\"https:\/\/velo.nomaden.be\/wp-content\/uploads\/2021\/06\/IMG_20210604_202836-scaled.jpg\"><img loading=\"lazy\" decoding=\"async\" width=\"1024\" height=\"441\" src=\"https:\/\/velo.nomaden.be\/wp-content\/uploads\/2021\/06\/IMG_20210604_202836-1024x441.jpg\" alt=\"Street Art in Scuol\" data-id=\"792\" data-full-url=\"https:\/\/velo.nomaden.be\/wp-content\/uploads\/2021\/06\/IMG_20210604_202836-scaled.jpg\" data-link=\"https:\/\/velo.nomaden.be\/index.php\/2021\/06\/27\/vom-berner-oberland-ins-unterengadin\/img_20210604_202836\/\" class=\"wp-image-792\" srcset=\"https:\/\/velo.nomaden.be\/wp-content\/uploads\/2021\/06\/IMG_20210604_202836-1024x441.jpg 1024w, https:\/\/velo.nomaden.be\/wp-content\/uploads\/2021\/06\/IMG_20210604_202836-300x129.jpg 300w, https:\/\/velo.nomaden.be\/wp-content\/uploads\/2021\/06\/IMG_20210604_202836-768x331.jpg 768w, https:\/\/velo.nomaden.be\/wp-content\/uploads\/2021\/06\/IMG_20210604_202836-1536x661.jpg 1536w, https:\/\/velo.nomaden.be\/wp-content\/uploads\/2021\/06\/IMG_20210604_202836-2048x882.jpg 2048w\" sizes=\"auto, (max-width: 1024px) 100vw, 1024px\" \/><\/a><figcaption class=\"blocks-gallery-item__caption\">Streetart in Scuol<\/figcaption><\/figure><\/li><\/ul><\/figure>\n","protected":false},"excerpt":{"rendered":"<p>Bei strahlendem Sonnenschein und sommerlichen Temperaturen brechen wir Ende Mai auf zu unserer diesj\u00e4hrigen Velotour in der Schweiz. Wir haben uns keine spezielle Route vorgenommen und auch keine Region. Wir fahren einfach am Sonntagnachmittag von zu Hause los und lassen uns mit dem R\u00fcckenwind ins Berner Oberland treiben. Nach nur wenigen Kilometern haben wir den [&hellip;]<\/p>\n","protected":false},"author":1,"featured_media":0,"comment_status":"closed","ping_status":"closed","sticky":false,"template":"","format":"standard","meta":{"footnotes":""},"categories":[14],"tags":[],"class_list":["post-768","post","type-post","status-publish","format-standard","hentry","category-ch","gallery-content-unit"],"_links":{"self":[{"href":"https:\/\/velo.nomaden.be\/index.php\/wp-json\/wp\/v2\/posts\/768","targetHints":{"allow":["GET"]}}],"collection":[{"href":"https:\/\/velo.nomaden.be\/index.php\/wp-json\/wp\/v2\/posts"}],"about":[{"href":"https:\/\/velo.nomaden.be\/index.php\/wp-json\/wp\/v2\/types\/post"}],"author":[{"embeddable":true,"href":"https:\/\/velo.nomaden.be\/index.php\/wp-json\/wp\/v2\/users\/1"}],"replies":[{"embeddable":true,"href":"https:\/\/velo.nomaden.be\/index.php\/wp-json\/wp\/v2\/comments?post=768"}],"version-history":[{"count":8,"href":"https:\/\/velo.nomaden.be\/index.php\/wp-json\/wp\/v2\/posts\/768\/revisions"}],"predecessor-version":[{"id":842,"href":"https:\/\/velo.nomaden.be\/index.php\/wp-json\/wp\/v2\/posts\/768\/revisions\/842"}],"wp:attachment":[{"href":"https:\/\/velo.nomaden.be\/index.php\/wp-json\/wp\/v2\/media?parent=768"}],"wp:term":[{"taxonomy":"category","embeddable":true,"href":"https:\/\/velo.nomaden.be\/index.php\/wp-json\/wp\/v2\/categories?post=768"},{"taxonomy":"post_tag","embeddable":true,"href":"https:\/\/velo.nomaden.be\/index.php\/wp-json\/wp\/v2\/tags?post=768"}],"curies":[{"name":"wp","href":"https:\/\/api.w.org\/{rel}","templated":true}]}}