{"id":731,"date":"2020-09-27T20:01:26","date_gmt":"2020-09-27T18:01:26","guid":{"rendered":"https:\/\/velo.nomaden.be\/?p=731"},"modified":"2020-09-27T20:01:27","modified_gmt":"2020-09-27T18:01:27","slug":"ae-chli-am-rhy-entlang","status":"publish","type":"post","link":"https:\/\/velo.nomaden.be\/index.php\/2020\/09\/27\/ae-chli-am-rhy-entlang\/","title":{"rendered":"\u00c4 chli am Rhy entlang"},"content":{"rendered":"\n<p>In unserer Herbstferienwoche bestimmt das Wetter in weiten Teilen die Reiseroute. Im Osten scheint der Herbstregen und der erste Schnee etwas sp\u00e4ter einzutreffen und so beginnen wir den Rheinradweg (<a href=\"https:\/\/de.eurovelo.com\/ev15\/\">Eurovelo 15<\/a>).<\/p>\n\n\n\n<p>Die Zugfahrt nach Andermatt ist f\u00fcr sich allein schon eine Reise wert. Von Brig nach Andermatt fahren wir auf der Strecke des Glaciers Express und geniessen das Panorama auf das herbstliche Goms. Die Schmalspurz\u00fcge f\u00fchren auch an einem gew\u00f6hnlichen Dienstag einen ganzen Wagen f\u00fcr Radfahrer mit und so finden die Bikergruppe, wir Tourenfahrer und eine vierk\u00f6pfige Familie samt Anh\u00e4nger Platz en masse.<\/p>\n\n\n\n<p>In Andermatt verlockt das Umsteigen auf den Zug nach Disentis, welcher die vielen Kurven hoch auf den Oberalppass ebenfalls erklimmt. Doch unser Bewegungsdrang und der Ehrgeiz sind gr\u00f6sser. Mit bereits etwas knurrendem Magen fahren wir in Richtung Passh\u00f6he. Die Temperatur ist angenehm, die Sonne versteckt sich noch etwas hinter den Wolken und es sind praktisch keine motorisierten Fahrzeuge auf der Passstrasse unterwegs. Das sind ideale Bedingungen f\u00fcr unsere erste Alpenpassfahrt. Nach etwas mehr als einer Stunde Aufstieg erreichen wir die Passh\u00f6he und belohnen uns mit einem riesigen St\u00fcck Fr\u00fcchtekuchen (aka W\u00e4hje) mit Nidle.<\/p>\n\n\n\n<figure class=\"wp-block-gallery columns-3 is-cropped wp-block-gallery-1 is-layout-flex wp-block-gallery-is-layout-flex\"><ul class=\"blocks-gallery-grid\"><li class=\"blocks-gallery-item\"><figure><a href=\"https:\/\/velo.nomaden.be\/wp-content\/uploads\/2020\/09\/IMG_20200922_122316.jpg\"><img loading=\"lazy\" decoding=\"async\" width=\"1024\" height=\"768\" src=\"https:\/\/velo.nomaden.be\/wp-content\/uploads\/2020\/09\/IMG_20200922_122316-1024x768.jpg\" alt=\"\" data-id=\"734\" data-full-url=\"https:\/\/velo.nomaden.be\/wp-content\/uploads\/2020\/09\/IMG_20200922_122316.jpg\" data-link=\"https:\/\/velo.nomaden.be\/?attachment_id=734\" class=\"wp-image-734\" srcset=\"https:\/\/velo.nomaden.be\/wp-content\/uploads\/2020\/09\/IMG_20200922_122316-1024x768.jpg 1024w, https:\/\/velo.nomaden.be\/wp-content\/uploads\/2020\/09\/IMG_20200922_122316-300x225.jpg 300w, https:\/\/velo.nomaden.be\/wp-content\/uploads\/2020\/09\/IMG_20200922_122316-768x576.jpg 768w, https:\/\/velo.nomaden.be\/wp-content\/uploads\/2020\/09\/IMG_20200922_122316-1536x1152.jpg 1536w, https:\/\/velo.nomaden.be\/wp-content\/uploads\/2020\/09\/IMG_20200922_122316.jpg 1920w\" sizes=\"auto, (max-width: 1024px) 100vw, 1024px\" \/><\/a><figcaption class=\"blocks-gallery-item__caption\">Blick von N\u00e4tschen hinunter nach Andermatt<\/figcaption><\/figure><\/li><li class=\"blocks-gallery-item\"><figure><a href=\"https:\/\/velo.nomaden.be\/wp-content\/uploads\/2020\/09\/IMG_20200922_122341.jpg\"><img loading=\"lazy\" decoding=\"async\" width=\"1024\" height=\"768\" src=\"https:\/\/velo.nomaden.be\/wp-content\/uploads\/2020\/09\/IMG_20200922_122341-1024x768.jpg\" alt=\"\" data-id=\"735\" data-full-url=\"https:\/\/velo.nomaden.be\/wp-content\/uploads\/2020\/09\/IMG_20200922_122341.jpg\" data-link=\"https:\/\/velo.nomaden.be\/?attachment_id=735\" class=\"wp-image-735\" srcset=\"https:\/\/velo.nomaden.be\/wp-content\/uploads\/2020\/09\/IMG_20200922_122341-1024x768.jpg 1024w, https:\/\/velo.nomaden.be\/wp-content\/uploads\/2020\/09\/IMG_20200922_122341-300x225.jpg 300w, https:\/\/velo.nomaden.be\/wp-content\/uploads\/2020\/09\/IMG_20200922_122341-768x576.jpg 768w, https:\/\/velo.nomaden.be\/wp-content\/uploads\/2020\/09\/IMG_20200922_122341-1536x1152.jpg 1536w, https:\/\/velo.nomaden.be\/wp-content\/uploads\/2020\/09\/IMG_20200922_122341.jpg 1920w\" sizes=\"auto, (max-width: 1024px) 100vw, 1024px\" \/><\/a><figcaption class=\"blocks-gallery-item__caption\">Blick ins Unteralptal<\/figcaption><\/figure><\/li><li class=\"blocks-gallery-item\"><figure><a href=\"https:\/\/velo.nomaden.be\/wp-content\/uploads\/2020\/09\/IMG_20200922_122407.jpg\"><img loading=\"lazy\" decoding=\"async\" width=\"768\" height=\"1024\" src=\"https:\/\/velo.nomaden.be\/wp-content\/uploads\/2020\/09\/IMG_20200922_122407-768x1024.jpg\" alt=\"\" data-id=\"736\" data-full-url=\"https:\/\/velo.nomaden.be\/wp-content\/uploads\/2020\/09\/IMG_20200922_122407.jpg\" data-link=\"https:\/\/velo.nomaden.be\/?attachment_id=736\" class=\"wp-image-736\" srcset=\"https:\/\/velo.nomaden.be\/wp-content\/uploads\/2020\/09\/IMG_20200922_122407-768x1024.jpg 768w, https:\/\/velo.nomaden.be\/wp-content\/uploads\/2020\/09\/IMG_20200922_122407-225x300.jpg 225w, https:\/\/velo.nomaden.be\/wp-content\/uploads\/2020\/09\/IMG_20200922_122407-1152x1536.jpg 1152w, https:\/\/velo.nomaden.be\/wp-content\/uploads\/2020\/09\/IMG_20200922_122407.jpg 1440w\" sizes=\"auto, (max-width: 768px) 100vw, 768px\" \/><\/a><figcaption class=\"blocks-gallery-item__caption\">Unterwegs mit&#8230;<\/figcaption><\/figure><\/li><li class=\"blocks-gallery-item\"><figure><a href=\"https:\/\/velo.nomaden.be\/wp-content\/uploads\/2020\/09\/IMG_20200922_122431.jpg\"><img loading=\"lazy\" decoding=\"async\" width=\"768\" height=\"1024\" src=\"https:\/\/velo.nomaden.be\/wp-content\/uploads\/2020\/09\/IMG_20200922_122431-768x1024.jpg\" alt=\"\" data-id=\"737\" data-full-url=\"https:\/\/velo.nomaden.be\/wp-content\/uploads\/2020\/09\/IMG_20200922_122431.jpg\" data-link=\"https:\/\/velo.nomaden.be\/?attachment_id=737\" class=\"wp-image-737\" srcset=\"https:\/\/velo.nomaden.be\/wp-content\/uploads\/2020\/09\/IMG_20200922_122431-768x1024.jpg 768w, https:\/\/velo.nomaden.be\/wp-content\/uploads\/2020\/09\/IMG_20200922_122431-225x300.jpg 225w, https:\/\/velo.nomaden.be\/wp-content\/uploads\/2020\/09\/IMG_20200922_122431-1152x1536.jpg 1152w, https:\/\/velo.nomaden.be\/wp-content\/uploads\/2020\/09\/IMG_20200922_122431.jpg 1440w\" sizes=\"auto, (max-width: 768px) 100vw, 768px\" \/><\/a><figcaption class=\"blocks-gallery-item__caption\">&#8230; leichten Gep\u00e4ck \ud83d\ude09<\/figcaption><\/figure><\/li><li class=\"blocks-gallery-item\"><figure><a href=\"https:\/\/velo.nomaden.be\/wp-content\/uploads\/2020\/09\/IMG_20200922_134452.jpg\"><img loading=\"lazy\" decoding=\"async\" width=\"768\" height=\"1024\" src=\"https:\/\/velo.nomaden.be\/wp-content\/uploads\/2020\/09\/IMG_20200922_134452-768x1024.jpg\" alt=\"\" data-id=\"738\" data-full-url=\"https:\/\/velo.nomaden.be\/wp-content\/uploads\/2020\/09\/IMG_20200922_134452.jpg\" data-link=\"https:\/\/velo.nomaden.be\/?attachment_id=738\" class=\"wp-image-738\" srcset=\"https:\/\/velo.nomaden.be\/wp-content\/uploads\/2020\/09\/IMG_20200922_134452-768x1024.jpg 768w, https:\/\/velo.nomaden.be\/wp-content\/uploads\/2020\/09\/IMG_20200922_134452-225x300.jpg 225w, https:\/\/velo.nomaden.be\/wp-content\/uploads\/2020\/09\/IMG_20200922_134452-1152x1536.jpg 1152w, https:\/\/velo.nomaden.be\/wp-content\/uploads\/2020\/09\/IMG_20200922_134452.jpg 1440w\" sizes=\"auto, (max-width: 768px) 100vw, 768px\" \/><\/a><figcaption class=\"blocks-gallery-item__caption\">unser erster Alpenpass<\/figcaption><\/figure><\/li><\/ul><\/figure>\n\n\n\n<p>F\u00fcr die rasante Abfahrt haben wir die kurvige Strasse f\u00fcr uns.<\/p>\n\n\n\n<figure class=\"wp-block-gallery columns-1 is-cropped wp-block-gallery-2 is-layout-flex wp-block-gallery-is-layout-flex\"><ul class=\"blocks-gallery-grid\"><li class=\"blocks-gallery-item\"><figure><a href=\"https:\/\/velo.nomaden.be\/wp-content\/uploads\/2020\/09\/IMG_20200922_134713.jpg\"><img loading=\"lazy\" decoding=\"async\" width=\"1024\" height=\"768\" src=\"https:\/\/velo.nomaden.be\/wp-content\/uploads\/2020\/09\/IMG_20200922_134713-1024x768.jpg\" alt=\"\" data-id=\"740\" data-full-url=\"https:\/\/velo.nomaden.be\/wp-content\/uploads\/2020\/09\/IMG_20200922_134713.jpg\" data-link=\"https:\/\/velo.nomaden.be\/?attachment_id=740\" class=\"wp-image-740\" srcset=\"https:\/\/velo.nomaden.be\/wp-content\/uploads\/2020\/09\/IMG_20200922_134713-1024x768.jpg 1024w, https:\/\/velo.nomaden.be\/wp-content\/uploads\/2020\/09\/IMG_20200922_134713-300x225.jpg 300w, https:\/\/velo.nomaden.be\/wp-content\/uploads\/2020\/09\/IMG_20200922_134713-768x576.jpg 768w, https:\/\/velo.nomaden.be\/wp-content\/uploads\/2020\/09\/IMG_20200922_134713-1536x1152.jpg 1536w, https:\/\/velo.nomaden.be\/wp-content\/uploads\/2020\/09\/IMG_20200922_134713.jpg 1920w\" sizes=\"auto, (max-width: 1024px) 100vw, 1024px\" \/><\/a><\/figure><\/li><\/ul><\/figure>\n\n\n\n<p>Die Surselva begr\u00fcsst uns mit warmen Sonnenstrahlen, wo wir am sp\u00e4teren Nachmittag auf dem <a href=\"https:\/\/camping-trun.ch\/\">Camping in Trun<\/a> unser Zelt aufstellen.<\/p>\n\n\n\n<div class=\"wp-block-group\"><div class=\"wp-block-group__inner-container is-layout-flow wp-block-group-is-layout-flow\">\n<figure class=\"wp-block-gallery columns-1 is-cropped wp-block-gallery-3 is-layout-flex wp-block-gallery-is-layout-flex\"><ul class=\"blocks-gallery-grid\"><li class=\"blocks-gallery-item\"><figure><a href=\"https:\/\/velo.nomaden.be\/wp-content\/uploads\/2020\/09\/IMG_20200922_164310.jpg\"><img loading=\"lazy\" decoding=\"async\" width=\"768\" height=\"1024\" src=\"https:\/\/velo.nomaden.be\/wp-content\/uploads\/2020\/09\/IMG_20200922_164310-768x1024.jpg\" alt=\"\" data-id=\"742\" data-full-url=\"https:\/\/velo.nomaden.be\/wp-content\/uploads\/2020\/09\/IMG_20200922_164310.jpg\" data-link=\"https:\/\/velo.nomaden.be\/?attachment_id=742\" class=\"wp-image-742\" srcset=\"https:\/\/velo.nomaden.be\/wp-content\/uploads\/2020\/09\/IMG_20200922_164310-768x1024.jpg 768w, https:\/\/velo.nomaden.be\/wp-content\/uploads\/2020\/09\/IMG_20200922_164310-225x300.jpg 225w, https:\/\/velo.nomaden.be\/wp-content\/uploads\/2020\/09\/IMG_20200922_164310-1152x1536.jpg 1152w, https:\/\/velo.nomaden.be\/wp-content\/uploads\/2020\/09\/IMG_20200922_164310.jpg 1440w\" sizes=\"auto, (max-width: 768px) 100vw, 768px\" \/><\/a><figcaption class=\"blocks-gallery-item__caption\">Sp\u00e4tsommernachmittag in der Surselva<\/figcaption><\/figure><\/li><\/ul><\/figure>\n\n\n\n<p>Am n\u00e4chsten Morgen weckt uns das Ger\u00e4usch von Regentropfen. Das Regenradar zeigt, dass der Schauer bald vorbei sein wird und so bleiben wir einfach noch etwas liegen. Kurze Zeit sp\u00e4ter trocknet das Zelt in der Morgensonne und wir st\u00e4rken uns f\u00fcr die bevorstehenden H\u00f6henmeter<\/p>\n<\/div><\/div>\n\n\n\n<figure class=\"wp-block-gallery columns-1 is-cropped wp-block-gallery-4 is-layout-flex wp-block-gallery-is-layout-flex\"><ul class=\"blocks-gallery-grid\"><li class=\"blocks-gallery-item\"><figure><a href=\"https:\/\/velo.nomaden.be\/wp-content\/uploads\/2020\/09\/IMG_20200923_094400.jpg\"><img loading=\"lazy\" decoding=\"async\" width=\"768\" height=\"1024\" src=\"https:\/\/velo.nomaden.be\/wp-content\/uploads\/2020\/09\/IMG_20200923_094400-768x1024.jpg\" alt=\"\" data-id=\"743\" data-full-url=\"https:\/\/velo.nomaden.be\/wp-content\/uploads\/2020\/09\/IMG_20200923_094400.jpg\" data-link=\"https:\/\/velo.nomaden.be\/?attachment_id=743\" class=\"wp-image-743\" srcset=\"https:\/\/velo.nomaden.be\/wp-content\/uploads\/2020\/09\/IMG_20200923_094400-768x1024.jpg 768w, https:\/\/velo.nomaden.be\/wp-content\/uploads\/2020\/09\/IMG_20200923_094400-225x300.jpg 225w, https:\/\/velo.nomaden.be\/wp-content\/uploads\/2020\/09\/IMG_20200923_094400-1152x1536.jpg 1152w, https:\/\/velo.nomaden.be\/wp-content\/uploads\/2020\/09\/IMG_20200923_094400.jpg 1440w\" sizes=\"auto, (max-width: 768px) 100vw, 768px\" \/><\/a><\/figure><\/li><\/ul><\/figure>\n\n\n\n<p>Die ersten Kilometer von Trun nach Glion (Ilanz) f\u00fchren mehrheitlich ohne nennenswerte Steigungen dem Rhein entlang. In Danis h\u00f6rt der Radweg dann aber abrupt auf. Neue Rohre werden verlegt und die Strasse vor uns ist einige Meter tief aufgebrochen. Die Bauarbeiter zeigen uns den Weg und zu zweit stossen wir die bepackten R\u00e4der den Hang hoch ?. <\/p>\n\n\n\n<p>Nach Glion beginnt der anstrengende Teil der heutigen Route. Der Radweg verl\u00e4sst den Fluss, welcher ab hier durch die tiefe Rheinschlucht m\u00e4andert. Die H\u00f6henmeter belohnen mit einer spektakul\u00e4ren Aussicht auf die Schlucht und der Fahrt durch die pittoresken D\u00f6rfer Valendas und Versam. In Versam st\u00e4rken wir uns in einem Selbstbedienungsladen mit Cookies. <\/p>\n\n\n\n<figure class=\"wp-block-gallery columns-3 is-cropped wp-block-gallery-5 is-layout-flex wp-block-gallery-is-layout-flex\"><ul class=\"blocks-gallery-grid\"><li class=\"blocks-gallery-item\"><figure><a href=\"https:\/\/velo.nomaden.be\/wp-content\/uploads\/2020\/09\/IMG_20200923_122012.jpg\"><img loading=\"lazy\" decoding=\"async\" width=\"768\" height=\"1024\" src=\"https:\/\/velo.nomaden.be\/wp-content\/uploads\/2020\/09\/IMG_20200923_122012-768x1024.jpg\" alt=\"\" data-id=\"744\" data-full-url=\"https:\/\/velo.nomaden.be\/wp-content\/uploads\/2020\/09\/IMG_20200923_122012.jpg\" data-link=\"https:\/\/velo.nomaden.be\/?attachment_id=744\" class=\"wp-image-744\" srcset=\"https:\/\/velo.nomaden.be\/wp-content\/uploads\/2020\/09\/IMG_20200923_122012-768x1024.jpg 768w, https:\/\/velo.nomaden.be\/wp-content\/uploads\/2020\/09\/IMG_20200923_122012-225x300.jpg 225w, https:\/\/velo.nomaden.be\/wp-content\/uploads\/2020\/09\/IMG_20200923_122012-1152x1536.jpg 1152w, https:\/\/velo.nomaden.be\/wp-content\/uploads\/2020\/09\/IMG_20200923_122012.jpg 1440w\" sizes=\"auto, (max-width: 768px) 100vw, 768px\" \/><\/a><figcaption class=\"blocks-gallery-item__caption\">Rheinschlucht<\/figcaption><\/figure><\/li><li class=\"blocks-gallery-item\"><figure><a href=\"https:\/\/velo.nomaden.be\/wp-content\/uploads\/2020\/09\/IMG_20200923_122057.jpg\"><img loading=\"lazy\" decoding=\"async\" width=\"1024\" height=\"768\" src=\"https:\/\/velo.nomaden.be\/wp-content\/uploads\/2020\/09\/IMG_20200923_122057-1024x768.jpg\" alt=\"\" data-id=\"745\" data-full-url=\"https:\/\/velo.nomaden.be\/wp-content\/uploads\/2020\/09\/IMG_20200923_122057.jpg\" data-link=\"https:\/\/velo.nomaden.be\/?attachment_id=745\" class=\"wp-image-745\" srcset=\"https:\/\/velo.nomaden.be\/wp-content\/uploads\/2020\/09\/IMG_20200923_122057-1024x768.jpg 1024w, https:\/\/velo.nomaden.be\/wp-content\/uploads\/2020\/09\/IMG_20200923_122057-300x225.jpg 300w, https:\/\/velo.nomaden.be\/wp-content\/uploads\/2020\/09\/IMG_20200923_122057-768x576.jpg 768w, https:\/\/velo.nomaden.be\/wp-content\/uploads\/2020\/09\/IMG_20200923_122057-1536x1152.jpg 1536w, https:\/\/velo.nomaden.be\/wp-content\/uploads\/2020\/09\/IMG_20200923_122057.jpg 1920w\" sizes=\"auto, (max-width: 1024px) 100vw, 1024px\" \/><\/a><figcaption class=\"blocks-gallery-item__caption\">Blick nach Valendas<\/figcaption><\/figure><\/li><li class=\"blocks-gallery-item\"><figure><a href=\"https:\/\/velo.nomaden.be\/wp-content\/uploads\/2020\/09\/IMG_20200923_130409.jpg\"><img loading=\"lazy\" decoding=\"async\" width=\"1024\" height=\"768\" src=\"https:\/\/velo.nomaden.be\/wp-content\/uploads\/2020\/09\/IMG_20200923_130409-1024x768.jpg\" alt=\"\" data-id=\"746\" data-full-url=\"https:\/\/velo.nomaden.be\/wp-content\/uploads\/2020\/09\/IMG_20200923_130409.jpg\" data-link=\"https:\/\/velo.nomaden.be\/?attachment_id=746\" class=\"wp-image-746\" srcset=\"https:\/\/velo.nomaden.be\/wp-content\/uploads\/2020\/09\/IMG_20200923_130409-1024x768.jpg 1024w, https:\/\/velo.nomaden.be\/wp-content\/uploads\/2020\/09\/IMG_20200923_130409-300x225.jpg 300w, https:\/\/velo.nomaden.be\/wp-content\/uploads\/2020\/09\/IMG_20200923_130409-768x576.jpg 768w, https:\/\/velo.nomaden.be\/wp-content\/uploads\/2020\/09\/IMG_20200923_130409-1536x1152.jpg 1536w, https:\/\/velo.nomaden.be\/wp-content\/uploads\/2020\/09\/IMG_20200923_130409.jpg 1920w\" sizes=\"auto, (max-width: 1024px) 100vw, 1024px\" \/><\/a><figcaption class=\"blocks-gallery-item__caption\">Blick aus dem Safiental<\/figcaption><\/figure><\/li><li class=\"blocks-gallery-item\"><figure><a href=\"https:\/\/velo.nomaden.be\/wp-content\/uploads\/2020\/09\/IMG_20200923_130708.jpg\"><img loading=\"lazy\" decoding=\"async\" width=\"768\" height=\"1024\" src=\"https:\/\/velo.nomaden.be\/wp-content\/uploads\/2020\/09\/IMG_20200923_130708-768x1024.jpg\" alt=\"\" data-id=\"747\" data-full-url=\"https:\/\/velo.nomaden.be\/wp-content\/uploads\/2020\/09\/IMG_20200923_130708.jpg\" data-link=\"https:\/\/velo.nomaden.be\/?attachment_id=747\" class=\"wp-image-747\" srcset=\"https:\/\/velo.nomaden.be\/wp-content\/uploads\/2020\/09\/IMG_20200923_130708-768x1024.jpg 768w, https:\/\/velo.nomaden.be\/wp-content\/uploads\/2020\/09\/IMG_20200923_130708-225x300.jpg 225w, https:\/\/velo.nomaden.be\/wp-content\/uploads\/2020\/09\/IMG_20200923_130708-1152x1536.jpg 1152w, https:\/\/velo.nomaden.be\/wp-content\/uploads\/2020\/09\/IMG_20200923_130708.jpg 1440w\" sizes=\"auto, (max-width: 768px) 100vw, 768px\" \/><\/a><figcaption class=\"blocks-gallery-item__caption\">Schlucht der Rabiusa<\/figcaption><\/figure><\/li><li class=\"blocks-gallery-item\"><figure><a href=\"https:\/\/velo.nomaden.be\/wp-content\/uploads\/2020\/09\/IMG_20200923_131504.jpg\"><img loading=\"lazy\" decoding=\"async\" width=\"768\" height=\"1024\" src=\"https:\/\/velo.nomaden.be\/wp-content\/uploads\/2020\/09\/IMG_20200923_131504-768x1024.jpg\" alt=\"\" data-id=\"748\" data-full-url=\"https:\/\/velo.nomaden.be\/wp-content\/uploads\/2020\/09\/IMG_20200923_131504.jpg\" data-link=\"https:\/\/velo.nomaden.be\/?attachment_id=748\" class=\"wp-image-748\" srcset=\"https:\/\/velo.nomaden.be\/wp-content\/uploads\/2020\/09\/IMG_20200923_131504-768x1024.jpg 768w, https:\/\/velo.nomaden.be\/wp-content\/uploads\/2020\/09\/IMG_20200923_131504-225x300.jpg 225w, https:\/\/velo.nomaden.be\/wp-content\/uploads\/2020\/09\/IMG_20200923_131504-1152x1536.jpg 1152w, https:\/\/velo.nomaden.be\/wp-content\/uploads\/2020\/09\/IMG_20200923_131504.jpg 1440w\" sizes=\"auto, (max-width: 768px) 100vw, 768px\" \/><\/a><figcaption class=\"blocks-gallery-item__caption\">Rheinschlucht<\/figcaption><\/figure><\/li><\/ul><\/figure>\n\n\n\n<p>Bei der Mittagsrast in Tamins beschliessen wir den Radtag in Chur zu beenden. Der nachmitt\u00e4gliche Gegenwind hilft beim Entscheid es uns in Chur noch etwas gut gehen zu lassen. <\/p>\n\n\n\n<p>In Chur klappern wir die Lieblingspl\u00e4tze von Eliane aus ihrer Studienzeit ab: wir schlecken Gelati bei Evviva Plankis, entspannen uns im warmen Wasser in der Oberen Au und Essen feine Quarkpizokel und Capuns im Restaurant Drei K\u00f6nige. Im Hotel desselben Namens haben auch unsere R\u00e4der und wir ein Pl\u00e4tzchen gefunden. Einzig f\u00fcr ein gutes Bier bei Tom&#8217;s Beer Box oder der Werkstatt sind wir zu m\u00fcde.<\/p>\n\n\n\n<p>Ohne Zeltabbau und Fr\u00fchst\u00fcck kochen sind wir bereits um halb neun startklar. Die ersten Kilometer nach Landquart sind frisch, erst nach einiger Zeit schaffen es die Sonnenstrahlen \u00fcber die Berge des Rheintals. In den Rebbergen von Malans blicken wir auf die feinen Trauben, von denen wir gestern leckeren Pinot Blanc getrunken haben. Der Radweg f\u00fchrt weiter durch die Rebberge von Jenins, Maienfeld und Fl\u00e4sch. <\/p>\n\n\n\n<figure class=\"wp-block-gallery columns-3 is-cropped wp-block-gallery-6 is-layout-flex wp-block-gallery-is-layout-flex\"><ul class=\"blocks-gallery-grid\"><li class=\"blocks-gallery-item\"><figure><a href=\"https:\/\/velo.nomaden.be\/wp-content\/uploads\/2020\/09\/IMG_20200924_094233.jpg\"><img loading=\"lazy\" decoding=\"async\" width=\"768\" height=\"1024\" src=\"https:\/\/velo.nomaden.be\/wp-content\/uploads\/2020\/09\/IMG_20200924_094233-768x1024.jpg\" alt=\"\" data-id=\"749\" data-full-url=\"https:\/\/velo.nomaden.be\/wp-content\/uploads\/2020\/09\/IMG_20200924_094233.jpg\" data-link=\"https:\/\/velo.nomaden.be\/?attachment_id=749\" class=\"wp-image-749\" srcset=\"https:\/\/velo.nomaden.be\/wp-content\/uploads\/2020\/09\/IMG_20200924_094233-768x1024.jpg 768w, https:\/\/velo.nomaden.be\/wp-content\/uploads\/2020\/09\/IMG_20200924_094233-225x300.jpg 225w, https:\/\/velo.nomaden.be\/wp-content\/uploads\/2020\/09\/IMG_20200924_094233-1152x1536.jpg 1152w, https:\/\/velo.nomaden.be\/wp-content\/uploads\/2020\/09\/IMG_20200924_094233.jpg 1440w\" sizes=\"auto, (max-width: 768px) 100vw, 768px\" \/><\/a><figcaption class=\"blocks-gallery-item__caption\">Rebberg in Malans<\/figcaption><\/figure><\/li><li class=\"blocks-gallery-item\"><figure><a href=\"https:\/\/velo.nomaden.be\/wp-content\/uploads\/2020\/09\/IMG_20200924_094244.jpg\"><img loading=\"lazy\" decoding=\"async\" width=\"768\" height=\"1024\" src=\"https:\/\/velo.nomaden.be\/wp-content\/uploads\/2020\/09\/IMG_20200924_094244-768x1024.jpg\" alt=\"\" data-id=\"750\" data-full-url=\"https:\/\/velo.nomaden.be\/wp-content\/uploads\/2020\/09\/IMG_20200924_094244.jpg\" data-link=\"https:\/\/velo.nomaden.be\/?attachment_id=750\" class=\"wp-image-750\" srcset=\"https:\/\/velo.nomaden.be\/wp-content\/uploads\/2020\/09\/IMG_20200924_094244-768x1024.jpg 768w, https:\/\/velo.nomaden.be\/wp-content\/uploads\/2020\/09\/IMG_20200924_094244-225x300.jpg 225w, https:\/\/velo.nomaden.be\/wp-content\/uploads\/2020\/09\/IMG_20200924_094244-1152x1536.jpg 1152w, https:\/\/velo.nomaden.be\/wp-content\/uploads\/2020\/09\/IMG_20200924_094244.jpg 1440w\" sizes=\"auto, (max-width: 768px) 100vw, 768px\" \/><\/a><\/figure><\/li><li class=\"blocks-gallery-item\"><figure><a href=\"https:\/\/velo.nomaden.be\/wp-content\/uploads\/2020\/09\/IMG_20200924_094302.jpg\"><img loading=\"lazy\" decoding=\"async\" width=\"768\" height=\"1024\" src=\"https:\/\/velo.nomaden.be\/wp-content\/uploads\/2020\/09\/IMG_20200924_094302-768x1024.jpg\" alt=\"\" data-id=\"751\" data-full-url=\"https:\/\/velo.nomaden.be\/wp-content\/uploads\/2020\/09\/IMG_20200924_094302.jpg\" data-link=\"https:\/\/velo.nomaden.be\/?attachment_id=751\" class=\"wp-image-751\" srcset=\"https:\/\/velo.nomaden.be\/wp-content\/uploads\/2020\/09\/IMG_20200924_094302-768x1024.jpg 768w, https:\/\/velo.nomaden.be\/wp-content\/uploads\/2020\/09\/IMG_20200924_094302-225x300.jpg 225w, https:\/\/velo.nomaden.be\/wp-content\/uploads\/2020\/09\/IMG_20200924_094302-1152x1536.jpg 1152w, https:\/\/velo.nomaden.be\/wp-content\/uploads\/2020\/09\/IMG_20200924_094302.jpg 1440w\" sizes=\"auto, (max-width: 768px) 100vw, 768px\" \/><\/a><figcaption class=\"blocks-gallery-item__caption\">Weinradweg<\/figcaption><\/figure><\/li><\/ul><\/figure>\n\n\n\n<p>In Fl\u00e4sch kommen wir wieder an den Rhein und mit dem Auf und Ab ist es nun vorbei. Dem Rhein entlang fahren wir mit Sicht auf Liechtenstein und \u00d6sterreich auf dem Rheindamm in Richtung St. Margrethen. Bereits um die Mittagszeit sind wir in der N\u00e4he des vorgesehenen Etappenziels, wo Lo beinahe unsere Flaschen mit Weihwasser bef\u00fchlt (wir haben das kleine Schild aber noch rechtzeitig entziffert). Trotz der schon fast 70 Kilometern in den Beinen entscheiden wir uns zum Weiterfahren. Das sonnige Wetter und die Windrichtung ermuntern uns noch bis zum Bodensee zu radeln. <\/p>\n\n\n\n<p>Nach gut 100 Kilometer (inkl. Umwege) kommen wir am Bodensee an. In der Marina in Altenrhein finden wir einen Zelt- und Badeplatz. Trotz der aufziehenden Wolken k\u00fchlen wir uns noch im Bodensee ab und beenden den langen Fahrtag mit Gintonic und PastaPesto.<\/p>\n\n\n\n<p>Bereits am selben Abend ziehen dicke Regenwolken \u00fcber die Region. Der starke Wind r\u00fcttelt an unserem Heim. Das Wetterradar verspricht f\u00fcr die n\u00e4chsten Tage Regen, Schnee!! und k\u00fchle Temperaturen. Wir beschliessen daher unser Velot\u00fc\u00fcrli vorzeitig zu beenden und packen unser tropfnasses Zelt zusammen. Die letzten f\u00fcnf Kilometer zum Bahnhof in Rorschach best\u00e4tigen unseren Entscheid ?. Und so endet unsere Rheinradreise in Rorschach am Bodensee. Fortsetzung folgt&#8230;<\/p>\n","protected":false},"excerpt":{"rendered":"<p>In unserer Herbstferienwoche bestimmt das Wetter in weiten Teilen die Reiseroute. Im Osten scheint der Herbstregen und der erste Schnee etwas sp\u00e4ter einzutreffen und so beginnen wir den Rheinradweg (Eurovelo 15). Die Zugfahrt nach Andermatt ist f\u00fcr sich allein schon eine Reise wert. Von Brig nach Andermatt fahren wir auf der Strecke des Glaciers Express [&hellip;]<\/p>\n","protected":false},"author":1,"featured_media":0,"comment_status":"closed","ping_status":"closed","sticky":false,"template":"","format":"standard","meta":{"footnotes":""},"categories":[14],"tags":[],"class_list":["post-731","post","type-post","status-publish","format-standard","hentry","category-ch","gallery-content-unit"],"_links":{"self":[{"href":"https:\/\/velo.nomaden.be\/index.php\/wp-json\/wp\/v2\/posts\/731","targetHints":{"allow":["GET"]}}],"collection":[{"href":"https:\/\/velo.nomaden.be\/index.php\/wp-json\/wp\/v2\/posts"}],"about":[{"href":"https:\/\/velo.nomaden.be\/index.php\/wp-json\/wp\/v2\/types\/post"}],"author":[{"embeddable":true,"href":"https:\/\/velo.nomaden.be\/index.php\/wp-json\/wp\/v2\/users\/1"}],"replies":[{"embeddable":true,"href":"https:\/\/velo.nomaden.be\/index.php\/wp-json\/wp\/v2\/comments?post=731"}],"version-history":[{"count":3,"href":"https:\/\/velo.nomaden.be\/index.php\/wp-json\/wp\/v2\/posts\/731\/revisions"}],"predecessor-version":[{"id":757,"href":"https:\/\/velo.nomaden.be\/index.php\/wp-json\/wp\/v2\/posts\/731\/revisions\/757"}],"wp:attachment":[{"href":"https:\/\/velo.nomaden.be\/index.php\/wp-json\/wp\/v2\/media?parent=731"}],"wp:term":[{"taxonomy":"category","embeddable":true,"href":"https:\/\/velo.nomaden.be\/index.php\/wp-json\/wp\/v2\/categories?post=731"},{"taxonomy":"post_tag","embeddable":true,"href":"https:\/\/velo.nomaden.be\/index.php\/wp-json\/wp\/v2\/tags?post=731"}],"curies":[{"name":"wp","href":"https:\/\/api.w.org\/{rel}","templated":true}]}}