{"id":693,"date":"2020-07-21T18:35:15","date_gmt":"2020-07-21T16:35:15","guid":{"rendered":"https:\/\/velo.nomaden.be\/?p=693"},"modified":"2020-09-27T16:23:04","modified_gmt":"2020-09-27T14:23:04","slug":"es-cherli-duere-jura","status":"publish","type":"post","link":"https:\/\/velo.nomaden.be\/index.php\/2020\/07\/21\/es-cherli-duere-jura\/","title":{"rendered":"Es Cherli d\u00fcre Jura"},"content":{"rendered":"\n<p>Wir schreiben das Jahr 2020, welches uns allen noch lange in Erinnerung bleiben wird. Noch sind die Grenzen zu, das h\u00e4lt uns aber nat\u00fcrlich nicht davon ab unsere Ferien auf dem Velo zu verbringen. Anstatt die gr\u00fcnen H\u00fcgel von Irland erkunden wir die gr\u00fcnen H\u00fcgel des Jura.<\/p>\n\n\n\n<p>Vor- und Nachteil einer Veloreise im eigenen Land ist der flexible Abreisetermin. Der Blick auf die Wetterprognosen und das Regenradar l\u00e4sst uns z\u00f6gern und der Abfahrtstermin schiebt sich wieder einen Tag nach hinten. Dadurch werden wir zwar von vielen Regenschauer der diesj\u00e4hrigen Schafsk\u00e4lte verschont, aber leider verk\u00fcrzt sich auch die Zeit, die wir tats\u00e4chlich unterwegs sind.<\/p>\n\n\n\n<p>Am 11. Juni ist es soweit. Mit dem Zug fahren wir nach Moutier im Berner Jura, unserem Startpunkt auf dieser Tour. Kaum aus dem St\u00e4dtchen und schon geht es bergauf. Ein Vorgeschmack darauf, was uns die n\u00e4chsten Tage erwarten wird. Das Etappenziel Saignel\u00e9gier erreichen wir nach knapp 40 Kilometer. Der dortige <a rel=\"noreferrer noopener\" href=\"http:\/\/www.campingsaignelegier.ch\/\" target=\"_blank\">Camping<\/a> ist l\u00e4ngst kein Geheimtipp mehr. Es ist Donnerstagnachmittag und die Zeltpl\u00e4tze schon fast vollst\u00e4ndig belegt. Erst sp\u00e4ter realisieren wir, dass dies nicht nur dem ersten sch\u00f6nen Wochenende seit der Wiederer\u00f6ffnung der Campingpl\u00e4tze nach dem Lockdown geschuldet ist, sondern dass die katholischen Kantone auch noch einen Feiertag haben. Den ersten Fahrtag lassen wir in der nahe gelegenen Brauerei BFM ausklingen.<\/p>\n\n\n\n<figure class=\"wp-block-gallery columns-2 is-cropped wp-block-gallery-1 is-layout-flex wp-block-gallery-is-layout-flex\"><ul class=\"blocks-gallery-grid\"><li class=\"blocks-gallery-item\"><figure><a href=\"https:\/\/velo.nomaden.be\/wp-content\/uploads\/2020\/06\/IMG_20200611_144526-scaled.jpg\"><img loading=\"lazy\" decoding=\"async\" width=\"686\" height=\"1024\" src=\"https:\/\/velo.nomaden.be\/wp-content\/uploads\/2020\/06\/IMG_20200611_144526-686x1024.jpg\" alt=\"\" data-id=\"697\" data-full-url=\"https:\/\/velo.nomaden.be\/wp-content\/uploads\/2020\/06\/IMG_20200611_144526-scaled.jpg\" data-link=\"https:\/\/velo.nomaden.be\/?attachment_id=697\" class=\"wp-image-697\" srcset=\"https:\/\/velo.nomaden.be\/wp-content\/uploads\/2020\/06\/IMG_20200611_144526-686x1024.jpg 686w, https:\/\/velo.nomaden.be\/wp-content\/uploads\/2020\/06\/IMG_20200611_144526-201x300.jpg 201w, https:\/\/velo.nomaden.be\/wp-content\/uploads\/2020\/06\/IMG_20200611_144526-768x1147.jpg 768w, https:\/\/velo.nomaden.be\/wp-content\/uploads\/2020\/06\/IMG_20200611_144526-1028x1536.jpg 1028w, https:\/\/velo.nomaden.be\/wp-content\/uploads\/2020\/06\/IMG_20200611_144526-1371x2048.jpg 1371w, https:\/\/velo.nomaden.be\/wp-content\/uploads\/2020\/06\/IMG_20200611_144526-scaled.jpg 1714w\" sizes=\"auto, (max-width: 686px) 100vw, 686px\" \/><\/a><figcaption class=\"blocks-gallery-item__caption\">einsame Radwege durch Wald und Wiese<\/figcaption><\/figure><\/li><li class=\"blocks-gallery-item\"><figure><a href=\"https:\/\/velo.nomaden.be\/wp-content\/uploads\/2020\/06\/IMG_20200611_174815-scaled.jpg\"><img loading=\"lazy\" decoding=\"async\" width=\"686\" height=\"1024\" src=\"https:\/\/velo.nomaden.be\/wp-content\/uploads\/2020\/06\/IMG_20200611_174815-686x1024.jpg\" alt=\"\" data-id=\"696\" data-full-url=\"https:\/\/velo.nomaden.be\/wp-content\/uploads\/2020\/06\/IMG_20200611_174815-scaled.jpg\" data-link=\"https:\/\/velo.nomaden.be\/?attachment_id=696\" class=\"wp-image-696\" srcset=\"https:\/\/velo.nomaden.be\/wp-content\/uploads\/2020\/06\/IMG_20200611_174815-686x1024.jpg 686w, https:\/\/velo.nomaden.be\/wp-content\/uploads\/2020\/06\/IMG_20200611_174815-201x300.jpg 201w, https:\/\/velo.nomaden.be\/wp-content\/uploads\/2020\/06\/IMG_20200611_174815-768x1147.jpg 768w, https:\/\/velo.nomaden.be\/wp-content\/uploads\/2020\/06\/IMG_20200611_174815-1028x1536.jpg 1028w, https:\/\/velo.nomaden.be\/wp-content\/uploads\/2020\/06\/IMG_20200611_174815-1371x2048.jpg 1371w, https:\/\/velo.nomaden.be\/wp-content\/uploads\/2020\/06\/IMG_20200611_174815-scaled.jpg 1714w\" sizes=\"auto, (max-width: 686px) 100vw, 686px\" \/><\/a><figcaption class=\"blocks-gallery-item__caption\">Feierabendbier in Saignel\u00e9gier<\/figcaption><\/figure><\/li><\/ul><\/figure>\n\n\n\n<p>Vom Ort des feinen Biers fahren wir am n\u00e4chsten Tag ins Tal der Gr\u00fcnen Fee. Wir folgen zun\u00e4chst Veloroute 7, entscheiden uns aber gegen den Umweg \u00fcber den Mont Soleil und fahren der Kantonsstrasse entlang nach La Chaux-de-Fonds. Kurz vor La Chaux-de-Fonds weckt ein Schild unsere Gel\u00fcste: &#8222;Boulangerie et P\u00e2tisserie ouverte!&#8220;. Ein zweites Fr\u00fchst\u00fcck ist l\u00e4ngst \u00fcberf\u00e4llig und so geniessen wir eine kurze Pause bei Kaffee und Kuchen. Nach La Chaux-de-Fonds wird die frisch getankte Energie auch gleich wieder verbrannt, denn es geht mehrheitlich aufw\u00e4rts. Nach einer sp\u00e4ten Mittagsrast werden wir mit einer sch\u00f6nen Abfahrt belohnt, bevor es dann am Ende des Talbodens von Les Ponts-de-Martel nochmals ansteigt. Zum ersten und nicht zum letzten Mal sind wir froh die Route durch den Jura von Nord nach S\u00fcd zu befahren. Der Anstieg nach Les Pont-de-Martel ist lang gezogen und mit angenehmer Steigung. Die Abfahrt nach Le Travers ist rasant und teilweise ziemlich steil. In Le Travers ergattern wir den letzten Zeltplatz auf dem kleinen Camping von <a rel=\"noreferrer noopener\" href=\"https:\/\/www.lacoue.ch\/\" target=\"_blank\">La Cou\u00e9<\/a>.<\/p>\n\n\n\n<figure class=\"wp-block-gallery columns-2 is-cropped wp-block-gallery-2 is-layout-flex wp-block-gallery-is-layout-flex\"><ul class=\"blocks-gallery-grid\"><li class=\"blocks-gallery-item\"><figure><a href=\"https:\/\/velo.nomaden.be\/wp-content\/uploads\/2020\/06\/IMG_20200613_080812-scaled.jpg\"><img loading=\"lazy\" decoding=\"async\" width=\"768\" height=\"1024\" src=\"https:\/\/velo.nomaden.be\/wp-content\/uploads\/2020\/06\/IMG_20200613_080812-768x1024.jpg\" alt=\"\" data-id=\"698\" data-full-url=\"https:\/\/velo.nomaden.be\/wp-content\/uploads\/2020\/06\/IMG_20200613_080812-scaled.jpg\" data-link=\"https:\/\/velo.nomaden.be\/?attachment_id=698\" class=\"wp-image-698\" srcset=\"https:\/\/velo.nomaden.be\/wp-content\/uploads\/2020\/06\/IMG_20200613_080812-768x1024.jpg 768w, https:\/\/velo.nomaden.be\/wp-content\/uploads\/2020\/06\/IMG_20200613_080812-225x300.jpg 225w, https:\/\/velo.nomaden.be\/wp-content\/uploads\/2020\/06\/IMG_20200613_080812-1152x1536.jpg 1152w, https:\/\/velo.nomaden.be\/wp-content\/uploads\/2020\/06\/IMG_20200613_080812-1536x2048.jpg 1536w, https:\/\/velo.nomaden.be\/wp-content\/uploads\/2020\/06\/IMG_20200613_080812-scaled.jpg 1920w\" sizes=\"auto, (max-width: 768px) 100vw, 768px\" \/><\/a><figcaption class=\"blocks-gallery-item__caption\">Ausblick von unserem Pl\u00e4tzli<\/figcaption><\/figure><\/li><li class=\"blocks-gallery-item\"><figure><a href=\"https:\/\/velo.nomaden.be\/wp-content\/uploads\/2020\/06\/IMG_20200612_182344-scaled.jpg\"><img loading=\"lazy\" decoding=\"async\" width=\"686\" height=\"1024\" src=\"https:\/\/velo.nomaden.be\/wp-content\/uploads\/2020\/06\/IMG_20200612_182344-686x1024.jpg\" alt=\"\" data-id=\"699\" data-full-url=\"https:\/\/velo.nomaden.be\/wp-content\/uploads\/2020\/06\/IMG_20200612_182344-scaled.jpg\" data-link=\"https:\/\/velo.nomaden.be\/?attachment_id=699\" class=\"wp-image-699\" srcset=\"https:\/\/velo.nomaden.be\/wp-content\/uploads\/2020\/06\/IMG_20200612_182344-686x1024.jpg 686w, https:\/\/velo.nomaden.be\/wp-content\/uploads\/2020\/06\/IMG_20200612_182344-201x300.jpg 201w, https:\/\/velo.nomaden.be\/wp-content\/uploads\/2020\/06\/IMG_20200612_182344-768x1147.jpg 768w, https:\/\/velo.nomaden.be\/wp-content\/uploads\/2020\/06\/IMG_20200612_182344-1028x1536.jpg 1028w, https:\/\/velo.nomaden.be\/wp-content\/uploads\/2020\/06\/IMG_20200612_182344-1371x2048.jpg 1371w, https:\/\/velo.nomaden.be\/wp-content\/uploads\/2020\/06\/IMG_20200612_182344-scaled.jpg 1714w\" sizes=\"auto, (max-width: 686px) 100vw, 686px\" \/><\/a><\/figure><\/li><\/ul><\/figure>\n\n\n\n<p>Fast biegen wir falsch ab in Richtung Creux du Van. Die Himmelsrichtung und die starke Steigung lassen uns aber nochmals in die Karte schauen. Unser Anstieg folgt aber auch schon wenige Kilometer sp\u00e4ter. Von Buttes steigt die Strasse \u00fcber 4 Kilometer an und f\u00fchrt uns nach La C\u00f4te-aux-F\u00e9es. Die franz\u00f6sische Grenze ist nun in Reichweite. Wie uns zwei andere Radfahrer mitteilen, ist hier aber zwei Tage vor Grenz\u00f6ffnung noch kein Durchkommen in den franz\u00f6sischen Jura. Ob den vielen franz\u00f6sischen Autokennzeichen diesseits der Grenze wundern wir uns dann umso mehr. Bei sch\u00f6nstem Sonnenschein sind wir in kurzen Hosen und T-Shirt am Morgen losgefahren. W\u00e4hrend unserer Mittagspause in L&#8217;Auberson ziehen innert einer halben Stunde die ersten schwarzen Wolken auf und es wird merklich k\u00fchler. Der Regen ist nicht mehr weit und so fahren wir in Regenbekleidung los in Richtung Col de l&#8217;Aiguillon. Knapp 45 Minuten sp\u00e4ter und kurz vor Passh\u00f6he sp\u00fcren wir die ersten Tropfen. Bei der langen Abfahrt nach Baulmes wird der Regen immer st\u00e4rker. Unten angekommen suchen wir Schutz unter dem Vordach einer Scheune.<\/p>\n\n\n\n<p>Die unfreiwillige Rast hat uns einige Zeit gekostet. Mittlerweile ist es zwar trocken, wir haben aber trotzdem keine Lust die letzten H\u00f6henmeter von Vallorbe zum Lac de Joux selber zu fahren. Zum Gl\u00fcck f\u00e4hrt st\u00fcndlich ein Zug bis nach Le Brassus wo wir f\u00fcr diese Nacht ein Hotel gebucht haben. Leider ist das Restaurant zu, daher machen wir nochmals einen abendlichen Ausflug nach Le Pont um unseren Hunger zu stillen.<\/p>\n\n\n\n<p>Zwischen dem Col du Marchairuz und dem heutigen Zmittags-Ziel erstreckt sich das Hochtal Combe des Amburnex. Die Aussicht auf eine w\u00e4hrschafte K\u00e4seschnitte vers\u00fcsst uns den morgendlichen Aufstieg von Le Brassus auf der Passstrasse. Sobald wir ins Seitental einbiegen sind wir die Autos los. Wir teilen das schmale Str\u00e4sschen nur mit anderen Velofahrer*innen und der einen oder anderen Kuh. In der Alph\u00fctte Les Pralets gew\u00e4hren wir uns die wohlverdiente cro\u00fbte au fromage, dannach geht es rasant hinunter an den Jurafuss. In Bassins wechseln wir auf die Route 50 und folgen dieser ostw\u00e4rts bis nach Romainm\u00f4tier wo wir unser Zelt auf dem Camping aufschlagen. Nach der Dusche kommt der Regen. Wir vertreiben uns die Zeit im Zelt mit Kartenspiel. Irgendwann hat Lo genug und macht sich mit Schirm ans Kochen, und schon bald h\u00f6rt der Regen zum Gl\u00fcck auf.<\/p>\n\n\n\n<figure class=\"wp-block-gallery columns-3 is-cropped wp-block-gallery-3 is-layout-flex wp-block-gallery-is-layout-flex\"><ul class=\"blocks-gallery-grid\"><li class=\"blocks-gallery-item\"><figure><a href=\"https:\/\/velo.nomaden.be\/wp-content\/uploads\/2020\/07\/DSC_0032-686x1024.jpg\"><img loading=\"lazy\" decoding=\"async\" width=\"686\" height=\"1024\" src=\"https:\/\/velo.nomaden.be\/wp-content\/uploads\/2020\/07\/DSC_0032-686x1024.jpg\" alt=\"\" data-id=\"703\" data-link=\"https:\/\/velo.nomaden.be\/?attachment_id=703\" class=\"wp-image-703\" srcset=\"https:\/\/velo.nomaden.be\/wp-content\/uploads\/2020\/07\/DSC_0032-686x1024.jpg 686w, https:\/\/velo.nomaden.be\/wp-content\/uploads\/2020\/07\/DSC_0032-201x300.jpg 201w, https:\/\/velo.nomaden.be\/wp-content\/uploads\/2020\/07\/DSC_0032-768x1147.jpg 768w, https:\/\/velo.nomaden.be\/wp-content\/uploads\/2020\/07\/DSC_0032-1028x1536.jpg 1028w, https:\/\/velo.nomaden.be\/wp-content\/uploads\/2020\/07\/DSC_0032-1371x2048.jpg 1371w, https:\/\/velo.nomaden.be\/wp-content\/uploads\/2020\/07\/DSC_0032-scaled.jpg 1714w\" sizes=\"auto, (max-width: 686px) 100vw, 686px\" \/><\/a><\/figure><\/li><li class=\"blocks-gallery-item\"><figure><a href=\"https:\/\/velo.nomaden.be\/wp-content\/uploads\/2020\/07\/IMG_20200614_130559-686x1024.jpg\"><img loading=\"lazy\" decoding=\"async\" width=\"686\" height=\"1024\" src=\"https:\/\/velo.nomaden.be\/wp-content\/uploads\/2020\/07\/IMG_20200614_130559-686x1024.jpg\" alt=\"\" data-id=\"705\" data-link=\"https:\/\/velo.nomaden.be\/?attachment_id=705\" class=\"wp-image-705\" srcset=\"https:\/\/velo.nomaden.be\/wp-content\/uploads\/2020\/07\/IMG_20200614_130559-686x1024.jpg 686w, https:\/\/velo.nomaden.be\/wp-content\/uploads\/2020\/07\/IMG_20200614_130559-201x300.jpg 201w, https:\/\/velo.nomaden.be\/wp-content\/uploads\/2020\/07\/IMG_20200614_130559-768x1147.jpg 768w, https:\/\/velo.nomaden.be\/wp-content\/uploads\/2020\/07\/IMG_20200614_130559-1028x1536.jpg 1028w, https:\/\/velo.nomaden.be\/wp-content\/uploads\/2020\/07\/IMG_20200614_130559-1371x2048.jpg 1371w, https:\/\/velo.nomaden.be\/wp-content\/uploads\/2020\/07\/IMG_20200614_130559-scaled.jpg 1714w\" sizes=\"auto, (max-width: 686px) 100vw, 686px\" \/><\/a><figcaption class=\"blocks-gallery-item__caption\">Combe des Amburnex<\/figcaption><\/figure><\/li><li class=\"blocks-gallery-item\"><figure><a href=\"https:\/\/velo.nomaden.be\/wp-content\/uploads\/2020\/07\/DSC_0027-1024x768.jpg\"><img loading=\"lazy\" decoding=\"async\" width=\"1024\" height=\"768\" src=\"https:\/\/velo.nomaden.be\/wp-content\/uploads\/2020\/07\/DSC_0027-1024x768.jpg\" alt=\"\" data-id=\"711\" data-link=\"https:\/\/velo.nomaden.be\/?attachment_id=711\" class=\"wp-image-711\" srcset=\"https:\/\/velo.nomaden.be\/wp-content\/uploads\/2020\/07\/DSC_0027-1024x768.jpg 1024w, https:\/\/velo.nomaden.be\/wp-content\/uploads\/2020\/07\/DSC_0027-300x225.jpg 300w, https:\/\/velo.nomaden.be\/wp-content\/uploads\/2020\/07\/DSC_0027-768x576.jpg 768w, https:\/\/velo.nomaden.be\/wp-content\/uploads\/2020\/07\/DSC_0027-1536x1152.jpg 1536w, https:\/\/velo.nomaden.be\/wp-content\/uploads\/2020\/07\/DSC_0027.jpg 1920w\" sizes=\"auto, (max-width: 1024px) 100vw, 1024px\" \/><\/a><\/figure><\/li><li class=\"blocks-gallery-item\"><figure><a href=\"https:\/\/velo.nomaden.be\/wp-content\/uploads\/2020\/07\/DSC_0033-1024x768.jpg\"><img loading=\"lazy\" decoding=\"async\" width=\"1024\" height=\"768\" src=\"https:\/\/velo.nomaden.be\/wp-content\/uploads\/2020\/07\/DSC_0033-1024x768.jpg\" alt=\"\" data-id=\"709\" data-link=\"https:\/\/velo.nomaden.be\/?attachment_id=709\" class=\"wp-image-709\" srcset=\"https:\/\/velo.nomaden.be\/wp-content\/uploads\/2020\/07\/DSC_0033-1024x768.jpg 1024w, https:\/\/velo.nomaden.be\/wp-content\/uploads\/2020\/07\/DSC_0033-300x225.jpg 300w, https:\/\/velo.nomaden.be\/wp-content\/uploads\/2020\/07\/DSC_0033-768x576.jpg 768w, https:\/\/velo.nomaden.be\/wp-content\/uploads\/2020\/07\/DSC_0033-1536x1152.jpg 1536w, https:\/\/velo.nomaden.be\/wp-content\/uploads\/2020\/07\/DSC_0033.jpg 1920w\" sizes=\"auto, (max-width: 1024px) 100vw, 1024px\" \/><\/a><\/figure><\/li><li class=\"blocks-gallery-item\"><figure><a href=\"https:\/\/velo.nomaden.be\/wp-content\/uploads\/2020\/07\/IMG_20200614_130539-1024x768.jpg\"><img loading=\"lazy\" decoding=\"async\" width=\"1024\" height=\"768\" src=\"https:\/\/velo.nomaden.be\/wp-content\/uploads\/2020\/07\/IMG_20200614_130539-1024x768.jpg\" alt=\"\" data-id=\"706\" data-link=\"https:\/\/velo.nomaden.be\/?attachment_id=706\" class=\"wp-image-706\" srcset=\"https:\/\/velo.nomaden.be\/wp-content\/uploads\/2020\/07\/IMG_20200614_130539-1024x768.jpg 1024w, https:\/\/velo.nomaden.be\/wp-content\/uploads\/2020\/07\/IMG_20200614_130539-300x225.jpg 300w, https:\/\/velo.nomaden.be\/wp-content\/uploads\/2020\/07\/IMG_20200614_130539-768x576.jpg 768w, https:\/\/velo.nomaden.be\/wp-content\/uploads\/2020\/07\/IMG_20200614_130539-1536x1152.jpg 1536w, https:\/\/velo.nomaden.be\/wp-content\/uploads\/2020\/07\/IMG_20200614_130539.jpg 1920w\" sizes=\"auto, (max-width: 1024px) 100vw, 1024px\" \/><\/a><figcaption class=\"blocks-gallery-item__caption\">Les Pralets<\/figcaption><\/figure><\/li><li class=\"blocks-gallery-item\"><figure><a href=\"https:\/\/velo.nomaden.be\/wp-content\/uploads\/2020\/07\/DSC_0038.jpg\"><img loading=\"lazy\" decoding=\"async\" width=\"1024\" height=\"768\" src=\"https:\/\/velo.nomaden.be\/wp-content\/uploads\/2020\/07\/DSC_0038-1024x768.jpg\" alt=\"\" data-id=\"712\" data-full-url=\"https:\/\/velo.nomaden.be\/wp-content\/uploads\/2020\/07\/DSC_0038.jpg\" data-link=\"https:\/\/velo.nomaden.be\/?attachment_id=712\" class=\"wp-image-712\" srcset=\"https:\/\/velo.nomaden.be\/wp-content\/uploads\/2020\/07\/DSC_0038-1024x768.jpg 1024w, https:\/\/velo.nomaden.be\/wp-content\/uploads\/2020\/07\/DSC_0038-300x225.jpg 300w, https:\/\/velo.nomaden.be\/wp-content\/uploads\/2020\/07\/DSC_0038-768x576.jpg 768w, https:\/\/velo.nomaden.be\/wp-content\/uploads\/2020\/07\/DSC_0038-1536x1152.jpg 1536w, https:\/\/velo.nomaden.be\/wp-content\/uploads\/2020\/07\/DSC_0038.jpg 1920w\" sizes=\"auto, (max-width: 1024px) 100vw, 1024px\" \/><\/a><\/figure><\/li><li class=\"blocks-gallery-item\"><figure><a href=\"https:\/\/velo.nomaden.be\/wp-content\/uploads\/2020\/07\/DSC_0037-1024x768.jpg\"><img loading=\"lazy\" decoding=\"async\" width=\"1024\" height=\"768\" src=\"https:\/\/velo.nomaden.be\/wp-content\/uploads\/2020\/07\/DSC_0037-1024x768.jpg\" alt=\"\" data-id=\"707\" data-link=\"https:\/\/velo.nomaden.be\/?attachment_id=707\" class=\"wp-image-707\" srcset=\"https:\/\/velo.nomaden.be\/wp-content\/uploads\/2020\/07\/DSC_0037-1024x768.jpg 1024w, https:\/\/velo.nomaden.be\/wp-content\/uploads\/2020\/07\/DSC_0037-300x225.jpg 300w, https:\/\/velo.nomaden.be\/wp-content\/uploads\/2020\/07\/DSC_0037-768x576.jpg 768w, https:\/\/velo.nomaden.be\/wp-content\/uploads\/2020\/07\/DSC_0037-1536x1152.jpg 1536w, https:\/\/velo.nomaden.be\/wp-content\/uploads\/2020\/07\/DSC_0037.jpg 1920w\" sizes=\"auto, (max-width: 1024px) 100vw, 1024px\" \/><\/a><figcaption class=\"blocks-gallery-item__caption\">Blick nach Genf<\/figcaption><\/figure><\/li><li class=\"blocks-gallery-item\"><figure><a href=\"https:\/\/velo.nomaden.be\/wp-content\/uploads\/2020\/07\/20200614_143219-1024x768.jpg\"><img loading=\"lazy\" decoding=\"async\" width=\"1024\" height=\"768\" src=\"https:\/\/velo.nomaden.be\/wp-content\/uploads\/2020\/07\/20200614_143219-1024x768.jpg\" alt=\"\" data-id=\"704\" data-link=\"https:\/\/velo.nomaden.be\/?attachment_id=704\" class=\"wp-image-704\" srcset=\"https:\/\/velo.nomaden.be\/wp-content\/uploads\/2020\/07\/20200614_143219-1024x768.jpg 1024w, https:\/\/velo.nomaden.be\/wp-content\/uploads\/2020\/07\/20200614_143219-300x225.jpg 300w, https:\/\/velo.nomaden.be\/wp-content\/uploads\/2020\/07\/20200614_143219-768x576.jpg 768w, https:\/\/velo.nomaden.be\/wp-content\/uploads\/2020\/07\/20200614_143219-1536x1152.jpg 1536w, https:\/\/velo.nomaden.be\/wp-content\/uploads\/2020\/07\/20200614_143219.jpg 1920w\" sizes=\"auto, (max-width: 1024px) 100vw, 1024px\" \/><\/a><\/figure><\/li><\/ul><\/figure>\n\n\n\n<p>Nach Yverdon folgen wir der Route 5 am s\u00fcdlichen Ufer des Neuenburgersee nach Portalban. Hier verbringen wir zwei Tage mit baden im See, Ausflug mit dem Velo nach Salavaux (G\u00e2teau de Vully) und mit dem Schiff nach Neuch\u00e2tel.<\/p>\n\n\n\n<figure class=\"wp-block-gallery columns-3 is-cropped wp-block-gallery-4 is-layout-flex wp-block-gallery-is-layout-flex\"><ul class=\"blocks-gallery-grid\"><li class=\"blocks-gallery-item\"><figure><a href=\"https:\/\/velo.nomaden.be\/wp-content\/uploads\/2020\/07\/IMG_20200617_205909-scaled.jpg\"><img loading=\"lazy\" decoding=\"async\" width=\"686\" height=\"1024\" src=\"https:\/\/velo.nomaden.be\/wp-content\/uploads\/2020\/07\/IMG_20200617_205909-686x1024.jpg\" alt=\"\" data-id=\"713\" data-full-url=\"https:\/\/velo.nomaden.be\/wp-content\/uploads\/2020\/07\/IMG_20200617_205909-scaled.jpg\" data-link=\"https:\/\/velo.nomaden.be\/?attachment_id=713\" class=\"wp-image-713\" srcset=\"https:\/\/velo.nomaden.be\/wp-content\/uploads\/2020\/07\/IMG_20200617_205909-686x1024.jpg 686w, https:\/\/velo.nomaden.be\/wp-content\/uploads\/2020\/07\/IMG_20200617_205909-201x300.jpg 201w, https:\/\/velo.nomaden.be\/wp-content\/uploads\/2020\/07\/IMG_20200617_205909-768x1147.jpg 768w, https:\/\/velo.nomaden.be\/wp-content\/uploads\/2020\/07\/IMG_20200617_205909-1028x1536.jpg 1028w, https:\/\/velo.nomaden.be\/wp-content\/uploads\/2020\/07\/IMG_20200617_205909-1371x2048.jpg 1371w, https:\/\/velo.nomaden.be\/wp-content\/uploads\/2020\/07\/IMG_20200617_205909-scaled.jpg 1714w\" sizes=\"auto, (max-width: 686px) 100vw, 686px\" \/><\/a><figcaption class=\"blocks-gallery-item__caption\">Abendstimmung am Neuenburgersee<\/figcaption><\/figure><\/li><li class=\"blocks-gallery-item\"><figure><a href=\"https:\/\/velo.nomaden.be\/wp-content\/uploads\/2020\/07\/IMG_20200616_173451-scaled.jpg\"><img loading=\"lazy\" decoding=\"async\" width=\"686\" height=\"1024\" src=\"https:\/\/velo.nomaden.be\/wp-content\/uploads\/2020\/07\/IMG_20200616_173451-686x1024.jpg\" alt=\"\" data-id=\"714\" data-full-url=\"https:\/\/velo.nomaden.be\/wp-content\/uploads\/2020\/07\/IMG_20200616_173451-scaled.jpg\" data-link=\"https:\/\/velo.nomaden.be\/?attachment_id=714\" class=\"wp-image-714\" srcset=\"https:\/\/velo.nomaden.be\/wp-content\/uploads\/2020\/07\/IMG_20200616_173451-686x1024.jpg 686w, https:\/\/velo.nomaden.be\/wp-content\/uploads\/2020\/07\/IMG_20200616_173451-201x300.jpg 201w, https:\/\/velo.nomaden.be\/wp-content\/uploads\/2020\/07\/IMG_20200616_173451-768x1147.jpg 768w, https:\/\/velo.nomaden.be\/wp-content\/uploads\/2020\/07\/IMG_20200616_173451-1028x1536.jpg 1028w, https:\/\/velo.nomaden.be\/wp-content\/uploads\/2020\/07\/IMG_20200616_173451-1371x2048.jpg 1371w, https:\/\/velo.nomaden.be\/wp-content\/uploads\/2020\/07\/IMG_20200616_173451-scaled.jpg 1714w\" sizes=\"auto, (max-width: 686px) 100vw, 686px\" \/><\/a><figcaption class=\"blocks-gallery-item__caption\">Fast schon karibisch<\/figcaption><\/figure><\/li><li class=\"blocks-gallery-item\"><figure><a href=\"https:\/\/velo.nomaden.be\/wp-content\/uploads\/2020\/07\/IMG_20200616_125353-scaled.jpg\"><img loading=\"lazy\" decoding=\"async\" width=\"686\" height=\"1024\" src=\"https:\/\/velo.nomaden.be\/wp-content\/uploads\/2020\/07\/IMG_20200616_125353-686x1024.jpg\" alt=\"\" data-id=\"715\" data-full-url=\"https:\/\/velo.nomaden.be\/wp-content\/uploads\/2020\/07\/IMG_20200616_125353-scaled.jpg\" data-link=\"https:\/\/velo.nomaden.be\/?attachment_id=715\" class=\"wp-image-715\" srcset=\"https:\/\/velo.nomaden.be\/wp-content\/uploads\/2020\/07\/IMG_20200616_125353-686x1024.jpg 686w, https:\/\/velo.nomaden.be\/wp-content\/uploads\/2020\/07\/IMG_20200616_125353-201x300.jpg 201w, https:\/\/velo.nomaden.be\/wp-content\/uploads\/2020\/07\/IMG_20200616_125353-768x1147.jpg 768w, https:\/\/velo.nomaden.be\/wp-content\/uploads\/2020\/07\/IMG_20200616_125353-1028x1536.jpg 1028w, https:\/\/velo.nomaden.be\/wp-content\/uploads\/2020\/07\/IMG_20200616_125353-1371x2048.jpg 1371w, https:\/\/velo.nomaden.be\/wp-content\/uploads\/2020\/07\/IMG_20200616_125353-scaled.jpg 1714w\" sizes=\"auto, (max-width: 686px) 100vw, 686px\" \/><\/a><figcaption class=\"blocks-gallery-item__caption\">Transport von G\u00e2teau de Vully<\/figcaption><\/figure><\/li><\/ul><\/figure>\n\n\n\n<p><\/p>\n","protected":false},"excerpt":{"rendered":"<p>Wir schreiben das Jahr 2020, welches uns allen noch lange in Erinnerung bleiben wird. Noch sind die Grenzen zu, das h\u00e4lt uns aber nat\u00fcrlich nicht davon ab unsere Ferien auf dem Velo zu verbringen. Anstatt die gr\u00fcnen H\u00fcgel von Irland erkunden wir die gr\u00fcnen H\u00fcgel des Jura. Vor- und Nachteil einer Veloreise im eigenen Land [&hellip;]<\/p>\n","protected":false},"author":1,"featured_media":0,"comment_status":"closed","ping_status":"closed","sticky":false,"template":"","format":"standard","meta":{"footnotes":""},"categories":[14],"tags":[],"class_list":["post-693","post","type-post","status-publish","format-standard","hentry","category-ch","gallery-content-unit"],"_links":{"self":[{"href":"https:\/\/velo.nomaden.be\/index.php\/wp-json\/wp\/v2\/posts\/693","targetHints":{"allow":["GET"]}}],"collection":[{"href":"https:\/\/velo.nomaden.be\/index.php\/wp-json\/wp\/v2\/posts"}],"about":[{"href":"https:\/\/velo.nomaden.be\/index.php\/wp-json\/wp\/v2\/types\/post"}],"author":[{"embeddable":true,"href":"https:\/\/velo.nomaden.be\/index.php\/wp-json\/wp\/v2\/users\/1"}],"replies":[{"embeddable":true,"href":"https:\/\/velo.nomaden.be\/index.php\/wp-json\/wp\/v2\/comments?post=693"}],"version-history":[{"count":9,"href":"https:\/\/velo.nomaden.be\/index.php\/wp-json\/wp\/v2\/posts\/693\/revisions"}],"predecessor-version":[{"id":733,"href":"https:\/\/velo.nomaden.be\/index.php\/wp-json\/wp\/v2\/posts\/693\/revisions\/733"}],"wp:attachment":[{"href":"https:\/\/velo.nomaden.be\/index.php\/wp-json\/wp\/v2\/media?parent=693"}],"wp:term":[{"taxonomy":"category","embeddable":true,"href":"https:\/\/velo.nomaden.be\/index.php\/wp-json\/wp\/v2\/categories?post=693"},{"taxonomy":"post_tag","embeddable":true,"href":"https:\/\/velo.nomaden.be\/index.php\/wp-json\/wp\/v2\/tags?post=693"}],"curies":[{"name":"wp","href":"https:\/\/api.w.org\/{rel}","templated":true}]}}