{"id":666,"date":"2019-09-04T05:19:47","date_gmt":"2019-09-03T21:19:47","guid":{"rendered":"https:\/\/velo.nomaden.be\/?p=666"},"modified":"2023-08-14T15:23:16","modified_gmt":"2023-08-14T13:23:16","slug":"von-dresden-nach-prag","status":"publish","type":"post","link":"https:\/\/velo.nomaden.be\/index.php\/2019\/09\/04\/von-dresden-nach-prag\/","title":{"rendered":"Von Dresden nach Prag"},"content":{"rendered":"\n<p>In Dresden lassen wir die \u00fcblichen Sehensw\u00fcrdigkeiten aus und geniessen die Zeit im Stadtteil Neustadt. Das alternative Quartier ist aus baulicher Sicht die Altstadt von Dresden. Die urspr\u00fcngliche Altstadt von Dresden wurde 1945 fast vollst\u00e4ndig zerst\u00f6rt, weshalb die meisten Bauten im Zentrum aus der Zeit nach dem Zweiten Weltkrieg stammen.<\/p>\n\n\n\n<p>In der Neustadt finden wir alles was wir brauchen: gute Caf\u00e9s, feines Essen, gem\u00fctliche Kneipen und sogar ein <a rel=\"noreferrer noopener\" aria-label=\"Arthouse Kino (\u00f6ffnet in neuem Tab)\" href=\"http:\/\/www.thalia-dresden.de\/\" target=\"_blank\">Arthouse Kino<\/a>. So kommt es dann auch, dass wir in zwei Tagen gleich zweimal ins Kino gehen.<\/p>\n\n\n\n<p>Die Fahrt aus der Stadt heraus ist weniger spektakul\u00e4r als die Fahrt in die Stadt hinein. Nach wenigen Metern auf Scherben \u00fcbers\u00e4ten Strassen (Freitagabend war so einiges los) sind wir am Elbeufer auf dem Radweg Richtung Prag. Dieser f\u00fchrt uns zun\u00e4chst durch die s\u00e4chsische Schweiz und von dort \u00fcber die Grenze nach Tschechien.<\/p>\n\n\n\n<p>Die erste auff\u00e4llige Neuerung nach der Grenze sind die Wegweiser. In Deutschland haben wir M\u00fche die gr\u00fcnen Zeichen auf weissem Grund zu entziffern &#8211; ausser wir stehen direkt unter dem Schild. Zudem ist in Deutschland meist nur die Richtung zum n\u00e4chstgelegenen Ort angeschrieben, eine Richtungsangabe zu den regionalen Zentren fehlt meist. Das ist f\u00fcr ortsunkundige nicht gerade hilfreich. Die Tschechen hingegen machen da wirklich alles richtig. Schwarze Schrift auf gelbem Grund plus Routennummer plus Eurovelo Signet bzw. Elberadweg Emblem, da ist es wirklich schwierig vom Weg abzukommen. Nur manchmal f\u00fchren die Radwege halt \u00fcber Treppen &#8211; aber auch das ist sauber ausgeschildert.<\/p>\n\n\n\n<p>Die erste Nacht verbringen wir auf dem Camping in Nebo\u010dady. Im zugeh\u00f6rigen Hotel hat sich eine Hochzeitsgesellschaft einquartiert. So erleben wir hautnah wie die Tschechen ihre Feste feiern. Ganz anders eine Nacht sp\u00e4ter auf dem Autokemp in M\u011bln\u00edk; Die einzige Musik, die wir h\u00f6ren sind die Tropfen auf dem Zeltdach. Aber keine Party ist laut genug um uns vom schlafen abzuhalten und der Regen hat kaum gereicht um unser Zelt zu netzen.<\/p>\n\n\n\n<p>Drei Tage nach Abfahrt in Dresden verlassen wir die Elbe und fahren der Moldau entlang nach Prag hinein.<\/p>\n\n\n\n<ul class=\"wp-block-gallery columns-3 is-cropped wp-block-gallery-1 is-layout-flex wp-block-gallery-is-layout-flex\"><li class=\"blocks-gallery-item\"><figure><a href=\"https:\/\/velo.nomaden.be\/wp-content\/uploads\/2019\/09\/IMG_20190830_122037-768x1024.jpg\"><img loading=\"lazy\" decoding=\"async\" width=\"768\" height=\"1024\" src=\"https:\/\/velo.nomaden.be\/wp-content\/uploads\/2019\/09\/IMG_20190830_122037-768x1024.jpg\" alt=\"\" data-id=\"667\" data-link=\"https:\/\/velo.nomaden.be\/?attachment_id=667\" class=\"wp-image-667\" srcset=\"https:\/\/velo.nomaden.be\/wp-content\/uploads\/2019\/09\/IMG_20190830_122037-768x1024.jpg 768w, https:\/\/velo.nomaden.be\/wp-content\/uploads\/2019\/09\/IMG_20190830_122037-225x300.jpg 225w, https:\/\/velo.nomaden.be\/wp-content\/uploads\/2019\/09\/IMG_20190830_122037.jpg 1440w\" sizes=\"auto, (max-width: 768px) 100vw, 768px\" \/><\/a><figcaption>Neustadt<\/figcaption><\/figure><\/li><li class=\"blocks-gallery-item\"><figure><a href=\"https:\/\/velo.nomaden.be\/wp-content\/uploads\/2019\/09\/IMG_20190831_092322-768x1024.jpg\"><img loading=\"lazy\" decoding=\"async\" width=\"768\" height=\"1024\" src=\"https:\/\/velo.nomaden.be\/wp-content\/uploads\/2019\/09\/IMG_20190831_092322-768x1024.jpg\" alt=\"\" data-id=\"668\" data-link=\"https:\/\/velo.nomaden.be\/?attachment_id=668\" class=\"wp-image-668\" srcset=\"https:\/\/velo.nomaden.be\/wp-content\/uploads\/2019\/09\/IMG_20190831_092322-768x1024.jpg 768w, https:\/\/velo.nomaden.be\/wp-content\/uploads\/2019\/09\/IMG_20190831_092322-225x300.jpg 225w, https:\/\/velo.nomaden.be\/wp-content\/uploads\/2019\/09\/IMG_20190831_092322.jpg 1440w\" sizes=\"auto, (max-width: 768px) 100vw, 768px\" \/><\/a><figcaption>Symbolbild Kopfsteinpflaster<\/figcaption><\/figure><\/li><li class=\"blocks-gallery-item\"><figure><a href=\"https:\/\/velo.nomaden.be\/wp-content\/uploads\/2019\/09\/IMG_20190831_142640-768x1024.jpg\"><img loading=\"lazy\" decoding=\"async\" width=\"768\" height=\"1024\" src=\"https:\/\/velo.nomaden.be\/wp-content\/uploads\/2019\/09\/IMG_20190831_142640-768x1024.jpg\" alt=\"\" data-id=\"669\" data-link=\"https:\/\/velo.nomaden.be\/?attachment_id=669\" class=\"wp-image-669\" srcset=\"https:\/\/velo.nomaden.be\/wp-content\/uploads\/2019\/09\/IMG_20190831_142640-768x1024.jpg 768w, https:\/\/velo.nomaden.be\/wp-content\/uploads\/2019\/09\/IMG_20190831_142640-225x300.jpg 225w, https:\/\/velo.nomaden.be\/wp-content\/uploads\/2019\/09\/IMG_20190831_142640.jpg 1440w\" sizes=\"auto, (max-width: 768px) 100vw, 768px\" \/><\/a><\/figure><\/li><li class=\"blocks-gallery-item\"><figure><a href=\"https:\/\/velo.nomaden.be\/wp-content\/uploads\/2019\/09\/IMG_20190902_095427-768x1024.jpg\"><img loading=\"lazy\" decoding=\"async\" width=\"768\" height=\"1024\" src=\"https:\/\/velo.nomaden.be\/wp-content\/uploads\/2019\/09\/IMG_20190902_095427-768x1024.jpg\" alt=\"\" data-id=\"670\" data-link=\"https:\/\/velo.nomaden.be\/?attachment_id=670\" class=\"wp-image-670\" srcset=\"https:\/\/velo.nomaden.be\/wp-content\/uploads\/2019\/09\/IMG_20190902_095427-768x1024.jpg 768w, https:\/\/velo.nomaden.be\/wp-content\/uploads\/2019\/09\/IMG_20190902_095427-225x300.jpg 225w, https:\/\/velo.nomaden.be\/wp-content\/uploads\/2019\/09\/IMG_20190902_095427.jpg 1440w\" sizes=\"auto, (max-width: 768px) 100vw, 768px\" \/><\/a><figcaption>Radweg?!<\/figcaption><\/figure><\/li><\/ul>\n","protected":false},"excerpt":{"rendered":"<p>In Dresden lassen wir die \u00fcblichen Sehensw\u00fcrdigkeiten aus und geniessen die Zeit im Stadtteil Neustadt. Das alternative Quartier ist aus baulicher Sicht die Altstadt von Dresden. Die urspr\u00fcngliche Altstadt von Dresden wurde 1945 fast vollst\u00e4ndig zerst\u00f6rt, weshalb die meisten Bauten im Zentrum aus der Zeit nach dem Zweiten Weltkrieg stammen. In der Neustadt finden wir [&hellip;]<\/p>\n","protected":false},"author":1,"featured_media":0,"comment_status":"closed","ping_status":"closed","sticky":false,"template":"","format":"standard","meta":{"footnotes":""},"categories":[12,16],"tags":[],"class_list":["post-666","post","type-post","status-publish","format-standard","hentry","category-de-cz","category-europa","gallery-content-unit"],"_links":{"self":[{"href":"https:\/\/velo.nomaden.be\/index.php\/wp-json\/wp\/v2\/posts\/666","targetHints":{"allow":["GET"]}}],"collection":[{"href":"https:\/\/velo.nomaden.be\/index.php\/wp-json\/wp\/v2\/posts"}],"about":[{"href":"https:\/\/velo.nomaden.be\/index.php\/wp-json\/wp\/v2\/types\/post"}],"author":[{"embeddable":true,"href":"https:\/\/velo.nomaden.be\/index.php\/wp-json\/wp\/v2\/users\/1"}],"replies":[{"embeddable":true,"href":"https:\/\/velo.nomaden.be\/index.php\/wp-json\/wp\/v2\/comments?post=666"}],"version-history":[{"count":2,"href":"https:\/\/velo.nomaden.be\/index.php\/wp-json\/wp\/v2\/posts\/666\/revisions"}],"predecessor-version":[{"id":689,"href":"https:\/\/velo.nomaden.be\/index.php\/wp-json\/wp\/v2\/posts\/666\/revisions\/689"}],"wp:attachment":[{"href":"https:\/\/velo.nomaden.be\/index.php\/wp-json\/wp\/v2\/media?parent=666"}],"wp:term":[{"taxonomy":"category","embeddable":true,"href":"https:\/\/velo.nomaden.be\/index.php\/wp-json\/wp\/v2\/categories?post=666"},{"taxonomy":"post_tag","embeddable":true,"href":"https:\/\/velo.nomaden.be\/index.php\/wp-json\/wp\/v2\/tags?post=666"}],"curies":[{"name":"wp","href":"https:\/\/api.w.org\/{rel}","templated":true}]}}