{"id":60,"date":"2016-10-31T15:15:17","date_gmt":"2016-10-31T07:15:17","guid":{"rendered":"https:\/\/velo.nomaden.be\/?p=60"},"modified":"2016-11-14T10:54:28","modified_gmt":"2016-11-14T02:54:28","slug":"wir-sind-angekommen","status":"publish","type":"post","link":"https:\/\/velo.nomaden.be\/index.php\/2016\/10\/31\/wir-sind-angekommen\/","title":{"rendered":"Wir sind angekommen"},"content":{"rendered":"<p>Die letzten Wochen in der Schweiz vergingen wie im Flug. Dementsprechend sah es am Samstag 10 Stunden vor Abflug noch etwas chaotisch bei uns aus.<\/p>\n<p>Nun sind wir seit ein paar Stunden in Perth. Die Sonne scheint und es ist fr\u00fchlingshaft warm bei \u00fcber 20 Grad. Unser Gep\u00e4ck und vor allem unsere Velos sind wohlbehalten angekommen. Die Fl\u00fcge waren alle p\u00fcnktlich. Nur mit dem angeforderten Maxi Taxi, welches uns vom Flughafen zu Anya fahren sollte, hatten wir Startschwierigkeiten. Zum Schluss haben wir uns dennoch gefunden und wir konnten heute Nachmittag gem\u00fctlich unsere R\u00e4der wieder zusammen bauen.<\/p>\n<p>In den n\u00e4chsten Tagen werden wir versuchen uns in Perth zu recht zu finden und die letzten Dinge f\u00fcr unsere Weiterreise organisieren.<\/p>\n<div id='gallery-1' class='gallery galleryid-60 gallery-columns-3 gallery-size-thumbnail'><figure class='gallery-item'>\n\t\t\t<div class='gallery-icon landscape'>\n\t\t\t\t<a href=\"https:\/\/velo.nomaden.be\/wp-content\/uploads\/2016\/10\/P1010215.jpg\" title=\"Serafin Fl\u00e4ggli\" data-description=\"\"><img loading=\"lazy\" decoding=\"async\" width=\"150\" height=\"150\" src=\"https:\/\/velo.nomaden.be\/wp-content\/uploads\/2016\/10\/P1010215-150x150.jpg\" class=\"attachment-thumbnail size-thumbnail\" alt=\"\" srcset=\"https:\/\/velo.nomaden.be\/wp-content\/uploads\/2016\/10\/P1010215-150x150.jpg 150w, https:\/\/velo.nomaden.be\/wp-content\/uploads\/2016\/10\/P1010215-60x60.jpg 60w\" sizes=\"auto, (max-width: 150px) 100vw, 150px\"><\/a>\n\t\t\t<\/div><\/figure><figure class='gallery-item'>\n\t\t\t<div class='gallery-icon landscape'>\n\t\t\t\t<a href=\"https:\/\/velo.nomaden.be\/wp-content\/uploads\/2016\/10\/P1010213.jpg\" title=\"Chaos vor dem Packen\" data-description=\"\"><img loading=\"lazy\" decoding=\"async\" width=\"150\" height=\"150\" src=\"https:\/\/velo.nomaden.be\/wp-content\/uploads\/2016\/10\/P1010213-150x150.jpg\" class=\"attachment-thumbnail size-thumbnail\" alt=\"\" srcset=\"https:\/\/velo.nomaden.be\/wp-content\/uploads\/2016\/10\/P1010213-150x150.jpg 150w, https:\/\/velo.nomaden.be\/wp-content\/uploads\/2016\/10\/P1010213-60x60.jpg 60w\" sizes=\"auto, (max-width: 150px) 100vw, 150px\"><\/a>\n\t\t\t<\/div><\/figure><figure class='gallery-item'>\n\t\t\t<div class='gallery-icon landscape'>\n\t\t\t\t<a href=\"https:\/\/velo.nomaden.be\/wp-content\/uploads\/2016\/10\/P1010221.jpg\" title=\"Velos vorbereiten\" data-description=\"\"><img loading=\"lazy\" decoding=\"async\" width=\"150\" height=\"150\" src=\"https:\/\/velo.nomaden.be\/wp-content\/uploads\/2016\/10\/P1010221-150x150.jpg\" class=\"attachment-thumbnail size-thumbnail\" alt=\"\" srcset=\"https:\/\/velo.nomaden.be\/wp-content\/uploads\/2016\/10\/P1010221-150x150.jpg 150w, https:\/\/velo.nomaden.be\/wp-content\/uploads\/2016\/10\/P1010221-60x60.jpg 60w\" sizes=\"auto, (max-width: 150px) 100vw, 150px\"><\/a>\n\t\t\t<\/div><\/figure>\n\t\t<\/div>\n\n","protected":false},"excerpt":{"rendered":"<p>Die letzten Wochen in der Schweiz vergingen wie im Flug. Dementsprechend sah es am Samstag 10 Stunden vor Abflug noch etwas chaotisch bei uns aus. Nun sind wir seit ein paar Stunden in Perth. Die Sonne scheint und es ist fr\u00fchlingshaft warm bei \u00fcber 20 Grad. Unser Gep\u00e4ck und vor allem unsere Velos sind wohlbehalten [&hellip;]<\/p>\n","protected":false},"author":1,"featured_media":0,"comment_status":"closed","ping_status":"closed","sticky":false,"template":"","format":"standard","meta":{"footnotes":""},"categories":[7],"tags":[],"class_list":["post-60","post","type-post","status-publish","format-standard","hentry","category-au","gallery-content-unit"],"_links":{"self":[{"href":"https:\/\/velo.nomaden.be\/index.php\/wp-json\/wp\/v2\/posts\/60","targetHints":{"allow":["GET"]}}],"collection":[{"href":"https:\/\/velo.nomaden.be\/index.php\/wp-json\/wp\/v2\/posts"}],"about":[{"href":"https:\/\/velo.nomaden.be\/index.php\/wp-json\/wp\/v2\/types\/post"}],"author":[{"embeddable":true,"href":"https:\/\/velo.nomaden.be\/index.php\/wp-json\/wp\/v2\/users\/1"}],"replies":[{"embeddable":true,"href":"https:\/\/velo.nomaden.be\/index.php\/wp-json\/wp\/v2\/comments?post=60"}],"version-history":[{"count":4,"href":"https:\/\/velo.nomaden.be\/index.php\/wp-json\/wp\/v2\/posts\/60\/revisions"}],"predecessor-version":[{"id":101,"href":"https:\/\/velo.nomaden.be\/index.php\/wp-json\/wp\/v2\/posts\/60\/revisions\/101"}],"wp:attachment":[{"href":"https:\/\/velo.nomaden.be\/index.php\/wp-json\/wp\/v2\/media?parent=60"}],"wp:term":[{"taxonomy":"category","embeddable":true,"href":"https:\/\/velo.nomaden.be\/index.php\/wp-json\/wp\/v2\/categories?post=60"},{"taxonomy":"post_tag","embeddable":true,"href":"https:\/\/velo.nomaden.be\/index.php\/wp-json\/wp\/v2\/tags?post=60"}],"curies":[{"name":"wp","href":"https:\/\/api.w.org\/{rel}","templated":true}]}}