{"id":1158,"date":"2025-10-22T21:26:17","date_gmt":"2025-10-22T19:26:17","guid":{"rendered":"https:\/\/velo.nomaden.be\/?p=1158"},"modified":"2025-10-22T21:26:17","modified_gmt":"2025-10-22T19:26:17","slug":"zum-gardasee-bei-bestem-wetter","status":"publish","type":"post","link":"https:\/\/velo.nomaden.be\/index.php\/2025\/10\/22\/zum-gardasee-bei-bestem-wetter\/","title":{"rendered":"Zum Gardasee bei bestem Wetter"},"content":{"rendered":"\n<p>Das Fr\u00fchst\u00fcck im Hostel stillt den Hunger, ist aber bei weitem kein Traum f\u00fcr Fr\u00fchst\u00fccker:innen. Umso mehr freut uns das frische Brot, dass wir in der B\u00e4ckerei auf dem Weg aus der Stadt hinaus noch kaufen.<\/p>\n\n\n\n<p>Der Apfelduft, der uns zun\u00e4chst begeistert hat, ist verflogen und was bleibt sind die Ein\u00f6den der Apfelplantagen. Abgel\u00f6st werden diese bald von Weinplantagen. Von Rebbergen kann schon nicht mehr die Rede sein.  <\/p>\n\n\n\n<p>Der Radweg an der Etsch ist nun flach, der Wind haben wir seit Glurns nur noch im R\u00fccken. Schon bald sehen wir die Dolomiten hinter Bolzano. In Neumarkt gibt es einen guten Kaffee und Apfelstrudel. Noch bevor die Rezeption vom <a href=\"https:\/\/www.camping-obstgarten.it\/\" target=\"_blank\" rel=\"noreferrer noopener\">Camping Obstgarten<\/a> \u00f6ffnet, erreichen wir diesen. Das Paar mit Camper, welches kurz nach uns eintrifft, l\u00e4uft nerv\u00f6s auf und ab. Es scheint zur Zeit schwierig zu sein einen Stellplatz zu finden. Alle Campingpl\u00e4tze in der Gegend sind ausgebucht. Wir bleiben optimistisch. F\u00fcr ein Zelt hatte es bisher noch immer Platz und zur Not w\u00fcrden wir noch ein paar Kilometer weiterfahren. Es ist erst 15 Uhr. Tats\u00e4chlich erhalten wir ein wundersch\u00f6nes, sonniges Pl\u00e4tzchen ganz f\u00fcr uns allein im Garten. Die zwei anderen m\u00fcssen weitersuchen. Zum Ap\u00e9ro laufen wir hoch zur <a href=\"https:\/\/www.kellerei-kurtatsch.it\/\">Kellereigenossenschaft Kurtatsch<\/a>. Ein architektonisch eindr\u00fccklicher Bau. Mit einem feinen Glas Weisswein blicken wir von der Terrasse \u00fcber das Tal. Ein sch\u00f6ner Ausblick. Etwas sp\u00e4ter sehen wir den Vollmond \u00fcber den Bergen aufgehen. <\/p>\n\n\n\n<figure class=\"wp-block-gallery has-nested-images columns-default is-cropped wp-block-gallery-1 is-layout-flex wp-block-gallery-is-layout-flex\">\n<figure class=\"wp-block-image size-large\"><a href=\"https:\/\/velo.nomaden.be\/wp-content\/uploads\/2025\/10\/DSC06404.jpg\"><img loading=\"lazy\" decoding=\"async\" width=\"1024\" height=\"768\" data-id=\"1176\" src=\"https:\/\/velo.nomaden.be\/wp-content\/uploads\/2025\/10\/DSC06404-1024x768.jpg\" alt=\"Von der asphaltierten Strasse geht der Blick \u00fcber den Fluss Etsch die Berge.\" class=\"wp-image-1176\" srcset=\"https:\/\/velo.nomaden.be\/wp-content\/uploads\/2025\/10\/DSC06404-1024x768.jpg 1024w, https:\/\/velo.nomaden.be\/wp-content\/uploads\/2025\/10\/DSC06404-300x225.jpg 300w, https:\/\/velo.nomaden.be\/wp-content\/uploads\/2025\/10\/DSC06404-768x576.jpg 768w, https:\/\/velo.nomaden.be\/wp-content\/uploads\/2025\/10\/DSC06404-1536x1152.jpg 1536w, https:\/\/velo.nomaden.be\/wp-content\/uploads\/2025\/10\/DSC06404.jpg 1920w\" sizes=\"auto, (max-width: 1024px) 100vw, 1024px\" \/><\/a><\/figure>\n\n\n\n<figure class=\"wp-block-image size-large\"><a href=\"https:\/\/velo.nomaden.be\/wp-content\/uploads\/2025\/10\/IMG_20251006_164719.jpg\"><img loading=\"lazy\" decoding=\"async\" width=\"1024\" height=\"768\" data-id=\"1174\" src=\"https:\/\/velo.nomaden.be\/wp-content\/uploads\/2025\/10\/IMG_20251006_164719-1024x768.jpg\" alt=\"Ausblick von der Kellereigenossenschaft Kurtatsch oberhalb des Ortes Breitbach \u00fcber das Etschtal noch Nordosten. Der Talboden ist besteht aus Weinplantagen.\" class=\"wp-image-1174\" srcset=\"https:\/\/velo.nomaden.be\/wp-content\/uploads\/2025\/10\/IMG_20251006_164719-1024x768.jpg 1024w, https:\/\/velo.nomaden.be\/wp-content\/uploads\/2025\/10\/IMG_20251006_164719-300x225.jpg 300w, https:\/\/velo.nomaden.be\/wp-content\/uploads\/2025\/10\/IMG_20251006_164719-768x576.jpg 768w, https:\/\/velo.nomaden.be\/wp-content\/uploads\/2025\/10\/IMG_20251006_164719-1536x1152.jpg 1536w, https:\/\/velo.nomaden.be\/wp-content\/uploads\/2025\/10\/IMG_20251006_164719.jpg 1920w\" sizes=\"auto, (max-width: 1024px) 100vw, 1024px\" \/><\/a><figcaption class=\"wp-element-caption\">Blick \u00fcber das Etschtal<\/figcaption><\/figure>\n\n\n\n<figure class=\"wp-block-image size-large\"><a href=\"https:\/\/velo.nomaden.be\/wp-content\/uploads\/2025\/10\/IMG_20251006_180117.jpg\"><img loading=\"lazy\" decoding=\"async\" width=\"1024\" height=\"768\" data-id=\"1173\" src=\"https:\/\/velo.nomaden.be\/wp-content\/uploads\/2025\/10\/IMG_20251006_180117-1024x768.jpg\" alt=\"Unser Zeltplatz im Garten vom Camping Obstgarten. Unter einem Baum hat es einen Sitzplatz mit Bank. Eine Person r\u00fcstet Gem\u00fcse. Rund um die Person hat es Kochutensilen f\u00fcr die Campingk\u00fcche. Im Hintergrund ist ein gr\u00fcnes Tunnelzelt erkennbar.\" class=\"wp-image-1173\" srcset=\"https:\/\/velo.nomaden.be\/wp-content\/uploads\/2025\/10\/IMG_20251006_180117-1024x768.jpg 1024w, https:\/\/velo.nomaden.be\/wp-content\/uploads\/2025\/10\/IMG_20251006_180117-300x225.jpg 300w, https:\/\/velo.nomaden.be\/wp-content\/uploads\/2025\/10\/IMG_20251006_180117-768x576.jpg 768w, https:\/\/velo.nomaden.be\/wp-content\/uploads\/2025\/10\/IMG_20251006_180117-1536x1152.jpg 1536w, https:\/\/velo.nomaden.be\/wp-content\/uploads\/2025\/10\/IMG_20251006_180117.jpg 1920w\" sizes=\"auto, (max-width: 1024px) 100vw, 1024px\" \/><\/a><\/figure>\n\n\n\n<figure class=\"wp-block-image size-large\"><a href=\"https:\/\/velo.nomaden.be\/wp-content\/uploads\/2025\/10\/IMG_20251006_202249_HDR.jpg\"><img loading=\"lazy\" decoding=\"async\" width=\"1024\" height=\"768\" data-id=\"1172\" src=\"https:\/\/velo.nomaden.be\/wp-content\/uploads\/2025\/10\/IMG_20251006_202249_HDR-1024x768.jpg\" alt=\"Nachaufnahme. Der Vollmond geht auf \u00fcber einem Bergkamm. Durch die Belichtung sind die Bl\u00e4tter der umliegenden Laubb\u00e4ume erkennbar.\" class=\"wp-image-1172\" srcset=\"https:\/\/velo.nomaden.be\/wp-content\/uploads\/2025\/10\/IMG_20251006_202249_HDR-1024x768.jpg 1024w, https:\/\/velo.nomaden.be\/wp-content\/uploads\/2025\/10\/IMG_20251006_202249_HDR-300x225.jpg 300w, https:\/\/velo.nomaden.be\/wp-content\/uploads\/2025\/10\/IMG_20251006_202249_HDR-768x576.jpg 768w, https:\/\/velo.nomaden.be\/wp-content\/uploads\/2025\/10\/IMG_20251006_202249_HDR-1536x1152.jpg 1536w, https:\/\/velo.nomaden.be\/wp-content\/uploads\/2025\/10\/IMG_20251006_202249_HDR.jpg 1920w\" sizes=\"auto, (max-width: 1024px) 100vw, 1024px\" \/><\/a><figcaption class=\"wp-element-caption\">Vollmond im Obstgarten<\/figcaption><\/figure>\n<\/figure>\n\n\n\n<p>Am n\u00e4chsten Mittag machen wir Kaffeehalt in der Stadt Trento. Den Stadtbummel lassen wir aus, obwohl die mittelalterliche Stadt sehenswert ist. Das Fahren macht Spass und die Sonne scheint. Auch heute erreichen wir unser Etappenziel fr\u00fch. Mangels Campingplatz haben wir in Rovereto ein Hotelzimmer gebucht. Leider d\u00fcrfen wir uns den Swimmingpool nur von unserem Balkon aus ansehen. Der blau schimmerende Pool ist heute geschlossen. Das erfahren wir nat\u00fcrlich erst, nach dem wir uns schon voller Vorfreude auf das k\u00fchle Nass in die Badesachen gest\u00fcrzt haben. Auch das Restaurant hat geschlossen. In der N\u00e4he hat es zum Gl\u00fcck einen Landgasthof, in dem wir fein italienisch Essen inkl. Tiramisu zum Dessert. Wir werden von drei unterschiedlichen Personen bedient und so erstaunt es nicht, dass am Schluss beim Bezahlen wiederum drei, teilweise andere Personen, an der Bar bei der Abrechnung mithelfen m\u00fcssen.<\/p>\n\n\n\n<figure class=\"wp-block-gallery has-nested-images columns-default is-cropped wp-block-gallery-2 is-layout-flex wp-block-gallery-is-layout-flex\">\n<figure class=\"wp-block-image size-large\"><img loading=\"lazy\" decoding=\"async\" width=\"1024\" height=\"768\" data-id=\"1177\" src=\"https:\/\/velo.nomaden.be\/wp-content\/uploads\/2025\/10\/DSC06405-1024x768.jpg\" alt=\"Die Etsch kurz vor Rovereto.\" class=\"wp-image-1177\" srcset=\"https:\/\/velo.nomaden.be\/wp-content\/uploads\/2025\/10\/DSC06405-1024x768.jpg 1024w, https:\/\/velo.nomaden.be\/wp-content\/uploads\/2025\/10\/DSC06405-300x225.jpg 300w, https:\/\/velo.nomaden.be\/wp-content\/uploads\/2025\/10\/DSC06405-768x576.jpg 768w, https:\/\/velo.nomaden.be\/wp-content\/uploads\/2025\/10\/DSC06405-1536x1152.jpg 1536w, https:\/\/velo.nomaden.be\/wp-content\/uploads\/2025\/10\/DSC06405.jpg 1920w\" sizes=\"auto, (max-width: 1024px) 100vw, 1024px\" \/><\/figure>\n\n\n\n<figure class=\"wp-block-image size-large\"><img loading=\"lazy\" decoding=\"async\" width=\"1024\" height=\"768\" data-id=\"1178\" src=\"https:\/\/velo.nomaden.be\/wp-content\/uploads\/2025\/10\/DSC06409-1024x768.jpg\" alt=\"Blick vom Hotelbalkon auf den blauen Pool im Hotelgarten.\" class=\"wp-image-1178\" srcset=\"https:\/\/velo.nomaden.be\/wp-content\/uploads\/2025\/10\/DSC06409-1024x768.jpg 1024w, https:\/\/velo.nomaden.be\/wp-content\/uploads\/2025\/10\/DSC06409-300x225.jpg 300w, https:\/\/velo.nomaden.be\/wp-content\/uploads\/2025\/10\/DSC06409-768x576.jpg 768w, https:\/\/velo.nomaden.be\/wp-content\/uploads\/2025\/10\/DSC06409-1536x1152.jpg 1536w, https:\/\/velo.nomaden.be\/wp-content\/uploads\/2025\/10\/DSC06409.jpg 1920w\" sizes=\"auto, (max-width: 1024px) 100vw, 1024px\" \/><\/figure>\n<\/figure>\n\n\n\n<p>Das Fr\u00fchst\u00fccksbuffet am n\u00e4chsten Morgen erf\u00fcllt nun endlich, was die Webseite bei der Buchung versprochen hat. Wir st\u00e4rken uns, denn heute haben wir eine lange Etappe vor uns. Bis zum Mittag fahren wir noch gem\u00fctlich der Etsch entlang. Dann verlassen wir den Etschradweg in Richtung Gardasee. An einem Aussichtspunkt mit Blick \u00fcber das Tal machen wir unsere Mittagspause. Von nun an wird die Weiterfahrt immer wieder mit Kartenlesen unterbrochen. Bis jetzt war der Radweg immer wunderbar ausgeschildert. Wir mussten praktisch nie auf der Karte nachschauen, wo der Weg lang f\u00fchrt. Das \u00e4ndert sich nun. An jeder Abzweigung m\u00fcssen wir schauen, wo es weitergeht und nicht nur einmal f\u00fchrt uns ein regionaler Radweg ab von unserem eigentlichen Ziel. In Peschiera del Garda angekommen, beschliessen wir gleich die Weiterfahrt. Diese riesigen Campingpl\u00e4tze sind nicht unser Ding. Durch den Feierabendverkehr suchen wir unseren Weg aus der Stadt und zum <a href=\"https:\/\/www.camping-mabellini.com\/de\/\" target=\"_blank\" rel=\"noreferrer noopener\">Agricamping Mabellini<\/a>. Wir sind erleichtert, als wir dort um kurz nach 17 Uhr eintreffen und die letzten zwei Stunden Tageslicht geniessen k\u00f6nnen. Der Kilometerz\u00e4hler von Eliane zeigt \u00fcber 100 Kilometer.<\/p>\n\n\n\n<figure class=\"wp-block-gallery has-nested-images columns-default wp-block-gallery-3 is-layout-flex wp-block-gallery-is-layout-flex\">\n<figure class=\"wp-block-image size-large\"><img loading=\"lazy\" decoding=\"async\" width=\"768\" height=\"1024\" data-id=\"1182\" src=\"https:\/\/velo.nomaden.be\/wp-content\/uploads\/2025\/10\/IMG_20251008_121059_DRO-768x1024.jpg\" alt=\"Warnschild f\u00fcr Traktoren am Rande des Radwegs. Das Traktorsymbol sieht einem Lastenfahrrad sehr \u00e4hnlich.\" class=\"wp-image-1182\" srcset=\"https:\/\/velo.nomaden.be\/wp-content\/uploads\/2025\/10\/IMG_20251008_121059_DRO-768x1024.jpg 768w, https:\/\/velo.nomaden.be\/wp-content\/uploads\/2025\/10\/IMG_20251008_121059_DRO-225x300.jpg 225w, https:\/\/velo.nomaden.be\/wp-content\/uploads\/2025\/10\/IMG_20251008_121059_DRO-1152x1536.jpg 1152w, https:\/\/velo.nomaden.be\/wp-content\/uploads\/2025\/10\/IMG_20251008_121059_DRO.jpg 1440w\" sizes=\"auto, (max-width: 768px) 100vw, 768px\" \/><figcaption class=\"wp-element-caption\">Achtung Lastenrad ?!<\/figcaption><\/figure>\n\n\n\n<figure class=\"wp-block-image size-large\"><img loading=\"lazy\" decoding=\"async\" width=\"1024\" height=\"768\" data-id=\"1181\" src=\"https:\/\/velo.nomaden.be\/wp-content\/uploads\/2025\/10\/IMG_20251008_124150-1024x768.jpg\" alt=\"Blick \u00fcber das Etschtal von einer Anh\u00f6he. In der Ebene sind Ackerland und Weinplantagen. Rechts und links die Bergketten des S\u00fcdtirols.\" class=\"wp-image-1181\" srcset=\"https:\/\/velo.nomaden.be\/wp-content\/uploads\/2025\/10\/IMG_20251008_124150-1024x768.jpg 1024w, https:\/\/velo.nomaden.be\/wp-content\/uploads\/2025\/10\/IMG_20251008_124150-300x225.jpg 300w, https:\/\/velo.nomaden.be\/wp-content\/uploads\/2025\/10\/IMG_20251008_124150-768x576.jpg 768w, https:\/\/velo.nomaden.be\/wp-content\/uploads\/2025\/10\/IMG_20251008_124150-1536x1152.jpg 1536w, https:\/\/velo.nomaden.be\/wp-content\/uploads\/2025\/10\/IMG_20251008_124150.jpg 1920w\" sizes=\"auto, (max-width: 1024px) 100vw, 1024px\" \/><\/figure>\n\n\n\n<figure class=\"wp-block-image size-large\"><img loading=\"lazy\" decoding=\"async\" width=\"1024\" height=\"768\" data-id=\"1180\" src=\"https:\/\/velo.nomaden.be\/wp-content\/uploads\/2025\/10\/IMG_20251008_124204-1024x768.jpg\" alt=\"Violette kleine Blumen leuchten in einer trockenen Wiese. Im Hintergrund sieht man die Etsch durchs Tal fliessen und Felder.\" class=\"wp-image-1180\" srcset=\"https:\/\/velo.nomaden.be\/wp-content\/uploads\/2025\/10\/IMG_20251008_124204-1024x768.jpg 1024w, https:\/\/velo.nomaden.be\/wp-content\/uploads\/2025\/10\/IMG_20251008_124204-300x225.jpg 300w, https:\/\/velo.nomaden.be\/wp-content\/uploads\/2025\/10\/IMG_20251008_124204-768x576.jpg 768w, https:\/\/velo.nomaden.be\/wp-content\/uploads\/2025\/10\/IMG_20251008_124204-1536x1152.jpg 1536w, https:\/\/velo.nomaden.be\/wp-content\/uploads\/2025\/10\/IMG_20251008_124204.jpg 1920w\" sizes=\"auto, (max-width: 1024px) 100vw, 1024px\" \/><\/figure>\n\n\n\n<figure class=\"wp-block-image size-large\"><img loading=\"lazy\" decoding=\"async\" width=\"1024\" height=\"768\" data-id=\"1179\" src=\"https:\/\/velo.nomaden.be\/wp-content\/uploads\/2025\/10\/IMG_20251008_174521-1024x768.jpg\" alt=\"Ein Tunnelzelt auf einem Rasen. Hinter dem Zelt hat es eine Hecke und rechts neben dem Zelt ein Hochbeet mit Kr\u00e4utern.\" class=\"wp-image-1179\" srcset=\"https:\/\/velo.nomaden.be\/wp-content\/uploads\/2025\/10\/IMG_20251008_174521-1024x768.jpg 1024w, https:\/\/velo.nomaden.be\/wp-content\/uploads\/2025\/10\/IMG_20251008_174521-300x225.jpg 300w, https:\/\/velo.nomaden.be\/wp-content\/uploads\/2025\/10\/IMG_20251008_174521-768x576.jpg 768w, https:\/\/velo.nomaden.be\/wp-content\/uploads\/2025\/10\/IMG_20251008_174521-1536x1152.jpg 1536w, https:\/\/velo.nomaden.be\/wp-content\/uploads\/2025\/10\/IMG_20251008_174521.jpg 1920w\" sizes=\"auto, (max-width: 1024px) 100vw, 1024px\" \/><figcaption class=\"wp-element-caption\">Zeltplatz auf dem Camping Mabellini<\/figcaption><\/figure>\n<\/figure>\n\n\n\n<p><\/p>\n","protected":false},"excerpt":{"rendered":"<p>Das Fr\u00fchst\u00fcck im Hostel stillt den Hunger, ist aber bei weitem kein Traum f\u00fcr Fr\u00fchst\u00fccker:innen. Umso mehr freut uns das frische Brot, dass wir in der B\u00e4ckerei auf dem Weg aus der Stadt hinaus noch kaufen. Der Apfelduft, der uns zun\u00e4chst begeistert hat, ist verflogen und was bleibt sind die Ein\u00f6den der Apfelplantagen. Abgel\u00f6st werden [&hellip;]<\/p>\n","protected":false},"author":1,"featured_media":0,"comment_status":"closed","ping_status":"closed","sticky":false,"template":"","format":"standard","meta":{"footnotes":""},"categories":[16,23],"tags":[],"class_list":["post-1158","post","type-post","status-publish","format-standard","hentry","category-europa","category-it_2025","gallery-content-unit"],"_links":{"self":[{"href":"https:\/\/velo.nomaden.be\/index.php\/wp-json\/wp\/v2\/posts\/1158","targetHints":{"allow":["GET"]}}],"collection":[{"href":"https:\/\/velo.nomaden.be\/index.php\/wp-json\/wp\/v2\/posts"}],"about":[{"href":"https:\/\/velo.nomaden.be\/index.php\/wp-json\/wp\/v2\/types\/post"}],"author":[{"embeddable":true,"href":"https:\/\/velo.nomaden.be\/index.php\/wp-json\/wp\/v2\/users\/1"}],"replies":[{"embeddable":true,"href":"https:\/\/velo.nomaden.be\/index.php\/wp-json\/wp\/v2\/comments?post=1158"}],"version-history":[{"count":5,"href":"https:\/\/velo.nomaden.be\/index.php\/wp-json\/wp\/v2\/posts\/1158\/revisions"}],"predecessor-version":[{"id":1188,"href":"https:\/\/velo.nomaden.be\/index.php\/wp-json\/wp\/v2\/posts\/1158\/revisions\/1188"}],"wp:attachment":[{"href":"https:\/\/velo.nomaden.be\/index.php\/wp-json\/wp\/v2\/media?parent=1158"}],"wp:term":[{"taxonomy":"category","embeddable":true,"href":"https:\/\/velo.nomaden.be\/index.php\/wp-json\/wp\/v2\/categories?post=1158"},{"taxonomy":"post_tag","embeddable":true,"href":"https:\/\/velo.nomaden.be\/index.php\/wp-json\/wp\/v2\/tags?post=1158"}],"curies":[{"name":"wp","href":"https:\/\/api.w.org\/{rel}","templated":true}]}}