{"id":1139,"date":"2025-10-19T12:56:12","date_gmt":"2025-10-19T10:56:12","guid":{"rendered":"https:\/\/velo.nomaden.be\/?p=1139"},"modified":"2025-10-19T13:08:02","modified_gmt":"2025-10-19T11:08:02","slug":"etschradweg-im-herbst-oder-der-duft-der-reifen-aepfel","status":"publish","type":"post","link":"https:\/\/velo.nomaden.be\/index.php\/2025\/10\/19\/etschradweg-im-herbst-oder-der-duft-der-reifen-aepfel\/","title":{"rendered":"Etschradweg im Herbst oder der Duft der reifen \u00c4pfel"},"content":{"rendered":"\n<p>Unsere Sommerferien beginnen heuer sehr sp\u00e4t. Am 3. Oktober fahren wir mit dem Zug nach Scuol. Von da f\u00fchren uns unsere ersten Kilometer \u00fcber den <a href=\"https:\/\/de.wikipedia.org\/wiki\/Inn-Radweg\" target=\"_blank\" rel=\"noreferrer noopener\">Innradweg<\/a> bis zum <a href=\"https:\/\/www.suren.ch\/camping\/\" target=\"_blank\" rel=\"noreferrer noopener\">Camping Sur En<\/a>. Der erste Abend und die erste Nacht im Zelt sind kalt auf 1000 Meter \u00fcber dem Meer.<\/p>\n\n\n\n<p>Am n\u00e4chsten Morgen wird uns bald warm. Der Innradweg wird abseits der Kantonsstrasse \u00fcber kleine, kurvige und teilweise steile Str\u00e4sschen gef\u00fchrt. In San Nicl\u00e0 wechseln wir deshalb auf die ebenwegs gef\u00fchrte Kantonsstrasse. Am Samstagmorgen hat es hier wenig Verkehr und die Strasse bietet f\u00fcr Autos genug Platz zum \u00dcberholen. Ab Martina wird es noch einmal etwas w\u00e4rmer. \u00dcber elf Kehren f\u00fchren uns die ersten Kilometer in \u00d6sterreich hoch zur Norbertsh\u00f6he. Die Kurven sind countdownm\u00e4ssig nummeriert: die unterste ist die Kehre 11, kurz vor der Norbertsh\u00f6he ist die Kehre 1. Die Fahrt \u00fcber den Reschenpass ist streng. Nicht wegen der Steigung. Seit Nauders erschwert uns starker Gegenwind das Vorw\u00e4rtskommen. Am Reschensee angekommen machen wir erstmal Mittagspause und laden unsere Batterien mit Kalorien wieder auf. Von nun an folgen wir dem <a href=\"https:\/\/de.wikipedia.org\/wiki\/Etsch-Radweg\" target=\"_blank\" rel=\"noreferrer noopener\">Etschradweg<\/a>, der uns durch das S\u00fcdtirol bis zum Gardasee f\u00fchren wird. Mit Gegenwind fahren wir zun\u00e4chst weiter am <a href=\"https:\/\/de.wikipedia.org\/wiki\/Reschensee\" target=\"_blank\" rel=\"noreferrer noopener\">Reschensee<\/a> entlang. In Alt-Graun sehen wir den ber\u00fchmten Kirchturm im Wasser. F\u00fcr die alten Vinschgauer:innen ist er Mahnmal f\u00fcr das Unrecht, dass ihnen angetan wurde. F\u00fcr die meisten anderen ist es eine Touristenattraktion. Nach dem Stausee f\u00fchrt der Radweg \u00fcber kleine und enge Strassen durch alte D\u00f6rfer und W\u00e4lder. Bei Sonnenschein erreichen wir den <a href=\"https:\/\/www.campingimpark.com\/\" target=\"_blank\" rel=\"noreferrer noopener\">Camping im Park<\/a> bei Glurns. Vor dem Abendessen laufen wir noch durch das mittelalterliche St\u00e4dtchen <a href=\"https:\/\/de.wikipedia.org\/wiki\/Glurns\" target=\"_blank\" rel=\"noreferrer noopener\">Glurns<\/a>. Es verf\u00fcgt noch \u00fcber die gesamte Stadtmauer und ist ein Beispiel daf\u00fcr, dass verdichtetes Bauen kein neues, sondern ein altbew\u00e4hrtes Konzept ist.<\/p>\n\n\n\n<figure class=\"wp-block-gallery has-nested-images columns-default wp-block-gallery-1 is-layout-flex wp-block-gallery-is-layout-flex\">\n<figure class=\"wp-block-image size-large\"><a href=\"https:\/\/velo.nomaden.be\/wp-content\/uploads\/2025\/10\/IMG_20251004_145453.jpg\"><img loading=\"lazy\" decoding=\"async\" width=\"1024\" height=\"768\" data-id=\"1147\" src=\"https:\/\/velo.nomaden.be\/wp-content\/uploads\/2025\/10\/IMG_20251004_145453-1024x768.jpg\" alt=\"Blick vom Ufer auf den Stausee Reschen. Im Hintergrund Bergflanken, blauer Himmel und weisse Wolken.\" class=\"wp-image-1147\" srcset=\"https:\/\/velo.nomaden.be\/wp-content\/uploads\/2025\/10\/IMG_20251004_145453-1024x768.jpg 1024w, https:\/\/velo.nomaden.be\/wp-content\/uploads\/2025\/10\/IMG_20251004_145453-300x225.jpg 300w, https:\/\/velo.nomaden.be\/wp-content\/uploads\/2025\/10\/IMG_20251004_145453-768x576.jpg 768w, https:\/\/velo.nomaden.be\/wp-content\/uploads\/2025\/10\/IMG_20251004_145453-1536x1152.jpg 1536w, https:\/\/velo.nomaden.be\/wp-content\/uploads\/2025\/10\/IMG_20251004_145453.jpg 1920w\" sizes=\"auto, (max-width: 1024px) 100vw, 1024px\" \/><\/a><figcaption class=\"wp-element-caption\">Reschen am Reschensee<\/figcaption><\/figure>\n\n\n\n<figure class=\"wp-block-image size-large\"><a href=\"https:\/\/velo.nomaden.be\/wp-content\/uploads\/2025\/10\/IMG_20251004_180242.jpg\"><img loading=\"lazy\" decoding=\"async\" width=\"768\" height=\"1024\" data-id=\"1146\" src=\"https:\/\/velo.nomaden.be\/wp-content\/uploads\/2025\/10\/IMG_20251004_180242-768x1024.jpg\" alt=\"Fluss Etsch im nat\u00fcrlichen Flussbett umgeben von Laubb\u00e4umen.\" class=\"wp-image-1146\" srcset=\"https:\/\/velo.nomaden.be\/wp-content\/uploads\/2025\/10\/IMG_20251004_180242-768x1024.jpg 768w, https:\/\/velo.nomaden.be\/wp-content\/uploads\/2025\/10\/IMG_20251004_180242-225x300.jpg 225w, https:\/\/velo.nomaden.be\/wp-content\/uploads\/2025\/10\/IMG_20251004_180242-1152x1536.jpg 1152w, https:\/\/velo.nomaden.be\/wp-content\/uploads\/2025\/10\/IMG_20251004_180242.jpg 1440w\" sizes=\"auto, (max-width: 768px) 100vw, 768px\" \/><\/a><figcaption class=\"wp-element-caption\">An der Etsch<\/figcaption><\/figure>\n\n\n\n<figure class=\"wp-block-image size-large\"><a href=\"https:\/\/velo.nomaden.be\/wp-content\/uploads\/2025\/10\/IMG_20251004_180729.jpg\"><img loading=\"lazy\" decoding=\"async\" width=\"768\" height=\"1024\" data-id=\"1148\" src=\"https:\/\/velo.nomaden.be\/wp-content\/uploads\/2025\/10\/IMG_20251004_180729-768x1024.jpg\" alt=\"Asphaltierte schmale Strasse, die als Radweg dient. Auf der linken Seite wird der Radweg durch eine Bruchsteinmauer und B\u00e4umen begrenzt, auf der rechten Seite nur durch B\u00e4ume.\" class=\"wp-image-1148\" srcset=\"https:\/\/velo.nomaden.be\/wp-content\/uploads\/2025\/10\/IMG_20251004_180729-768x1024.jpg 768w, https:\/\/velo.nomaden.be\/wp-content\/uploads\/2025\/10\/IMG_20251004_180729-225x300.jpg 225w, https:\/\/velo.nomaden.be\/wp-content\/uploads\/2025\/10\/IMG_20251004_180729-1152x1536.jpg 1152w, https:\/\/velo.nomaden.be\/wp-content\/uploads\/2025\/10\/IMG_20251004_180729.jpg 1440w\" sizes=\"auto, (max-width: 768px) 100vw, 768px\" \/><\/a><figcaption class=\"wp-element-caption\">Radweg<\/figcaption><\/figure>\n\n\n\n<figure class=\"wp-block-image size-large\"><a href=\"https:\/\/velo.nomaden.be\/wp-content\/uploads\/2025\/10\/IMG_20251004_180942.jpg\"><img loading=\"lazy\" decoding=\"async\" width=\"1024\" height=\"768\" data-id=\"1145\" src=\"https:\/\/velo.nomaden.be\/wp-content\/uploads\/2025\/10\/IMG_20251004_180942-1024x768.jpg\" alt=\"Hinter einer kleinen Bruchsteinmauer, Geb\u00fcsch und B\u00e4umen ist ein Bunker aus Beton aus dem 2. Weltkrieg zu erkennen.\" class=\"wp-image-1145\" srcset=\"https:\/\/velo.nomaden.be\/wp-content\/uploads\/2025\/10\/IMG_20251004_180942-1024x768.jpg 1024w, https:\/\/velo.nomaden.be\/wp-content\/uploads\/2025\/10\/IMG_20251004_180942-300x225.jpg 300w, https:\/\/velo.nomaden.be\/wp-content\/uploads\/2025\/10\/IMG_20251004_180942-768x576.jpg 768w, https:\/\/velo.nomaden.be\/wp-content\/uploads\/2025\/10\/IMG_20251004_180942-1536x1152.jpg 1536w, https:\/\/velo.nomaden.be\/wp-content\/uploads\/2025\/10\/IMG_20251004_180942.jpg 1920w\" sizes=\"auto, (max-width: 1024px) 100vw, 1024px\" \/><\/a><figcaption class=\"wp-element-caption\">\u00dcberbleibsel vom 2. Weltkrieg<\/figcaption><\/figure>\n\n\n\n<figure class=\"wp-block-image size-large\"><a href=\"https:\/\/velo.nomaden.be\/wp-content\/uploads\/2025\/10\/DSC06384.jpg\"><img loading=\"lazy\" decoding=\"async\" width=\"1024\" height=\"768\" data-id=\"1144\" src=\"https:\/\/velo.nomaden.be\/wp-content\/uploads\/2025\/10\/DSC06384-1024x768.jpg\" alt=\"Strasse umgeben von alten Geb\u00e4uden. Im Hintergrund sind die Stadtmauer sowie die umgebenden Berge zu erkennen.\" class=\"wp-image-1144\" srcset=\"https:\/\/velo.nomaden.be\/wp-content\/uploads\/2025\/10\/DSC06384-1024x768.jpg 1024w, https:\/\/velo.nomaden.be\/wp-content\/uploads\/2025\/10\/DSC06384-300x225.jpg 300w, https:\/\/velo.nomaden.be\/wp-content\/uploads\/2025\/10\/DSC06384-768x576.jpg 768w, https:\/\/velo.nomaden.be\/wp-content\/uploads\/2025\/10\/DSC06384-1536x1152.jpg 1536w, https:\/\/velo.nomaden.be\/wp-content\/uploads\/2025\/10\/DSC06384.jpg 1920w\" sizes=\"auto, (max-width: 1024px) 100vw, 1024px\" \/><\/a><figcaption class=\"wp-element-caption\">Glurns<\/figcaption><\/figure>\n<\/figure>\n\n\n\n<p>Nach einer weiteren kalten Nacht auf fast 1000 Metern \u00fcber Meer freuen wir uns auf die ersten Sonnenstrahlen. Im Nu ist das Zelt vom Tau getrocknet und wir soweit aufgew\u00e4rmt, dass wir die ersten Kilometer unter die R\u00e4der nehmen k\u00f6nnen. Begleitet werden wir dabei vom Duft der reifen \u00c4pfel. Im ganzen Vinschgau ist die Apfelernte im vollen Gange. In Laas w\u00e4rmen wir uns im Caf\u00e9 des Campingplatzes mit einer Tasse Cappuccino auf. Nach uns kommen noch weitere Radfahrer:innen und machen es uns gleich. Bis nach Merano geht es mehr oder weniger immer abw\u00e4rts. Wir erreichen unser Tagesziel am fr\u00fchen Nachmittag und g\u00f6nnen uns vor dem Stadtbummel eine warme Dusche.<\/p>\n\n\n\n<figure class=\"wp-block-gallery has-nested-images columns-default wp-block-gallery-2 is-layout-flex wp-block-gallery-is-layout-flex\">\n<figure class=\"wp-block-image size-large\"><a href=\"https:\/\/velo.nomaden.be\/wp-content\/uploads\/2025\/10\/DSC06390.jpg\"><img loading=\"lazy\" decoding=\"async\" width=\"1024\" height=\"768\" data-id=\"1153\" src=\"https:\/\/velo.nomaden.be\/wp-content\/uploads\/2025\/10\/DSC06390-1024x768.jpg\" alt=\"Unter der Wolkendecke sind auf den Berggipfeln im Hintergrund die ersten Schneefelder erkennbar. Im Vordergrund steht ein alter Strommast.\" class=\"wp-image-1153\" srcset=\"https:\/\/velo.nomaden.be\/wp-content\/uploads\/2025\/10\/DSC06390-1024x768.jpg 1024w, https:\/\/velo.nomaden.be\/wp-content\/uploads\/2025\/10\/DSC06390-300x225.jpg 300w, https:\/\/velo.nomaden.be\/wp-content\/uploads\/2025\/10\/DSC06390-768x576.jpg 768w, https:\/\/velo.nomaden.be\/wp-content\/uploads\/2025\/10\/DSC06390-1536x1152.jpg 1536w, https:\/\/velo.nomaden.be\/wp-content\/uploads\/2025\/10\/DSC06390.jpg 1920w\" sizes=\"auto, (max-width: 1024px) 100vw, 1024px\" \/><\/a><figcaption class=\"wp-element-caption\">Die verschneiten Gipfel sind nah<\/figcaption><\/figure>\n\n\n\n<figure class=\"wp-block-image size-large\"><a href=\"https:\/\/velo.nomaden.be\/wp-content\/uploads\/2025\/10\/DSC06396.jpg\"><img loading=\"lazy\" decoding=\"async\" width=\"1024\" height=\"768\" data-id=\"1154\" src=\"https:\/\/velo.nomaden.be\/wp-content\/uploads\/2025\/10\/DSC06396-1024x768.jpg\" alt=\"Nat\u00fcrlicher Flusslauf. Am Ufer hat es Wiese und B\u00e4ume. Auf der rechten Bildseite ist eine Naturstrasse erkennbar. Auf der Linken die ansteigenden Flanken der Berge.\" class=\"wp-image-1154\" srcset=\"https:\/\/velo.nomaden.be\/wp-content\/uploads\/2025\/10\/DSC06396-1024x768.jpg 1024w, https:\/\/velo.nomaden.be\/wp-content\/uploads\/2025\/10\/DSC06396-300x225.jpg 300w, https:\/\/velo.nomaden.be\/wp-content\/uploads\/2025\/10\/DSC06396-768x576.jpg 768w, https:\/\/velo.nomaden.be\/wp-content\/uploads\/2025\/10\/DSC06396-1536x1152.jpg 1536w, https:\/\/velo.nomaden.be\/wp-content\/uploads\/2025\/10\/DSC06396.jpg 1920w\" sizes=\"auto, (max-width: 1024px) 100vw, 1024px\" \/><\/a><\/figure>\n\n\n\n<figure class=\"wp-block-image size-large\"><a href=\"https:\/\/velo.nomaden.be\/wp-content\/uploads\/2025\/10\/DSC06393.jpg\"><img loading=\"lazy\" decoding=\"async\" width=\"1024\" height=\"768\" data-id=\"1155\" src=\"https:\/\/velo.nomaden.be\/wp-content\/uploads\/2025\/10\/DSC06393-1024x768.jpg\" alt=\"\" class=\"wp-image-1155\" srcset=\"https:\/\/velo.nomaden.be\/wp-content\/uploads\/2025\/10\/DSC06393-1024x768.jpg 1024w, https:\/\/velo.nomaden.be\/wp-content\/uploads\/2025\/10\/DSC06393-300x225.jpg 300w, https:\/\/velo.nomaden.be\/wp-content\/uploads\/2025\/10\/DSC06393-768x576.jpg 768w, https:\/\/velo.nomaden.be\/wp-content\/uploads\/2025\/10\/DSC06393-1536x1152.jpg 1536w, https:\/\/velo.nomaden.be\/wp-content\/uploads\/2025\/10\/DSC06393.jpg 1920w\" sizes=\"auto, (max-width: 1024px) 100vw, 1024px\" \/><\/a><figcaption class=\"wp-element-caption\">An der Etsch<\/figcaption><\/figure>\n\n\n\n<figure class=\"wp-block-image size-large\"><a href=\"https:\/\/velo.nomaden.be\/wp-content\/uploads\/2025\/10\/DSC06399.jpg\"><img loading=\"lazy\" decoding=\"async\" width=\"1024\" height=\"768\" data-id=\"1152\" src=\"https:\/\/velo.nomaden.be\/wp-content\/uploads\/2025\/10\/DSC06399-1024x768.jpg\" alt=\"Blick von einem Ausblickpunkt \u00fcber die Wein- und Apfelplantagen nach Merano. Im Hintergrund sind die weitere Bergketten erkennbar.\" class=\"wp-image-1152\" srcset=\"https:\/\/velo.nomaden.be\/wp-content\/uploads\/2025\/10\/DSC06399-1024x768.jpg 1024w, https:\/\/velo.nomaden.be\/wp-content\/uploads\/2025\/10\/DSC06399-300x225.jpg 300w, https:\/\/velo.nomaden.be\/wp-content\/uploads\/2025\/10\/DSC06399-768x576.jpg 768w, https:\/\/velo.nomaden.be\/wp-content\/uploads\/2025\/10\/DSC06399-1536x1152.jpg 1536w, https:\/\/velo.nomaden.be\/wp-content\/uploads\/2025\/10\/DSC06399.jpg 1920w\" sizes=\"auto, (max-width: 1024px) 100vw, 1024px\" \/><\/a><figcaption class=\"wp-element-caption\">Blick auf Merano<\/figcaption><\/figure>\n\n\n\n<figure class=\"wp-block-image size-large\"><a href=\"https:\/\/velo.nomaden.be\/wp-content\/uploads\/2025\/10\/IMG_20251005_163021.jpg\"><img loading=\"lazy\" decoding=\"async\" width=\"1024\" height=\"768\" data-id=\"1150\" src=\"https:\/\/velo.nomaden.be\/wp-content\/uploads\/2025\/10\/IMG_20251005_163021-1024x768.jpg\" alt=\"Schwarzweisses Wandgem\u00e4lde. Abgebildet sind verschiedene Fabelwesen unter anderem eine zweik\u00f6pfige weisse Echse. Die anderen hellen Fabelwesen erinnern an Schildkr\u00f6ten, Krebse und Tintenfische.  Die dunklen Tiere erinnern an V\u00f6gel und Nagetiere. Im unteren Bildteil zieht ein menschlich aussehendes Wesen einem anderen das Auge aus dem Kopf.\" class=\"wp-image-1150\" srcset=\"https:\/\/velo.nomaden.be\/wp-content\/uploads\/2025\/10\/IMG_20251005_163021-1024x768.jpg 1024w, https:\/\/velo.nomaden.be\/wp-content\/uploads\/2025\/10\/IMG_20251005_163021-300x225.jpg 300w, https:\/\/velo.nomaden.be\/wp-content\/uploads\/2025\/10\/IMG_20251005_163021-768x576.jpg 768w, https:\/\/velo.nomaden.be\/wp-content\/uploads\/2025\/10\/IMG_20251005_163021-1536x1152.jpg 1536w, https:\/\/velo.nomaden.be\/wp-content\/uploads\/2025\/10\/IMG_20251005_163021.jpg 1920w\" sizes=\"auto, (max-width: 1024px) 100vw, 1024px\" \/><\/a><figcaption class=\"wp-element-caption\">Street Art in Merano<\/figcaption><\/figure>\n\n\n\n<figure class=\"wp-block-image size-large\"><a href=\"https:\/\/velo.nomaden.be\/wp-content\/uploads\/2025\/10\/IMG_20251005_162951.jpg\"><img loading=\"lazy\" decoding=\"async\" width=\"768\" height=\"1024\" data-id=\"1151\" src=\"https:\/\/velo.nomaden.be\/wp-content\/uploads\/2025\/10\/IMG_20251005_162951-768x1024.jpg\" alt=\"Altes Stadtgeb\u00e4ude mit weissen Mauern. Auf der h\u00f6he des ersten Stockwerkes f\u00fchr ein Bogen zum vis-\u00e0-vis liegenden Geb\u00e4ude. Die T\u00fcr zum Stadtarchiv ist aus Massivholz. Links davon ist das Metallschild mit dem Namen des Archivs angebracht. Noch etwas weitere links ist ein kleines vergittertes Fenster.\" class=\"wp-image-1151\" srcset=\"https:\/\/velo.nomaden.be\/wp-content\/uploads\/2025\/10\/IMG_20251005_162951-768x1024.jpg 768w, https:\/\/velo.nomaden.be\/wp-content\/uploads\/2025\/10\/IMG_20251005_162951-225x300.jpg 225w, https:\/\/velo.nomaden.be\/wp-content\/uploads\/2025\/10\/IMG_20251005_162951-1152x1536.jpg 1152w, https:\/\/velo.nomaden.be\/wp-content\/uploads\/2025\/10\/IMG_20251005_162951.jpg 1440w\" sizes=\"auto, (max-width: 768px) 100vw, 768px\" \/><\/a><figcaption class=\"wp-element-caption\">Eingang zum Stadtarchiv von Merano<\/figcaption><\/figure>\n<\/figure>\n\n\n\n<p><\/p>\n","protected":false},"excerpt":{"rendered":"<p>Unsere Sommerferien beginnen heuer sehr sp\u00e4t. Am 3. Oktober fahren wir mit dem Zug nach Scuol. Von da f\u00fchren uns unsere ersten Kilometer \u00fcber den Innradweg bis zum Camping Sur En. Der erste Abend und die erste Nacht im Zelt sind kalt auf 1000 Meter \u00fcber dem Meer. Am n\u00e4chsten Morgen wird uns bald warm. [&hellip;]<\/p>\n","protected":false},"author":1,"featured_media":0,"comment_status":"closed","ping_status":"closed","sticky":false,"template":"","format":"standard","meta":{"footnotes":""},"categories":[16,23],"tags":[],"class_list":["post-1139","post","type-post","status-publish","format-standard","hentry","category-europa","category-it_2025","gallery-content-unit"],"_links":{"self":[{"href":"https:\/\/velo.nomaden.be\/index.php\/wp-json\/wp\/v2\/posts\/1139","targetHints":{"allow":["GET"]}}],"collection":[{"href":"https:\/\/velo.nomaden.be\/index.php\/wp-json\/wp\/v2\/posts"}],"about":[{"href":"https:\/\/velo.nomaden.be\/index.php\/wp-json\/wp\/v2\/types\/post"}],"author":[{"embeddable":true,"href":"https:\/\/velo.nomaden.be\/index.php\/wp-json\/wp\/v2\/users\/1"}],"replies":[{"embeddable":true,"href":"https:\/\/velo.nomaden.be\/index.php\/wp-json\/wp\/v2\/comments?post=1139"}],"version-history":[{"count":8,"href":"https:\/\/velo.nomaden.be\/index.php\/wp-json\/wp\/v2\/posts\/1139\/revisions"}],"predecessor-version":[{"id":1171,"href":"https:\/\/velo.nomaden.be\/index.php\/wp-json\/wp\/v2\/posts\/1139\/revisions\/1171"}],"wp:attachment":[{"href":"https:\/\/velo.nomaden.be\/index.php\/wp-json\/wp\/v2\/media?parent=1139"}],"wp:term":[{"taxonomy":"category","embeddable":true,"href":"https:\/\/velo.nomaden.be\/index.php\/wp-json\/wp\/v2\/categories?post=1139"},{"taxonomy":"post_tag","embeddable":true,"href":"https:\/\/velo.nomaden.be\/index.php\/wp-json\/wp\/v2\/tags?post=1139"}],"curies":[{"name":"wp","href":"https:\/\/api.w.org\/{rel}","templated":true}]}}