{"id":1116,"date":"2024-09-13T13:58:25","date_gmt":"2024-09-13T11:58:25","guid":{"rendered":"https:\/\/velo.nomaden.be\/?p=1116"},"modified":"2024-09-13T13:58:26","modified_gmt":"2024-09-13T11:58:26","slug":"bruecken-und-tunnels","status":"publish","type":"post","link":"https:\/\/velo.nomaden.be\/index.php\/2024\/09\/13\/bruecken-und-tunnels\/","title":{"rendered":"Br\u00fccken und Tunnels"},"content":{"rendered":"\n<p>Wir verlassen das Burgund in Richtung Jura im sch\u00f6nsten Sonnenschein auf der <a href=\"https:\/\/de.francevelotourisme.com\/radroute\/voie-bressane\">Voie Bressane<\/a>, einer stillgelegten Bahnstrecke zwischen Chalon-sur-Sa\u00f4ne nach Lons-le-Saunier. Die uns bevorstehenden H\u00f6henmeter sehen wir zun\u00e4chst in der Ferne am Horizont, in Lons-le-Saunier sind wir dann umgeben von den H\u00fcgelz\u00fcgen des franz\u00f6sischen Jura.<\/p>\n\n\n\n<p>Bereits vom Campingplatz in Lons-le-Saunier bis zum Start der voie verte (so werden Strassen mit Fahrverbot f\u00fcr motorisierte Fahrzeuge in Frankreich genannt), m\u00fcssen stotzige Gassen hochgestrampelt werden. Auf der alten Bahnstrecke PLM geht es weiter hoch, die Steigung ist jedoch angenehmer. Daf\u00fcr werden wir mit einer tollen Aussicht und Fahrten durch die Tunnels der alten Bahnstrecke PLM belohnt. Der l\u00e4ngste dieser Tunnels ist mit \u00fcber 889 Metern der <a href=\"https:\/\/www.cestenfrance.fr\/tunnel-de-la-diane\/\">Tunnel de la Diane<\/a>. <\/p>\n\n\n\n<figure class=\"wp-block-gallery has-nested-images columns-default is-cropped wp-block-gallery-1 is-layout-flex wp-block-gallery-is-layout-flex\">\n<figure class=\"wp-block-image size-large\"><a href=\"https:\/\/velo.nomaden.be\/wp-content\/uploads\/2024\/09\/DSC05962.jpg\"><img loading=\"lazy\" decoding=\"async\" width=\"1024\" height=\"768\" data-id=\"1119\" src=\"https:\/\/velo.nomaden.be\/wp-content\/uploads\/2024\/09\/DSC05962-1024x768.jpg\" alt=\"Landschaftsbild mit Weinbergen, sanften H\u00fcgeln und kleinen Ortschaften im Vordergrund. Im Hintergrund h\u00f6here H\u00fcgelz\u00fcge des Jura, blauer Himmel mit kleinen weissen Wolken.\" class=\"wp-image-1119\" srcset=\"https:\/\/velo.nomaden.be\/wp-content\/uploads\/2024\/09\/DSC05962-1024x768.jpg 1024w, https:\/\/velo.nomaden.be\/wp-content\/uploads\/2024\/09\/DSC05962-300x225.jpg 300w, https:\/\/velo.nomaden.be\/wp-content\/uploads\/2024\/09\/DSC05962-768x576.jpg 768w, https:\/\/velo.nomaden.be\/wp-content\/uploads\/2024\/09\/DSC05962-1536x1152.jpg 1536w, https:\/\/velo.nomaden.be\/wp-content\/uploads\/2024\/09\/DSC05962.jpg 1920w\" sizes=\"auto, (max-width: 1024px) 100vw, 1024px\" \/><\/a><\/figure>\n\n\n\n<figure class=\"wp-block-image size-large\"><a href=\"https:\/\/velo.nomaden.be\/wp-content\/uploads\/2024\/09\/DSC05963.jpg\"><img loading=\"lazy\" decoding=\"async\" width=\"1024\" height=\"768\" data-id=\"1118\" src=\"https:\/\/velo.nomaden.be\/wp-content\/uploads\/2024\/09\/DSC05963-1024x768.jpg\" alt=\"Landschaftsbild mit Weinbergen, sanften H\u00fcgeln und kleinen Ortschaften im Vordergrund. Im Hintergrund ist die Stadt Lons-le-Saunier erkennbar.\" class=\"wp-image-1118\" srcset=\"https:\/\/velo.nomaden.be\/wp-content\/uploads\/2024\/09\/DSC05963-1024x768.jpg 1024w, https:\/\/velo.nomaden.be\/wp-content\/uploads\/2024\/09\/DSC05963-300x225.jpg 300w, https:\/\/velo.nomaden.be\/wp-content\/uploads\/2024\/09\/DSC05963-768x576.jpg 768w, https:\/\/velo.nomaden.be\/wp-content\/uploads\/2024\/09\/DSC05963-1536x1152.jpg 1536w, https:\/\/velo.nomaden.be\/wp-content\/uploads\/2024\/09\/DSC05963.jpg 1920w\" sizes=\"auto, (max-width: 1024px) 100vw, 1024px\" \/><\/a><figcaption class=\"wp-element-caption\">Blick zur\u00fcck nach Lons-le-Saunier<\/figcaption><\/figure>\n\n\n\n<figure class=\"wp-block-image size-large\"><a href=\"https:\/\/velo.nomaden.be\/wp-content\/uploads\/2024\/09\/DSC05969.jpg\"><img loading=\"lazy\" decoding=\"async\" width=\"768\" height=\"1024\" data-id=\"1120\" src=\"https:\/\/velo.nomaden.be\/wp-content\/uploads\/2024\/09\/DSC05969-768x1024.jpg\" alt=\"Naturstrasse, die auf eine alte eiserne rostfarbende Eisenbahnbr\u00fccke f\u00fchrt. Die Eisenbahnbr\u00fccke ist umgeben von B\u00e4umen. Ganz am Ende ist ein Tunneleingang erkennbar.\" class=\"wp-image-1120\" srcset=\"https:\/\/velo.nomaden.be\/wp-content\/uploads\/2024\/09\/DSC05969-768x1024.jpg 768w, https:\/\/velo.nomaden.be\/wp-content\/uploads\/2024\/09\/DSC05969-225x300.jpg 225w, https:\/\/velo.nomaden.be\/wp-content\/uploads\/2024\/09\/DSC05969-1152x1536.jpg 1152w, https:\/\/velo.nomaden.be\/wp-content\/uploads\/2024\/09\/DSC05969.jpg 1440w\" sizes=\"auto, (max-width: 768px) 100vw, 768px\" \/><\/a><figcaption class=\"wp-element-caption\">alte Eisenbahnbr\u00fccke auf der Voie PLM<\/figcaption><\/figure>\n\n\n\n<figure class=\"wp-block-image size-large\"><a href=\"https:\/\/velo.nomaden.be\/wp-content\/uploads\/2024\/09\/DSC05967.jpg\"><img loading=\"lazy\" decoding=\"async\" width=\"1024\" height=\"768\" data-id=\"1117\" src=\"https:\/\/velo.nomaden.be\/wp-content\/uploads\/2024\/09\/DSC05967-1024x768.jpg\" alt=\"Im innern eines Tunnels. In regelm\u00e4ssigen Abst\u00e4nden gibt es an der Tunneldecke Lampen. Dadurch wird eine Art Lichtbogen im hinteren Tunnelteil erzeugt. Die Tunnelwand ist gemauert mit Natursteinen.\" class=\"wp-image-1117\" srcset=\"https:\/\/velo.nomaden.be\/wp-content\/uploads\/2024\/09\/DSC05967-1024x768.jpg 1024w, https:\/\/velo.nomaden.be\/wp-content\/uploads\/2024\/09\/DSC05967-300x225.jpg 300w, https:\/\/velo.nomaden.be\/wp-content\/uploads\/2024\/09\/DSC05967-768x576.jpg 768w, https:\/\/velo.nomaden.be\/wp-content\/uploads\/2024\/09\/DSC05967-1536x1152.jpg 1536w, https:\/\/velo.nomaden.be\/wp-content\/uploads\/2024\/09\/DSC05967.jpg 1920w\" sizes=\"auto, (max-width: 1024px) 100vw, 1024px\" \/><\/a><figcaption class=\"wp-element-caption\">Tunnel des Tilleuls<\/figcaption><\/figure>\n<\/figure>\n\n\n\n<p><\/p>\n\n\n\n<p>Ersch\u00f6pft von den ersten Jurah\u00f6henmeter und Temperaturen um die 30\u00b0 C beenden wir die Etappe in Le Frambois am Lac de Narlay. Der Campingplatz ist wundersch\u00f6n gelegen. Kaum steht das Zelt, sind wir auch schon im See. Seit dem Meer in der Bretagne ist es das erste Gew\u00e4sser ohne Badeverbot.<\/p>\n\n\n\n<figure class=\"wp-block-gallery has-nested-images columns-default is-cropped wp-block-gallery-2 is-layout-flex wp-block-gallery-is-layout-flex\">\n<figure class=\"wp-block-image size-large\"><a href=\"https:\/\/velo.nomaden.be\/wp-content\/uploads\/2024\/09\/DSC05970.jpg\"><img loading=\"lazy\" decoding=\"async\" width=\"1024\" height=\"768\" data-id=\"1121\" src=\"https:\/\/velo.nomaden.be\/wp-content\/uploads\/2024\/09\/DSC05970-1024x768.jpg\" alt=\"Im Vordergrund ein felsiges Ufer. In der Bildmitte der See, in dessen Wasser sich der bewaldete H\u00fcgel im Hintergrund spiegelt.\" class=\"wp-image-1121\" srcset=\"https:\/\/velo.nomaden.be\/wp-content\/uploads\/2024\/09\/DSC05970-1024x768.jpg 1024w, https:\/\/velo.nomaden.be\/wp-content\/uploads\/2024\/09\/DSC05970-300x225.jpg 300w, https:\/\/velo.nomaden.be\/wp-content\/uploads\/2024\/09\/DSC05970-768x576.jpg 768w, https:\/\/velo.nomaden.be\/wp-content\/uploads\/2024\/09\/DSC05970-1536x1152.jpg 1536w, https:\/\/velo.nomaden.be\/wp-content\/uploads\/2024\/09\/DSC05970.jpg 1920w\" sizes=\"auto, (max-width: 1024px) 100vw, 1024px\" \/><\/a><figcaption class=\"wp-element-caption\">Lac de Narlay<\/figcaption><\/figure>\n\n\n\n<figure class=\"wp-block-image size-large\"><a href=\"https:\/\/velo.nomaden.be\/wp-content\/uploads\/2024\/09\/DSC05973.jpg\"><img loading=\"lazy\" decoding=\"async\" width=\"1024\" height=\"768\" data-id=\"1122\" src=\"https:\/\/velo.nomaden.be\/wp-content\/uploads\/2024\/09\/DSC05973-1024x768.jpg\" alt=\"Auf dem felsigen Ufer steht eine Ente am Wasser. Im Hintergrund der See.\" class=\"wp-image-1122\" srcset=\"https:\/\/velo.nomaden.be\/wp-content\/uploads\/2024\/09\/DSC05973-1024x768.jpg 1024w, https:\/\/velo.nomaden.be\/wp-content\/uploads\/2024\/09\/DSC05973-300x225.jpg 300w, https:\/\/velo.nomaden.be\/wp-content\/uploads\/2024\/09\/DSC05973-768x576.jpg 768w, https:\/\/velo.nomaden.be\/wp-content\/uploads\/2024\/09\/DSC05973-1536x1152.jpg 1536w, https:\/\/velo.nomaden.be\/wp-content\/uploads\/2024\/09\/DSC05973.jpg 1920w\" sizes=\"auto, (max-width: 1024px) 100vw, 1024px\" \/><\/a><figcaption class=\"wp-element-caption\">Lac de Narlay<\/figcaption><\/figure>\n<\/figure>\n\n\n\n<p><\/p>\n\n\n\n<p>Wir fahren bis auf Mouthe auf der <a href=\"https:\/\/www.francevelotourisme.com\/itineraire\/p-tite-gtj-a-velo\">P&#8217;tite GTJ \u00e0 v\u00e9lo<\/a>. Leider ist dieser Radweg nicht mehr ganz so gut ausgeschildert wie die bisherigen. Wir m\u00fcssen oft anhalten, auf <a href=\"https:\/\/osmand.net\/\">OsmAnd<\/a> die Route kontrollieren und machen den einen oder anderen Extrakilometer. Der Source de Doubs ist hingegen sehr gut beschildert. Wir finden den Weg zur Quelle ohne Umwege.<\/p>\n\n\n\n<figure class=\"wp-block-gallery has-nested-images columns-default is-cropped wp-block-gallery-3 is-layout-flex wp-block-gallery-is-layout-flex\">\n<figure class=\"wp-block-image size-large\"><a href=\"https:\/\/velo.nomaden.be\/wp-content\/uploads\/2024\/09\/DSC05976.jpg\"><img loading=\"lazy\" decoding=\"async\" width=\"768\" height=\"1024\" data-id=\"1125\" src=\"https:\/\/velo.nomaden.be\/wp-content\/uploads\/2024\/09\/DSC05976-768x1024.jpg\" alt=\"Blick in eine tiefe Schlucht. Die Felsen der Schlucht sind von B\u00e4umen und Str\u00e4uchern bewachsen. In der Tiefe ist das sch\u00e4umende Wasser der Saine erkennbar.\" class=\"wp-image-1125\" srcset=\"https:\/\/velo.nomaden.be\/wp-content\/uploads\/2024\/09\/DSC05976-768x1024.jpg 768w, https:\/\/velo.nomaden.be\/wp-content\/uploads\/2024\/09\/DSC05976-225x300.jpg 225w, https:\/\/velo.nomaden.be\/wp-content\/uploads\/2024\/09\/DSC05976-1152x1536.jpg 1152w, https:\/\/velo.nomaden.be\/wp-content\/uploads\/2024\/09\/DSC05976.jpg 1440w\" sizes=\"auto, (max-width: 768px) 100vw, 768px\" \/><\/a><figcaption class=\"wp-element-caption\">Schlucht der Saine<\/figcaption><\/figure>\n\n\n\n<figure class=\"wp-block-image size-large\"><a href=\"https:\/\/velo.nomaden.be\/wp-content\/uploads\/2024\/09\/DSC05978.jpg\"><img loading=\"lazy\" decoding=\"async\" width=\"1024\" height=\"768\" data-id=\"1124\" src=\"https:\/\/velo.nomaden.be\/wp-content\/uploads\/2024\/09\/DSC05978-1024x768.jpg\" alt=\"Ein altes M\u00fchlegeb\u00e4ude aus Stein. Die Wasserr\u00e4der sind noch an den Mauern des Geb\u00e4udes angebracht, der Bach fliesst aber nicht mehr \u00fcber die R\u00e4der sondern vor dem Geb\u00e4ude im Flussbeet. HInter der M\u00fchle sind weitere H\u00e4user des Ortes erkennbar.\" class=\"wp-image-1124\" srcset=\"https:\/\/velo.nomaden.be\/wp-content\/uploads\/2024\/09\/DSC05978-1024x768.jpg 1024w, https:\/\/velo.nomaden.be\/wp-content\/uploads\/2024\/09\/DSC05978-300x225.jpg 300w, https:\/\/velo.nomaden.be\/wp-content\/uploads\/2024\/09\/DSC05978-768x576.jpg 768w, https:\/\/velo.nomaden.be\/wp-content\/uploads\/2024\/09\/DSC05978-1536x1152.jpg 1536w, https:\/\/velo.nomaden.be\/wp-content\/uploads\/2024\/09\/DSC05978.jpg 1920w\" sizes=\"auto, (max-width: 1024px) 100vw, 1024px\" \/><\/a><figcaption class=\"wp-element-caption\">alte M\u00fchle von Foncine-le-Bas<\/figcaption><\/figure>\n\n\n\n<figure class=\"wp-block-image size-large\"><a href=\"https:\/\/velo.nomaden.be\/wp-content\/uploads\/2024\/09\/DSC05980.jpg\"><img loading=\"lazy\" decoding=\"async\" width=\"768\" height=\"1024\" data-id=\"1123\" src=\"https:\/\/velo.nomaden.be\/wp-content\/uploads\/2024\/09\/DSC05980-768x1024.jpg\" alt=\"Der Fluss Doubs fliesst aus einem H\u00f6hleneingang ans Tageslicht. Der H\u00f6hleneingang ist im Hintergrund erkennbar. Die Felsen um den H\u00f6hleneingang sind mit Moos und Pflanzen \u00fcberdeckt.\" class=\"wp-image-1123\" srcset=\"https:\/\/velo.nomaden.be\/wp-content\/uploads\/2024\/09\/DSC05980-768x1024.jpg 768w, https:\/\/velo.nomaden.be\/wp-content\/uploads\/2024\/09\/DSC05980-225x300.jpg 225w, https:\/\/velo.nomaden.be\/wp-content\/uploads\/2024\/09\/DSC05980-1152x1536.jpg 1152w, https:\/\/velo.nomaden.be\/wp-content\/uploads\/2024\/09\/DSC05980.jpg 1440w\" sizes=\"auto, (max-width: 768px) 100vw, 768px\" \/><\/a><figcaption class=\"wp-element-caption\">Source de Doubs<\/figcaption><\/figure>\n<\/figure>\n\n\n\n<p><\/p>\n\n\n\n<p>Das Wetter bleibt uns leider nicht so wohlgesinnt wie in den Vortagen. Bevor wir in Saint-Point-Lac das Zelt aufstellen k\u00f6nnen, beginnt es zu sch\u00fctten. Zum Gl\u00fcck ist der Camping Municipal mit einem Aufenthaltsraum ausgestattet. <\/p>\n\n\n\n<p>Im Regen fahren wir tags darauf der Schweizer Grenze entgegen. Am Wetter \u00e4ndert der Grenz\u00fcbertritt nichts, daf\u00fcr sind die Radwege wieder gut ausgeschildert. Mit den H\u00f6henmetern wird es k\u00fchler und unsere Beine m\u00fcder. Landschaftlich ist es trotz Regen sehr sch\u00f6n. In der Dorfbeiz von La Br\u00e9vine w\u00e4rmen wir uns mit einer heissen Schoggi auf und beschliessen, statt im nassen, kalten Zelt in Le Locle in einem trockenen, warmen Hotelzimmer zu \u00fcbernachten. <\/p>\n\n\n\n<figure class=\"wp-block-gallery has-nested-images columns-default is-cropped wp-block-gallery-4 is-layout-flex wp-block-gallery-is-layout-flex\">\n<figure class=\"wp-block-image size-large\"><img loading=\"lazy\" decoding=\"async\" width=\"1024\" height=\"768\" data-id=\"1126\" src=\"https:\/\/velo.nomaden.be\/wp-content\/uploads\/2024\/09\/DSC05984-1024x768.jpg\" alt=\"\" class=\"wp-image-1126\" srcset=\"https:\/\/velo.nomaden.be\/wp-content\/uploads\/2024\/09\/DSC05984-1024x768.jpg 1024w, https:\/\/velo.nomaden.be\/wp-content\/uploads\/2024\/09\/DSC05984-300x225.jpg 300w, https:\/\/velo.nomaden.be\/wp-content\/uploads\/2024\/09\/DSC05984-768x576.jpg 768w, https:\/\/velo.nomaden.be\/wp-content\/uploads\/2024\/09\/DSC05984-1536x1152.jpg 1536w, https:\/\/velo.nomaden.be\/wp-content\/uploads\/2024\/09\/DSC05984.jpg 1920w\" sizes=\"auto, (max-width: 1024px) 100vw, 1024px\" \/><\/figure>\n<\/figure>\n\n\n\n<p><\/p>\n\n\n\n<p>Der Jura verlangt uns nochmals einiges ab. In Saignel\u00e9gier machen wir deshalb Pause mit Sauna und Baden. Bis hier haben wir weit \u00fcber 1&#8217;500 Kilometer mit gerade mal zwei Ruhetagen zur\u00fcck gelegt.<\/p>\n\n\n\n<p>An unserem letzten Fahrtag scheint wieder die Sonne, das Thermometer zeigt aber gerade mal 7\u00b0 C. Zum Gl\u00fcck haben wir Buff und Handschuhe auch eingepackt. Wir geniessen die letzten Jurah\u00fcgel bevor es auf die heikle Passage von Sonceboz nach Biel geht. <\/p>\n\n\n\n<figure class=\"wp-block-gallery has-nested-images columns-default is-cropped wp-block-gallery-5 is-layout-flex wp-block-gallery-is-layout-flex\">\n<figure class=\"wp-block-image size-large\"><a href=\"https:\/\/velo.nomaden.be\/wp-content\/uploads\/2024\/09\/IMG_20240912_101958.jpg\"><img loading=\"lazy\" decoding=\"async\" width=\"1024\" height=\"768\" data-id=\"1128\" src=\"https:\/\/velo.nomaden.be\/wp-content\/uploads\/2024\/09\/IMG_20240912_101958-1024x768.jpg\" alt=\"Wiese im Vordergrund, Tannenwald in der Bildmitte, Wolken und Sonne im Hintergrund.\" class=\"wp-image-1128\" srcset=\"https:\/\/velo.nomaden.be\/wp-content\/uploads\/2024\/09\/IMG_20240912_101958-1024x768.jpg 1024w, https:\/\/velo.nomaden.be\/wp-content\/uploads\/2024\/09\/IMG_20240912_101958-300x225.jpg 300w, https:\/\/velo.nomaden.be\/wp-content\/uploads\/2024\/09\/IMG_20240912_101958-768x576.jpg 768w, https:\/\/velo.nomaden.be\/wp-content\/uploads\/2024\/09\/IMG_20240912_101958-1536x1152.jpg 1536w, https:\/\/velo.nomaden.be\/wp-content\/uploads\/2024\/09\/IMG_20240912_101958.jpg 1920w\" sizes=\"auto, (max-width: 1024px) 100vw, 1024px\" \/><\/a><\/figure>\n\n\n\n<figure class=\"wp-block-image size-large\"><a href=\"https:\/\/velo.nomaden.be\/wp-content\/uploads\/2024\/09\/IMG_20240912_102044.jpg\"><img loading=\"lazy\" decoding=\"async\" width=\"1024\" height=\"768\" data-id=\"1129\" src=\"https:\/\/velo.nomaden.be\/wp-content\/uploads\/2024\/09\/IMG_20240912_102044-1024x768.jpg\" alt=\"Schmale Strasse, die \u00fcber eine Viehbarriere gef\u00fchrt wird. Links und rechts der Strasse Wiese und B\u00e4ume. Im Hintergrund blauer Himmel mit weissen Wolken.\" class=\"wp-image-1129\" srcset=\"https:\/\/velo.nomaden.be\/wp-content\/uploads\/2024\/09\/IMG_20240912_102044-1024x768.jpg 1024w, https:\/\/velo.nomaden.be\/wp-content\/uploads\/2024\/09\/IMG_20240912_102044-300x225.jpg 300w, https:\/\/velo.nomaden.be\/wp-content\/uploads\/2024\/09\/IMG_20240912_102044-768x576.jpg 768w, https:\/\/velo.nomaden.be\/wp-content\/uploads\/2024\/09\/IMG_20240912_102044-1536x1152.jpg 1536w, https:\/\/velo.nomaden.be\/wp-content\/uploads\/2024\/09\/IMG_20240912_102044.jpg 1920w\" sizes=\"auto, (max-width: 1024px) 100vw, 1024px\" \/><\/a><\/figure>\n<\/figure>\n\n\n\n<p><\/p>\n\n\n\n<p>Der Abschnitt runter nach Biel bereitet uns ein mulmiges Gef\u00fchl. Der Radweg wird gem\u00e4ss unserer Karte und den uns vorliegenden Informationen auf einer separaten Spur neben der Autobahn gef\u00fchrt. Zu unserem erstaunen gibt es einen neuen Weg, der noch schlecht dokumentiert ist. Der Radweg verschwindet nach Reuchenette-P\u00e9ry in einer Fussg\u00e4ngerunterf\u00fchrung auf die andere Strassenseite (hier w\u00e4ren wir fast auf die Autobahn hochgefahren, weil der Seitenwechsel schlecht beschildert ist). Danach wird der Radweg durch das Areal vom Steinbruch\/Kieswerk und weiter \u00fcber eine neugeteerte Strasse bis nach Frinvillier gef\u00fchrt. <\/p>\n\n\n\n<figure class=\"wp-block-gallery has-nested-images columns-default is-cropped wp-block-gallery-6 is-layout-flex wp-block-gallery-is-layout-flex\">\n<figure class=\"wp-block-image size-large\"><a href=\"https:\/\/velo.nomaden.be\/wp-content\/uploads\/2024\/09\/IMG_20240912_120849.jpg\"><img loading=\"lazy\" decoding=\"async\" width=\"1024\" height=\"768\" data-id=\"1130\" src=\"https:\/\/velo.nomaden.be\/wp-content\/uploads\/2024\/09\/IMG_20240912_120849-1024x768.jpg\" alt=\"Neugeteerte kurvige Strasse. Der Strassenrand ist bewachsen. Im Hintergrund geht es runter in Schlucht. Rechts und links Felsen mit B\u00e4umen und Str\u00e4ucher bewachsen.\" class=\"wp-image-1130\" srcset=\"https:\/\/velo.nomaden.be\/wp-content\/uploads\/2024\/09\/IMG_20240912_120849-1024x768.jpg 1024w, https:\/\/velo.nomaden.be\/wp-content\/uploads\/2024\/09\/IMG_20240912_120849-300x225.jpg 300w, https:\/\/velo.nomaden.be\/wp-content\/uploads\/2024\/09\/IMG_20240912_120849-768x576.jpg 768w, https:\/\/velo.nomaden.be\/wp-content\/uploads\/2024\/09\/IMG_20240912_120849-1536x1152.jpg 1536w, https:\/\/velo.nomaden.be\/wp-content\/uploads\/2024\/09\/IMG_20240912_120849.jpg 1920w\" sizes=\"auto, (max-width: 1024px) 100vw, 1024px\" \/><\/a><figcaption class=\"wp-element-caption\">neue Strasse nach Frinvillier-Taubenloch<\/figcaption><\/figure>\n<\/figure>\n\n\n\n<p><\/p>\n\n\n\n<p>In Frinvillier geht es schliesslich doch noch auf die Transjurane. Trotz Radstreifen ist es sehr unangenehm auf der stark befahrenen Kantonsstrasse durch den langen Tunnel nach Biel zu fahren. Nach der Mittagspause in Biel fahren wir am Nachmittag die letzten Kilometer bis nach Hause. Dort zeigt unser Velocomputer den Stand von 1&#8217;605 Kilometer von Basel nach Strassburg und von Morlaix bis nach Zollikofen.<\/p>\n\n\n\n<figure class=\"wp-block-gallery has-nested-images columns-default is-cropped wp-block-gallery-7 is-layout-flex wp-block-gallery-is-layout-flex\">\n<figure class=\"wp-block-image size-large\"><a href=\"https:\/\/velo.nomaden.be\/wp-content\/uploads\/2024\/09\/IMG_20240912_151352.jpg\"><img loading=\"lazy\" decoding=\"async\" width=\"768\" height=\"1024\" data-id=\"1127\" src=\"https:\/\/velo.nomaden.be\/wp-content\/uploads\/2024\/09\/IMG_20240912_151352-768x1024.jpg\" alt=\"Blick von oben auf den Fahrradlenker. Auf dem Fahrradcomputer auf dem Lenkervorbau wird die Anzahl der gefahrenen Kilometer mit 1605 angezeigt.\" class=\"wp-image-1127\" srcset=\"https:\/\/velo.nomaden.be\/wp-content\/uploads\/2024\/09\/IMG_20240912_151352-768x1024.jpg 768w, https:\/\/velo.nomaden.be\/wp-content\/uploads\/2024\/09\/IMG_20240912_151352-225x300.jpg 225w, https:\/\/velo.nomaden.be\/wp-content\/uploads\/2024\/09\/IMG_20240912_151352-1152x1536.jpg 1152w, https:\/\/velo.nomaden.be\/wp-content\/uploads\/2024\/09\/IMG_20240912_151352.jpg 1440w\" sizes=\"auto, (max-width: 768px) 100vw, 768px\" \/><\/a><\/figure>\n<\/figure>\n\n\n\n<p><\/p>\n","protected":false},"excerpt":{"rendered":"<p>Wir verlassen das Burgund in Richtung Jura im sch\u00f6nsten Sonnenschein auf der Voie Bressane, einer stillgelegten Bahnstrecke zwischen Chalon-sur-Sa\u00f4ne nach Lons-le-Saunier. Die uns bevorstehenden H\u00f6henmeter sehen wir zun\u00e4chst in der Ferne am Horizont, in Lons-le-Saunier sind wir dann umgeben von den H\u00fcgelz\u00fcgen des franz\u00f6sischen Jura. Bereits vom Campingplatz in Lons-le-Saunier bis zum Start der voie [&hellip;]<\/p>\n","protected":false},"author":1,"featured_media":0,"comment_status":"closed","ping_status":"closed","sticky":false,"template":"","format":"standard","meta":{"footnotes":""},"categories":[16,22,14],"tags":[],"class_list":["post-1116","post","type-post","status-publish","format-standard","hentry","category-europa","category-fr_2024","category-ch","gallery-content-unit"],"_links":{"self":[{"href":"https:\/\/velo.nomaden.be\/index.php\/wp-json\/wp\/v2\/posts\/1116","targetHints":{"allow":["GET"]}}],"collection":[{"href":"https:\/\/velo.nomaden.be\/index.php\/wp-json\/wp\/v2\/posts"}],"about":[{"href":"https:\/\/velo.nomaden.be\/index.php\/wp-json\/wp\/v2\/types\/post"}],"author":[{"embeddable":true,"href":"https:\/\/velo.nomaden.be\/index.php\/wp-json\/wp\/v2\/users\/1"}],"replies":[{"embeddable":true,"href":"https:\/\/velo.nomaden.be\/index.php\/wp-json\/wp\/v2\/comments?post=1116"}],"version-history":[{"count":2,"href":"https:\/\/velo.nomaden.be\/index.php\/wp-json\/wp\/v2\/posts\/1116\/revisions"}],"predecessor-version":[{"id":1132,"href":"https:\/\/velo.nomaden.be\/index.php\/wp-json\/wp\/v2\/posts\/1116\/revisions\/1132"}],"wp:attachment":[{"href":"https:\/\/velo.nomaden.be\/index.php\/wp-json\/wp\/v2\/media?parent=1116"}],"wp:term":[{"taxonomy":"category","embeddable":true,"href":"https:\/\/velo.nomaden.be\/index.php\/wp-json\/wp\/v2\/categories?post=1116"},{"taxonomy":"post_tag","embeddable":true,"href":"https:\/\/velo.nomaden.be\/index.php\/wp-json\/wp\/v2\/tags?post=1116"}],"curies":[{"name":"wp","href":"https:\/\/api.w.org\/{rel}","templated":true}]}}