{"id":1098,"date":"2024-09-05T10:26:02","date_gmt":"2024-09-05T08:26:02","guid":{"rendered":"https:\/\/velo.nomaden.be\/?p=1098"},"modified":"2024-09-11T11:49:45","modified_gmt":"2024-09-11T09:49:45","slug":"par-temps-humide","status":"publish","type":"post","link":"https:\/\/velo.nomaden.be\/index.php\/2024\/09\/05\/par-temps-humide\/","title":{"rendered":"Par temps humide"},"content":{"rendered":"\n<p>In den Regionalz\u00fcgen (TER) in Frankreich k\u00f6nnen Velos eigentlich kostenlos transportiert werden. Im Loire-Gebiet gibt es jedoch \u00fcber die Sommermonate (Ende Juni bis Ende August) eine Reservationspflicht und die Reservation kostet 1 Euro (weitere Informationen unter <a href=\"https:\/\/www.remi-centrevaldeloire.fr\/services-velo\/\">https:\/\/www.remi-centrevaldeloire.fr\/services-velo\/<\/a>). Unsere Zugreise ist am 2. September und deshalb f\u00fcr unsere R\u00e4der kostenlos. Die Reservationspflicht \u00fcber den Sommer verstehen wir aber sehr bald. In Montrichard, wo wir in den Zug von Tours nach Nevers zusteigen, sind von insgesamt zw\u00f6lf Pl\u00e4tzen bereits zehn belegt. Ein paar Stationen weiter kommen nochmals drei R\u00e4der dazu. Das Zugspersonal nimmt&#8217;s gelassen. Alle d\u00fcrfen bis Nevers im Zug mitfahren. Das Zugspersonal informiert die Zugreisenden regelm\u00e4ssig \u00fcber touristische Sehensw\u00fcrdigkeiten auf der Strecke. Die Einfahrt in Nevers wird von einem mehrmin\u00fctigen Monolog zur Stadt Nevers, der Loire und &#8222;&#8230; sch\u00f6n, sind sie mit uns gereist&#8220; begleitet. Die f\u00fcr uns wichtigste Information &#8222;Dieser Zug hat einen zehnmin\u00fctigen Aufenthalt im Bahnhof Nevers&#8220; erfolgt erst auf dem Perron, nach dem wir im Eiltempo die neun Velos inklusiv Gep\u00e4ck aus dem Wagon gehievt haben.<\/p>\n\n\n\n<p>Der erste Nachmittag an der Loire im Burgund ist noch sehr \u00e4hnlich wie an den Tagen zuvor. Die Strecke f\u00fchrt mehrheitlich am Fluss Loire oder einem Kanal entlang. <\/p>\n\n\n\n<p>Zwischen Decize und Digeon f\u00fchrt der Radweg zun\u00e4chst durchs <a href=\"https:\/\/reserves-naturelles.org\/reserves\/loire-bourguignonne\/\">R\u00e9serve Naturelle de la Loire Bourguignonne<\/a>. Sp\u00e4ter kommen die ersten Anstiege und eine wunderbare Aussicht auf das h\u00fcgelige Burgund. Die Fahrt wird abwechslungsreicher, Begegnungen mit anderen Radreisenden werden zunehmend weniger. Auf diesem Abschnitt erreichen wir den Z\u00e4hlerstand von 1&#8217;000 Kilometer. Zum Abschluss dieses Radtages fahren wir \u00fcber den <a href=\"https:\/\/de.wikipedia.org\/wiki\/Kanalbr%C3%BCcke_Digoin\">Pont-Canal de Digeon<\/a>. \u00dcber diese Br\u00fccke wird der <a href=\"https:\/\/de.wikipedia.org\/wiki\/Canal_lat%C3%A9ral_%C3%A0_la_Loire\">Canal lat\u00e9ral<\/a> \u00fcber den Fluss Loire gef\u00fchrt.<\/p>\n\n\n\n<figure class=\"wp-block-gallery has-nested-images columns-default is-cropped wp-block-gallery-1 is-layout-flex wp-block-gallery-is-layout-flex\">\n<figure class=\"wp-block-image size-large\"><a href=\"https:\/\/velo.nomaden.be\/wp-content\/uploads\/2024\/09\/IMG_20240903_105423.jpg\"><img loading=\"lazy\" decoding=\"async\" width=\"1024\" height=\"768\" data-id=\"1102\" src=\"https:\/\/velo.nomaden.be\/wp-content\/uploads\/2024\/09\/IMG_20240903_105423-1024x768.jpg\" alt=\"Flusslauf der Loire. Im Vordergrund sind niedrige B\u00fcsche zu sehen. In der Bildmitte der Fluss, in dessen Wasser sich der Himmel und die B\u00e4ume vom anderen Flussufer spiegeln. Das andere Flussufer ist sandig und weniger gr\u00fcn.\" class=\"wp-image-1102\" srcset=\"https:\/\/velo.nomaden.be\/wp-content\/uploads\/2024\/09\/IMG_20240903_105423-1024x768.jpg 1024w, https:\/\/velo.nomaden.be\/wp-content\/uploads\/2024\/09\/IMG_20240903_105423-300x225.jpg 300w, https:\/\/velo.nomaden.be\/wp-content\/uploads\/2024\/09\/IMG_20240903_105423-768x576.jpg 768w, https:\/\/velo.nomaden.be\/wp-content\/uploads\/2024\/09\/IMG_20240903_105423-1536x1152.jpg 1536w, https:\/\/velo.nomaden.be\/wp-content\/uploads\/2024\/09\/IMG_20240903_105423.jpg 1920w\" sizes=\"auto, (max-width: 1024px) 100vw, 1024px\" \/><\/a><figcaption class=\"wp-element-caption\">R\u00e9serve Naturelle de la Loire Bourguignonne<\/figcaption><\/figure>\n\n\n\n<figure class=\"wp-block-image size-large\"><a href=\"https:\/\/velo.nomaden.be\/wp-content\/uploads\/2024\/09\/IMG_20240903_105433.jpg\"><img loading=\"lazy\" decoding=\"async\" width=\"1024\" height=\"768\" data-id=\"1100\" src=\"https:\/\/velo.nomaden.be\/wp-content\/uploads\/2024\/09\/IMG_20240903_105433-1024x768.jpg\" alt=\"Flusslauf der Loire. Im Vordergrund sind niedrige B\u00fcsche zu sehen. In der Bildmitte der Fluss, in dessen Wasser sich der Himmel spiegeln. Das andere Flussufer ist sandig und weniger gr\u00fcn.\" class=\"wp-image-1100\" srcset=\"https:\/\/velo.nomaden.be\/wp-content\/uploads\/2024\/09\/IMG_20240903_105433-1024x768.jpg 1024w, https:\/\/velo.nomaden.be\/wp-content\/uploads\/2024\/09\/IMG_20240903_105433-300x225.jpg 300w, https:\/\/velo.nomaden.be\/wp-content\/uploads\/2024\/09\/IMG_20240903_105433-768x576.jpg 768w, https:\/\/velo.nomaden.be\/wp-content\/uploads\/2024\/09\/IMG_20240903_105433-1536x1152.jpg 1536w, https:\/\/velo.nomaden.be\/wp-content\/uploads\/2024\/09\/IMG_20240903_105433.jpg 1920w\" sizes=\"auto, (max-width: 1024px) 100vw, 1024px\" \/><\/a><\/figure>\n\n\n\n<figure class=\"wp-block-image size-large\"><a href=\"https:\/\/velo.nomaden.be\/wp-content\/uploads\/2024\/09\/IMG_20240903_112427.jpg\"><img loading=\"lazy\" decoding=\"async\" width=\"768\" height=\"1024\" data-id=\"1099\" src=\"https:\/\/velo.nomaden.be\/wp-content\/uploads\/2024\/09\/IMG_20240903_112427-768x1024.jpg\" alt=\"Blick von Oben auf den Lenker. Im Fokus ist ein kleiner Teil des Lenkers mit dem Lenkervorbau. Am Lenkervorbau ist ein Velocomputer montiert, der die Gesamtzahl der gefahrenen Kilometer anzeigt. Der Z\u00e4hler zeigt 1000 Kilometer. Unscharf im Hintergrund sind die Radtaschen des Frontgep\u00e4cktr\u00e4ckers (Lowrider), der Rahmen sowie zwei Schuhe erkennbar.\" class=\"wp-image-1099\" srcset=\"https:\/\/velo.nomaden.be\/wp-content\/uploads\/2024\/09\/IMG_20240903_112427-768x1024.jpg 768w, https:\/\/velo.nomaden.be\/wp-content\/uploads\/2024\/09\/IMG_20240903_112427-225x300.jpg 225w, https:\/\/velo.nomaden.be\/wp-content\/uploads\/2024\/09\/IMG_20240903_112427-1152x1536.jpg 1152w, https:\/\/velo.nomaden.be\/wp-content\/uploads\/2024\/09\/IMG_20240903_112427.jpg 1440w\" sizes=\"auto, (max-width: 768px) 100vw, 768px\" \/><\/a><\/figure>\n\n\n\n<figure class=\"wp-block-image size-large\"><a href=\"https:\/\/velo.nomaden.be\/wp-content\/uploads\/2024\/09\/DSC05952.jpg\"><img loading=\"lazy\" decoding=\"async\" width=\"1024\" height=\"768\" data-id=\"1104\" src=\"https:\/\/velo.nomaden.be\/wp-content\/uploads\/2024\/09\/DSC05952-1024x768.jpg\" alt=\"Von der rechten Bildseite verl\u00e4uft der Kanal hin zur Bildmitte. In der Bildmitte bis zum linken Bildrand ist der Fluss Loire zu sehen, der unter der Br\u00fccke hindurch fliesst. Im Hintergrund sind einige H\u00e4userzeilen der Stadt Digeon zu sehen.\" class=\"wp-image-1104\" srcset=\"https:\/\/velo.nomaden.be\/wp-content\/uploads\/2024\/09\/DSC05952-1024x768.jpg 1024w, https:\/\/velo.nomaden.be\/wp-content\/uploads\/2024\/09\/DSC05952-300x225.jpg 300w, https:\/\/velo.nomaden.be\/wp-content\/uploads\/2024\/09\/DSC05952-768x576.jpg 768w, https:\/\/velo.nomaden.be\/wp-content\/uploads\/2024\/09\/DSC05952-1536x1152.jpg 1536w, https:\/\/velo.nomaden.be\/wp-content\/uploads\/2024\/09\/DSC05952.jpg 1920w\" sizes=\"auto, (max-width: 1024px) 100vw, 1024px\" \/><\/a><figcaption class=\"wp-element-caption\">Pont-Canal de Digeon<\/figcaption><\/figure>\n<\/figure>\n\n\n\n<p><\/p>\n\n\n\n<p>Der Herbst ist zunehmend sp\u00fcrbar. Das Zelt ist morgens oft nass von Tau. Entweder wir sind geduldig und warten, bis die Morgensonne unser Zelt trocknet oder wir bauen das Innenzelt separat vom Aussenzelt ab und suchen in der Mittagspause einem geegneten Ort um das feuchte Aussenzelt an die Sonnen zu legen. <\/p>\n\n\n\n<figure class=\"wp-block-gallery has-nested-images columns-default is-cropped wp-block-gallery-2 is-layout-flex wp-block-gallery-is-layout-flex\">\n<figure class=\"wp-block-image size-large\"><img loading=\"lazy\" decoding=\"async\" width=\"1024\" height=\"768\" data-id=\"1103\" src=\"https:\/\/velo.nomaden.be\/wp-content\/uploads\/2024\/09\/DSC05955-1024x768.jpg\" alt=\"Im Vordergrund eine Brombeerhecke. In der Bildmitte Wiesen umgeben von Hecken und B\u00e4umen. Im Hintergrund bewaldete H\u00fcgel und ein bew\u00f6lkter Himmel.\" class=\"wp-image-1103\" srcset=\"https:\/\/velo.nomaden.be\/wp-content\/uploads\/2024\/09\/DSC05955-1024x768.jpg 1024w, https:\/\/velo.nomaden.be\/wp-content\/uploads\/2024\/09\/DSC05955-300x225.jpg 300w, https:\/\/velo.nomaden.be\/wp-content\/uploads\/2024\/09\/DSC05955-768x576.jpg 768w, https:\/\/velo.nomaden.be\/wp-content\/uploads\/2024\/09\/DSC05955-1536x1152.jpg 1536w, https:\/\/velo.nomaden.be\/wp-content\/uploads\/2024\/09\/DSC05955.jpg 1920w\" sizes=\"auto, (max-width: 1024px) 100vw, 1024px\" \/><figcaption class=\"wp-element-caption\">Blick \u00fcber das Burgund<\/figcaption><\/figure>\n<\/figure>\n\n\n\n<p><\/p>\n\n\n\n<p>Am See in Palinges entscheiden wir uns aufgrund der grossen Distanzen zwischen den Zeltpl\u00e4tzen und der drohenden Regenfront aber wieder einmal f\u00fcr eine Nacht im Hotel. Dieses erreichen wir ein paar Stunden sp\u00e4ter im Nieselregen, kurz vor dem grossen Wolkenbruch. <\/p>\n\n\n\n<p>Der n\u00e4chste Morgen beginnt wie der Abend aufgeh\u00f6rt hat: par temps humide. In Chalon-sur-Sa\u00f4ne wird es endlich trocken und f\u00fcr uns gibt es ein sp\u00e4tes Mittagessen in der B\u00e4ckerei. Das Burgund verabschiedet sich mit einem sanften Abendrot, ab Morgen geht es hoch in Richtung Jura.<\/p>\n\n\n\n<figure class=\"wp-block-gallery has-nested-images columns-default is-cropped wp-block-gallery-3 is-layout-flex wp-block-gallery-is-layout-flex\">\n<figure class=\"wp-block-image size-large\"><a href=\"https:\/\/velo.nomaden.be\/wp-content\/uploads\/2024\/09\/DSC05959.jpg\"><img loading=\"lazy\" decoding=\"async\" width=\"1024\" height=\"768\" data-id=\"1105\" src=\"https:\/\/velo.nomaden.be\/wp-content\/uploads\/2024\/09\/DSC05959-1024x768.jpg\" alt=\"\" class=\"wp-image-1105\" srcset=\"https:\/\/velo.nomaden.be\/wp-content\/uploads\/2024\/09\/DSC05959-1024x768.jpg 1024w, https:\/\/velo.nomaden.be\/wp-content\/uploads\/2024\/09\/DSC05959-300x225.jpg 300w, https:\/\/velo.nomaden.be\/wp-content\/uploads\/2024\/09\/DSC05959-768x576.jpg 768w, https:\/\/velo.nomaden.be\/wp-content\/uploads\/2024\/09\/DSC05959-1536x1152.jpg 1536w, https:\/\/velo.nomaden.be\/wp-content\/uploads\/2024\/09\/DSC05959.jpg 1920w\" sizes=\"auto, (max-width: 1024px) 100vw, 1024px\" \/><\/a><\/figure>\n\n\n\n<figure class=\"wp-block-image size-large\"><a href=\"https:\/\/velo.nomaden.be\/wp-content\/uploads\/2024\/09\/DSC05960.jpg\"><img loading=\"lazy\" decoding=\"async\" width=\"1024\" height=\"768\" data-id=\"1101\" src=\"https:\/\/velo.nomaden.be\/wp-content\/uploads\/2024\/09\/DSC05960-1024x768.jpg\" alt=\"\" class=\"wp-image-1101\" srcset=\"https:\/\/velo.nomaden.be\/wp-content\/uploads\/2024\/09\/DSC05960-1024x768.jpg 1024w, https:\/\/velo.nomaden.be\/wp-content\/uploads\/2024\/09\/DSC05960-300x225.jpg 300w, https:\/\/velo.nomaden.be\/wp-content\/uploads\/2024\/09\/DSC05960-768x576.jpg 768w, https:\/\/velo.nomaden.be\/wp-content\/uploads\/2024\/09\/DSC05960-1536x1152.jpg 1536w, https:\/\/velo.nomaden.be\/wp-content\/uploads\/2024\/09\/DSC05960.jpg 1920w\" sizes=\"auto, (max-width: 1024px) 100vw, 1024px\" \/><\/a><\/figure>\n<\/figure>\n\n\n\n<p><\/p>\n","protected":false},"excerpt":{"rendered":"<p>In den Regionalz\u00fcgen (TER) in Frankreich k\u00f6nnen Velos eigentlich kostenlos transportiert werden. Im Loire-Gebiet gibt es jedoch \u00fcber die Sommermonate (Ende Juni bis Ende August) eine Reservationspflicht und die Reservation kostet 1 Euro (weitere Informationen unter https:\/\/www.remi-centrevaldeloire.fr\/services-velo\/). Unsere Zugreise ist am 2. September und deshalb f\u00fcr unsere R\u00e4der kostenlos. Die Reservationspflicht \u00fcber den Sommer verstehen [&hellip;]<\/p>\n","protected":false},"author":1,"featured_media":0,"comment_status":"closed","ping_status":"closed","sticky":false,"template":"","format":"standard","meta":{"footnotes":""},"categories":[16,22],"tags":[],"class_list":["post-1098","post","type-post","status-publish","format-standard","hentry","category-europa","category-fr_2024","gallery-content-unit"],"_links":{"self":[{"href":"https:\/\/velo.nomaden.be\/index.php\/wp-json\/wp\/v2\/posts\/1098","targetHints":{"allow":["GET"]}}],"collection":[{"href":"https:\/\/velo.nomaden.be\/index.php\/wp-json\/wp\/v2\/posts"}],"about":[{"href":"https:\/\/velo.nomaden.be\/index.php\/wp-json\/wp\/v2\/types\/post"}],"author":[{"embeddable":true,"href":"https:\/\/velo.nomaden.be\/index.php\/wp-json\/wp\/v2\/users\/1"}],"replies":[{"embeddable":true,"href":"https:\/\/velo.nomaden.be\/index.php\/wp-json\/wp\/v2\/comments?post=1098"}],"version-history":[{"count":3,"href":"https:\/\/velo.nomaden.be\/index.php\/wp-json\/wp\/v2\/posts\/1098\/revisions"}],"predecessor-version":[{"id":1109,"href":"https:\/\/velo.nomaden.be\/index.php\/wp-json\/wp\/v2\/posts\/1098\/revisions\/1109"}],"wp:attachment":[{"href":"https:\/\/velo.nomaden.be\/index.php\/wp-json\/wp\/v2\/media?parent=1098"}],"wp:term":[{"taxonomy":"category","embeddable":true,"href":"https:\/\/velo.nomaden.be\/index.php\/wp-json\/wp\/v2\/categories?post=1098"},{"taxonomy":"post_tag","embeddable":true,"href":"https:\/\/velo.nomaden.be\/index.php\/wp-json\/wp\/v2\/tags?post=1098"}],"curies":[{"name":"wp","href":"https:\/\/api.w.org\/{rel}","templated":true}]}}