{"id":1078,"date":"2024-09-04T22:41:01","date_gmt":"2024-09-04T20:41:01","guid":{"rendered":"https:\/\/velo.nomaden.be\/?p=1078"},"modified":"2024-09-08T20:30:14","modified_gmt":"2024-09-08T18:30:14","slug":"stundelang-der-loire-entlang","status":"publish","type":"post","link":"https:\/\/velo.nomaden.be\/index.php\/2024\/09\/04\/stundelang-der-loire-entlang\/","title":{"rendered":"Stundelang der Loire entlang"},"content":{"rendered":"\n<p>Die Loire ist zwar nicht so sch\u00f6n gr\u00fcn, trotzdem t\u00fce d H\u00fcndeler h\u00fcndele, d Jogger jogge und d Vel\u00f6ler vel\u00f6le, nur baden ist \u00fcberall aus verschiedensten Gr\u00fcnden verboten. Trotz morgendlichen Gewitter und Nachmittagshitze geniessen wir ein paar entspannte Velotage \u00fcber den gut ausgebauten und signalisierten Radweg entlang Loire und deren Seitenkan\u00e4le und Zufl\u00fcsse.<\/p>\n\n\n\n<figure class=\"wp-block-gallery has-nested-images columns-default is-cropped wp-block-gallery-1 is-layout-flex wp-block-gallery-is-layout-flex\">\n<figure class=\"wp-block-image size-large\"><a href=\"https:\/\/velo.nomaden.be\/wp-content\/uploads\/2024\/09\/DSC05922.jpg\"><img loading=\"lazy\" decoding=\"async\" width=\"1024\" height=\"683\" data-id=\"1083\" src=\"https:\/\/velo.nomaden.be\/wp-content\/uploads\/2024\/09\/DSC05922-1024x683.jpg\" alt=\"Links ist ein weisses Geb\u00e4ude aus Beton zu sehen. Das Geb\u00e4ude dient als W\u00e4rterhaus f\u00fcr die Schleuse. Zwischen der Schleuse rechts sind ein schmaler Weg und eine Wiese.\" class=\"wp-image-1083\" srcset=\"https:\/\/velo.nomaden.be\/wp-content\/uploads\/2024\/09\/DSC05922-1024x683.jpg 1024w, https:\/\/velo.nomaden.be\/wp-content\/uploads\/2024\/09\/DSC05922-300x200.jpg 300w, https:\/\/velo.nomaden.be\/wp-content\/uploads\/2024\/09\/DSC05922-768x512.jpg 768w, https:\/\/velo.nomaden.be\/wp-content\/uploads\/2024\/09\/DSC05922-1536x1024.jpg 1536w, https:\/\/velo.nomaden.be\/wp-content\/uploads\/2024\/09\/DSC05922.jpg 1920w\" sizes=\"auto, (max-width: 1024px) 100vw, 1024px\" \/><\/a><figcaption class=\"wp-element-caption\">Schleusen s\u00e4umen unseren Weg<\/figcaption><\/figure>\n\n\n\n<figure class=\"wp-block-image size-large\"><a href=\"https:\/\/velo.nomaden.be\/wp-content\/uploads\/2024\/09\/DSC05926.jpg\"><img loading=\"lazy\" decoding=\"async\" width=\"1024\" height=\"683\" data-id=\"1084\" src=\"https:\/\/velo.nomaden.be\/wp-content\/uploads\/2024\/09\/DSC05926-1024x683.jpg\" alt=\"Flusslauf umgeben von Str\u00e4uchern, B\u00e4umen und Wasserpflanzen. Alles ist sehr gr\u00fcn.\" class=\"wp-image-1084\" srcset=\"https:\/\/velo.nomaden.be\/wp-content\/uploads\/2024\/09\/DSC05926-1024x683.jpg 1024w, https:\/\/velo.nomaden.be\/wp-content\/uploads\/2024\/09\/DSC05926-300x200.jpg 300w, https:\/\/velo.nomaden.be\/wp-content\/uploads\/2024\/09\/DSC05926-768x512.jpg 768w, https:\/\/velo.nomaden.be\/wp-content\/uploads\/2024\/09\/DSC05926-1536x1024.jpg 1536w, https:\/\/velo.nomaden.be\/wp-content\/uploads\/2024\/09\/DSC05926.jpg 1920w\" sizes=\"auto, (max-width: 1024px) 100vw, 1024px\" \/><\/a><\/figure>\n\n\n\n<figure class=\"wp-block-image size-large\"><a href=\"https:\/\/velo.nomaden.be\/wp-content\/uploads\/2024\/09\/DSC05927.jpg\"><img loading=\"lazy\" decoding=\"async\" width=\"1024\" height=\"683\" data-id=\"1085\" src=\"https:\/\/velo.nomaden.be\/wp-content\/uploads\/2024\/09\/DSC05927-1024x683.jpg\" alt=\"In der Bildmitte ein Zelt mit offener Abside und Picknick-Decke. Ringsherum B\u00e4ume und Wiese.\" class=\"wp-image-1085\" srcset=\"https:\/\/velo.nomaden.be\/wp-content\/uploads\/2024\/09\/DSC05927-1024x683.jpg 1024w, https:\/\/velo.nomaden.be\/wp-content\/uploads\/2024\/09\/DSC05927-300x200.jpg 300w, https:\/\/velo.nomaden.be\/wp-content\/uploads\/2024\/09\/DSC05927-768x512.jpg 768w, https:\/\/velo.nomaden.be\/wp-content\/uploads\/2024\/09\/DSC05927-1536x1024.jpg 1536w, https:\/\/velo.nomaden.be\/wp-content\/uploads\/2024\/09\/DSC05927.jpg 1920w\" sizes=\"auto, (max-width: 1024px) 100vw, 1024px\" \/><\/a><figcaption class=\"wp-element-caption\">Zeltplatz Les Babins<\/figcaption><\/figure>\n\n\n\n<figure class=\"wp-block-image size-large\"><a href=\"https:\/\/velo.nomaden.be\/wp-content\/uploads\/2024\/09\/DSC05931.jpg\"><img loading=\"lazy\" decoding=\"async\" width=\"683\" height=\"1024\" data-id=\"1082\" src=\"https:\/\/velo.nomaden.be\/wp-content\/uploads\/2024\/09\/DSC05931-683x1024.jpg\" alt=\"\" class=\"wp-image-1082\" srcset=\"https:\/\/velo.nomaden.be\/wp-content\/uploads\/2024\/09\/DSC05931-683x1024.jpg 683w, https:\/\/velo.nomaden.be\/wp-content\/uploads\/2024\/09\/DSC05931-200x300.jpg 200w, https:\/\/velo.nomaden.be\/wp-content\/uploads\/2024\/09\/DSC05931-768x1152.jpg 768w, https:\/\/velo.nomaden.be\/wp-content\/uploads\/2024\/09\/DSC05931-1024x1536.jpg 1024w, https:\/\/velo.nomaden.be\/wp-content\/uploads\/2024\/09\/DSC05931.jpg 1280w\" sizes=\"auto, (max-width: 683px) 100vw, 683px\" \/><\/a><\/figure>\n<\/figure>\n\n\n\n<p><\/p>\n\n\n\n<p>Nebst den unz\u00e4hligen Schl\u00f6ssern, Weinbergen und <a href=\"https:\/\/fr.wikipedia.org\/wiki\/Petites_Cit%C3%A9s_de_Caract%C3%A8re_de_France\">&#8222;petites cit\u00e9s de Caract\u00e8re&#8220;<\/a>, gibt es auch pr\u00e4historisches zu sehen. Um die Ortschaft Gennes hat es einige Dolmen wie der <a href=\"https:\/\/fr.wikipedia.org\/wiki\/Dolmen_de_la_Madeleine\">Dolmen von der Madelaine<\/a>.<\/p>\n\n\n\n<figure class=\"wp-block-gallery has-nested-images columns-default is-cropped wp-block-gallery-2 is-layout-flex wp-block-gallery-is-layout-flex\">\n<figure class=\"wp-block-image size-large\"><a href=\"https:\/\/velo.nomaden.be\/wp-content\/uploads\/2024\/09\/IMG_20240830_134453.jpg\"><img loading=\"lazy\" decoding=\"async\" width=\"768\" height=\"1024\" data-id=\"1086\" src=\"https:\/\/velo.nomaden.be\/wp-content\/uploads\/2024\/09\/IMG_20240830_134453-768x1024.jpg\" alt=\"Im Vordergrund eine mit Pflanzen \u00fcberwachsene Steinmauer. Im Hintergrund sind die H\u00e4user der Altstadt von Saumur zu sehen.\" class=\"wp-image-1086\" srcset=\"https:\/\/velo.nomaden.be\/wp-content\/uploads\/2024\/09\/IMG_20240830_134453-768x1024.jpg 768w, https:\/\/velo.nomaden.be\/wp-content\/uploads\/2024\/09\/IMG_20240830_134453-225x300.jpg 225w, https:\/\/velo.nomaden.be\/wp-content\/uploads\/2024\/09\/IMG_20240830_134453-1152x1536.jpg 1152w, https:\/\/velo.nomaden.be\/wp-content\/uploads\/2024\/09\/IMG_20240830_134453.jpg 1440w\" sizes=\"auto, (max-width: 768px) 100vw, 768px\" \/><\/a><figcaption class=\"wp-element-caption\">Blick \u00fcber die Stadt Saumur von der Schlossfestung<\/figcaption><\/figure>\n\n\n\n<figure class=\"wp-block-image size-large\"><a href=\"https:\/\/velo.nomaden.be\/wp-content\/uploads\/2024\/09\/IMG_20240830_135444.jpg\"><img loading=\"lazy\" decoding=\"async\" width=\"1024\" height=\"768\" data-id=\"1087\" src=\"https:\/\/velo.nomaden.be\/wp-content\/uploads\/2024\/09\/IMG_20240830_135444-1024x768.jpg\" alt=\"Ein Schloss aus Stein mit zwei markanten gr\u00f6sseren T\u00fcrmen rechts und links. Dazwischen viele Erker, Fenster und Verzierungen. Etwa in der Mitte befindet sich das grosse Tor.\" class=\"wp-image-1087\" srcset=\"https:\/\/velo.nomaden.be\/wp-content\/uploads\/2024\/09\/IMG_20240830_135444-1024x768.jpg 1024w, https:\/\/velo.nomaden.be\/wp-content\/uploads\/2024\/09\/IMG_20240830_135444-300x225.jpg 300w, https:\/\/velo.nomaden.be\/wp-content\/uploads\/2024\/09\/IMG_20240830_135444-768x576.jpg 768w, https:\/\/velo.nomaden.be\/wp-content\/uploads\/2024\/09\/IMG_20240830_135444-1536x1152.jpg 1536w, https:\/\/velo.nomaden.be\/wp-content\/uploads\/2024\/09\/IMG_20240830_135444.jpg 1920w\" sizes=\"auto, (max-width: 1024px) 100vw, 1024px\" \/><\/a><figcaption class=\"wp-element-caption\">Schloss Saumur<\/figcaption><\/figure>\n\n\n\n<figure class=\"wp-block-image size-large\"><a href=\"https:\/\/velo.nomaden.be\/wp-content\/uploads\/2024\/09\/IMG_20240830_151559.jpg\"><img loading=\"lazy\" decoding=\"async\" width=\"1024\" height=\"768\" data-id=\"1088\" src=\"https:\/\/velo.nomaden.be\/wp-content\/uploads\/2024\/09\/IMG_20240830_151559-1024x768.jpg\" alt=\"\" class=\"wp-image-1088\" srcset=\"https:\/\/velo.nomaden.be\/wp-content\/uploads\/2024\/09\/IMG_20240830_151559-1024x768.jpg 1024w, https:\/\/velo.nomaden.be\/wp-content\/uploads\/2024\/09\/IMG_20240830_151559-300x225.jpg 300w, https:\/\/velo.nomaden.be\/wp-content\/uploads\/2024\/09\/IMG_20240830_151559-768x576.jpg 768w, https:\/\/velo.nomaden.be\/wp-content\/uploads\/2024\/09\/IMG_20240830_151559-1536x1152.jpg 1536w, https:\/\/velo.nomaden.be\/wp-content\/uploads\/2024\/09\/IMG_20240830_151559.jpg 1920w\" sizes=\"auto, (max-width: 1024px) 100vw, 1024px\" \/><\/a><figcaption class=\"wp-element-caption\">Briefkasten der Post von Saumur<\/figcaption><\/figure>\n\n\n\n<figure class=\"wp-block-image size-large\"><a href=\"https:\/\/velo.nomaden.be\/wp-content\/uploads\/2024\/09\/DSC05947.jpg\"><img loading=\"lazy\" decoding=\"async\" width=\"1024\" height=\"768\" data-id=\"1079\" src=\"https:\/\/velo.nomaden.be\/wp-content\/uploads\/2024\/09\/DSC05947-1024x768.jpg\" alt=\"Eisenbahnbr\u00fccke \u00fcber die Loire vor einem Himmel mit Nebelschwaden und Gewitterwolken\" class=\"wp-image-1079\" srcset=\"https:\/\/velo.nomaden.be\/wp-content\/uploads\/2024\/09\/DSC05947-1024x768.jpg 1024w, https:\/\/velo.nomaden.be\/wp-content\/uploads\/2024\/09\/DSC05947-300x225.jpg 300w, https:\/\/velo.nomaden.be\/wp-content\/uploads\/2024\/09\/DSC05947-768x576.jpg 768w, https:\/\/velo.nomaden.be\/wp-content\/uploads\/2024\/09\/DSC05947-1536x1152.jpg 1536w, https:\/\/velo.nomaden.be\/wp-content\/uploads\/2024\/09\/DSC05947.jpg 1600w\" sizes=\"auto, (max-width: 1024px) 100vw, 1024px\" \/><\/a><figcaption class=\"wp-element-caption\">Aufhellung nach Morgengewitter in Saumur<\/figcaption><\/figure>\n\n\n\n<figure class=\"wp-block-image size-large\"><a href=\"https:\/\/velo.nomaden.be\/wp-content\/uploads\/2024\/09\/DSC05943.jpg\"><img loading=\"lazy\" decoding=\"async\" width=\"1024\" height=\"683\" data-id=\"1081\" src=\"https:\/\/velo.nomaden.be\/wp-content\/uploads\/2024\/09\/DSC05943-1024x683.jpg\" alt=\"Dolmen aus Stein in einem trockenen Wiese.\" class=\"wp-image-1081\" srcset=\"https:\/\/velo.nomaden.be\/wp-content\/uploads\/2024\/09\/DSC05943-1024x683.jpg 1024w, https:\/\/velo.nomaden.be\/wp-content\/uploads\/2024\/09\/DSC05943-300x200.jpg 300w, https:\/\/velo.nomaden.be\/wp-content\/uploads\/2024\/09\/DSC05943-768x512.jpg 768w, https:\/\/velo.nomaden.be\/wp-content\/uploads\/2024\/09\/DSC05943-1536x1024.jpg 1536w, https:\/\/velo.nomaden.be\/wp-content\/uploads\/2024\/09\/DSC05943.jpg 1920w\" sizes=\"auto, (max-width: 1024px) 100vw, 1024px\" \/><\/a><figcaption class=\"wp-element-caption\">Dolmen de la Madelaine<\/figcaption><\/figure>\n\n\n\n<figure class=\"wp-block-image size-large\"><a href=\"https:\/\/velo.nomaden.be\/wp-content\/uploads\/2024\/09\/threema-20240904-211539247.jpg\"><img loading=\"lazy\" decoding=\"async\" width=\"1024\" height=\"768\" data-id=\"1080\" src=\"https:\/\/velo.nomaden.be\/wp-content\/uploads\/2024\/09\/threema-20240904-211539247-1024x768.jpg\" alt=\"Gem\u00fcsegericht angerichtet in einem Campinggeschirr\" class=\"wp-image-1080\" srcset=\"https:\/\/velo.nomaden.be\/wp-content\/uploads\/2024\/09\/threema-20240904-211539247-1024x768.jpg 1024w, https:\/\/velo.nomaden.be\/wp-content\/uploads\/2024\/09\/threema-20240904-211539247-300x225.jpg 300w, https:\/\/velo.nomaden.be\/wp-content\/uploads\/2024\/09\/threema-20240904-211539247-768x576.jpg 768w, https:\/\/velo.nomaden.be\/wp-content\/uploads\/2024\/09\/threema-20240904-211539247-1536x1152.jpg 1536w, https:\/\/velo.nomaden.be\/wp-content\/uploads\/2024\/09\/threema-20240904-211539247.jpg 1600w\" sizes=\"auto, (max-width: 1024px) 100vw, 1024px\" \/><\/a><figcaption class=\"wp-element-caption\">Couscous mit Gem\u00fcse aus dem Bioladen<\/figcaption><\/figure>\n<\/figure>\n\n\n\n<p><\/p>\n\n\n\n<p>Zwischen Tours und Nevers k\u00fcrzen wir die Route etwas ab und nehmen den direkten Weg mit dem Zug. Wir erkaufen uns damit etwas mehr Zeit im Burgund.<\/p>\n\n\n\n<p><\/p>\n","protected":false},"excerpt":{"rendered":"<p>Die Loire ist zwar nicht so sch\u00f6n gr\u00fcn, trotzdem t\u00fce d H\u00fcndeler h\u00fcndele, d Jogger jogge und d Vel\u00f6ler vel\u00f6le, nur baden ist \u00fcberall aus verschiedensten Gr\u00fcnden verboten. Trotz morgendlichen Gewitter und Nachmittagshitze geniessen wir ein paar entspannte Velotage \u00fcber den gut ausgebauten und signalisierten Radweg entlang Loire und deren Seitenkan\u00e4le und Zufl\u00fcsse. Nebst den [&hellip;]<\/p>\n","protected":false},"author":1,"featured_media":0,"comment_status":"closed","ping_status":"closed","sticky":false,"template":"","format":"standard","meta":{"footnotes":""},"categories":[16,22],"tags":[],"class_list":["post-1078","post","type-post","status-publish","format-standard","hentry","category-europa","category-fr_2024","gallery-content-unit"],"_links":{"self":[{"href":"https:\/\/velo.nomaden.be\/index.php\/wp-json\/wp\/v2\/posts\/1078","targetHints":{"allow":["GET"]}}],"collection":[{"href":"https:\/\/velo.nomaden.be\/index.php\/wp-json\/wp\/v2\/posts"}],"about":[{"href":"https:\/\/velo.nomaden.be\/index.php\/wp-json\/wp\/v2\/types\/post"}],"author":[{"embeddable":true,"href":"https:\/\/velo.nomaden.be\/index.php\/wp-json\/wp\/v2\/users\/1"}],"replies":[{"embeddable":true,"href":"https:\/\/velo.nomaden.be\/index.php\/wp-json\/wp\/v2\/comments?post=1078"}],"version-history":[{"count":4,"href":"https:\/\/velo.nomaden.be\/index.php\/wp-json\/wp\/v2\/posts\/1078\/revisions"}],"predecessor-version":[{"id":1093,"href":"https:\/\/velo.nomaden.be\/index.php\/wp-json\/wp\/v2\/posts\/1078\/revisions\/1093"}],"wp:attachment":[{"href":"https:\/\/velo.nomaden.be\/index.php\/wp-json\/wp\/v2\/media?parent=1078"}],"wp:term":[{"taxonomy":"category","embeddable":true,"href":"https:\/\/velo.nomaden.be\/index.php\/wp-json\/wp\/v2\/categories?post=1078"},{"taxonomy":"post_tag","embeddable":true,"href":"https:\/\/velo.nomaden.be\/index.php\/wp-json\/wp\/v2\/tags?post=1078"}],"curies":[{"name":"wp","href":"https:\/\/api.w.org\/{rel}","templated":true}]}}