{"id":1046,"date":"2024-08-30T19:18:09","date_gmt":"2024-08-30T17:18:09","guid":{"rendered":"https:\/\/velo.nomaden.be\/?p=1046"},"modified":"2024-08-30T19:18:09","modified_gmt":"2024-08-30T17:18:09","slug":"ueber-alte-handelsrouten","status":"publish","type":"post","link":"https:\/\/velo.nomaden.be\/index.php\/2024\/08\/30\/ueber-alte-handelsrouten\/","title":{"rendered":"\u00dcber alte Handelsrouten"},"content":{"rendered":"\n<h2 class=\"wp-block-heading\">Boulangerie<\/h2>\n\n\n\n<p>Von Locquirec aus fahren wir auf Nebenstrassen direkt nach S\u00fcden. Ein paar Kilometer ausserhalb von Morlaix erreichen wir die Eurovelo 1 \/ <a href=\"https:\/\/www.lavelodyssee.com\/\" data-type=\"link\" data-id=\"https:\/\/www.lavelodyssee.com\/\">La V\u00e9lodiss\u00e9e<\/a>. Ein altes <a href=\"https:\/\/fr.wikipedia.org\/wiki\/Ligne_de_Morlaix_%C3%A0_Carhaix\">Bahntrasse<\/a> f\u00fchrt uns zuerst hoch zur Ruine des Gare du Kermeur, dann runter bis nach Kervallon. \u00dcber weitere Nebenstrassen erreichen wir Huelgoat wo wir auf dem Camping Municipal schleunigst unser Zelt aufstellen. Es sind dunkle Wolken aufgezogen und noch w\u00e4hrend wir die Gesteinsbrocken bestaunen, die ein w\u00fctender Riese in den M\u00e4rchenwald geschmissen haben soll beginnt es zu regnen. Wir verziehen uns in die Boulangerie, kaufen ein feines Brot und genehmigen uns \u00c9clair und Kaffee. Der Regen h\u00e4lt an und und so bleibt nichts anderes \u00fcbrig als im Zelt zu kochen.<\/p>\n\n\n\n<figure class=\"wp-block-gallery has-nested-images columns-default is-cropped wp-block-gallery-1 is-layout-flex wp-block-gallery-is-layout-flex\">\n<figure class=\"wp-block-image size-large\"><a href=\"https:\/\/velo.nomaden.be\/wp-content\/uploads\/2024\/08\/DSC05879.jpg\"><img loading=\"lazy\" decoding=\"async\" width=\"1024\" height=\"683\" data-id=\"1049\" src=\"https:\/\/velo.nomaden.be\/wp-content\/uploads\/2024\/08\/DSC05879-1024x683.jpg\" alt=\"Naturstrasse \u00fcber das Bahntrasse der stillgelegten Strecke von Morlaix nach Carhaix.\" class=\"wp-image-1049\" srcset=\"https:\/\/velo.nomaden.be\/wp-content\/uploads\/2024\/08\/DSC05879-1024x683.jpg 1024w, https:\/\/velo.nomaden.be\/wp-content\/uploads\/2024\/08\/DSC05879-300x200.jpg 300w, https:\/\/velo.nomaden.be\/wp-content\/uploads\/2024\/08\/DSC05879-768x512.jpg 768w, https:\/\/velo.nomaden.be\/wp-content\/uploads\/2024\/08\/DSC05879-1536x1024.jpg 1536w, https:\/\/velo.nomaden.be\/wp-content\/uploads\/2024\/08\/DSC05879.jpg 1920w\" sizes=\"auto, (max-width: 1024px) 100vw, 1024px\" \/><\/a><figcaption class=\"wp-element-caption\">Veloweg \u00fcber Bahntrasse<\/figcaption><\/figure>\n\n\n\n<figure class=\"wp-block-image size-large\"><a href=\"https:\/\/velo.nomaden.be\/wp-content\/uploads\/2024\/08\/DSC05881.jpg\"><img loading=\"lazy\" decoding=\"async\" width=\"1024\" height=\"683\" data-id=\"1051\" src=\"https:\/\/velo.nomaden.be\/wp-content\/uploads\/2024\/08\/DSC05881-1024x683.jpg\" alt=\"Ruine vom Bahnhof Kermeur\" class=\"wp-image-1051\" srcset=\"https:\/\/velo.nomaden.be\/wp-content\/uploads\/2024\/08\/DSC05881-1024x683.jpg 1024w, https:\/\/velo.nomaden.be\/wp-content\/uploads\/2024\/08\/DSC05881-300x200.jpg 300w, https:\/\/velo.nomaden.be\/wp-content\/uploads\/2024\/08\/DSC05881-768x512.jpg 768w, https:\/\/velo.nomaden.be\/wp-content\/uploads\/2024\/08\/DSC05881-1536x1024.jpg 1536w, https:\/\/velo.nomaden.be\/wp-content\/uploads\/2024\/08\/DSC05881.jpg 1920w\" sizes=\"auto, (max-width: 1024px) 100vw, 1024px\" \/><\/a><figcaption class=\"wp-element-caption\">Ruine vom Bahnhof Kermeur<\/figcaption><\/figure>\n\n\n\n<figure class=\"wp-block-image size-large\"><a href=\"https:\/\/velo.nomaden.be\/wp-content\/uploads\/2024\/08\/DSC05894.jpg\"><img loading=\"lazy\" decoding=\"async\" width=\"683\" height=\"1024\" data-id=\"1054\" src=\"https:\/\/velo.nomaden.be\/wp-content\/uploads\/2024\/08\/DSC05894-683x1024.jpg\" alt=\"Von Moos \u00fcberwachsene Gesteinsbrocken im Wald von Huelgoat.\" class=\"wp-image-1054\" srcset=\"https:\/\/velo.nomaden.be\/wp-content\/uploads\/2024\/08\/DSC05894-683x1024.jpg 683w, https:\/\/velo.nomaden.be\/wp-content\/uploads\/2024\/08\/DSC05894-200x300.jpg 200w, https:\/\/velo.nomaden.be\/wp-content\/uploads\/2024\/08\/DSC05894-768x1152.jpg 768w, https:\/\/velo.nomaden.be\/wp-content\/uploads\/2024\/08\/DSC05894-1024x1536.jpg 1024w, https:\/\/velo.nomaden.be\/wp-content\/uploads\/2024\/08\/DSC05894.jpg 1280w\" sizes=\"auto, (max-width: 683px) 100vw, 683px\" \/><\/a><figcaption class=\"wp-element-caption\">M\u00e4rchenwald von Huelgoat<\/figcaption><\/figure>\n\n\n\n<figure class=\"wp-block-image size-large\"><a href=\"https:\/\/velo.nomaden.be\/wp-content\/uploads\/2024\/08\/DSC05899.jpg\"><img loading=\"lazy\" decoding=\"async\" width=\"1024\" height=\"683\" data-id=\"1050\" src=\"https:\/\/velo.nomaden.be\/wp-content\/uploads\/2024\/08\/DSC05899-1024x683.jpg\" alt=\"Lo sitzend beim Kochen im Vorzelt\" class=\"wp-image-1050\" srcset=\"https:\/\/velo.nomaden.be\/wp-content\/uploads\/2024\/08\/DSC05899-1024x683.jpg 1024w, https:\/\/velo.nomaden.be\/wp-content\/uploads\/2024\/08\/DSC05899-300x200.jpg 300w, https:\/\/velo.nomaden.be\/wp-content\/uploads\/2024\/08\/DSC05899-768x512.jpg 768w, https:\/\/velo.nomaden.be\/wp-content\/uploads\/2024\/08\/DSC05899-1536x1024.jpg 1536w, https:\/\/velo.nomaden.be\/wp-content\/uploads\/2024\/08\/DSC05899.jpg 1920w\" sizes=\"auto, (max-width: 1024px) 100vw, 1024px\" \/><\/a><figcaption class=\"wp-element-caption\">Zeltk\u00fcche<\/figcaption><\/figure>\n<\/figure>\n\n\n\n<h2 class=\"wp-block-heading\">March\u00e9<\/h2>\n\n\n\n<p>Ein Ende des Regens ist auch am n\u00e4chsten Morgen nicht in Sicht. Sogar einem kleinen Frosch ist das Wetter draussen zu schlecht. Er hat sich in unser Vorzelt verkrochen um sich etwas aufzuw\u00e4rmen.<\/p>\n\n\n\n<figure class=\"wp-block-gallery has-nested-images columns-default is-cropped wp-block-gallery-2 is-layout-flex wp-block-gallery-is-layout-flex\">\n<figure class=\"wp-block-image size-large\"><a href=\"https:\/\/velo.nomaden.be\/wp-content\/uploads\/2024\/08\/DSC05901.jpg\"><img loading=\"lazy\" decoding=\"async\" width=\"1024\" height=\"683\" data-id=\"1056\" src=\"https:\/\/velo.nomaden.be\/wp-content\/uploads\/2024\/08\/DSC05901-1024x683.jpg\" alt=\"Kleiner Frosch zwischen Gep\u00e4ckst\u00fccken im Vorzelt\" class=\"wp-image-1056\" srcset=\"https:\/\/velo.nomaden.be\/wp-content\/uploads\/2024\/08\/DSC05901-1024x683.jpg 1024w, https:\/\/velo.nomaden.be\/wp-content\/uploads\/2024\/08\/DSC05901-300x200.jpg 300w, https:\/\/velo.nomaden.be\/wp-content\/uploads\/2024\/08\/DSC05901-768x512.jpg 768w, https:\/\/velo.nomaden.be\/wp-content\/uploads\/2024\/08\/DSC05901-1536x1024.jpg 1536w, https:\/\/velo.nomaden.be\/wp-content\/uploads\/2024\/08\/DSC05901.jpg 1920w\" sizes=\"auto, (max-width: 1024px) 100vw, 1024px\" \/><\/a><figcaption class=\"wp-element-caption\">Zu kalt um draussen rumzuh\u00fcpfen<\/figcaption><\/figure>\n<\/figure>\n\n\n\n<p><\/p>\n\n\n\n<p>Wieder zur\u00fcck auf dem Bahndamm macht uns die Naturstrasse zu Schaffen. Schuhe, Velos und Packtaschen sind bald mit feinem Schlamm paniert und die Ketten knarren und knacken wenn wir zu fest in die Pedale treten.<\/p>\n\n\n\n<p>Das Wetter bessert sich zum Gl\u00fcck und wir wechseln vom Bahntrasse auf den Damm vom <a href=\"https:\/\/fr.wikipedia.org\/wiki\/Canal_de_Nantes_%C3%A0_Brest\">Canal Nantes &#8211; Brest<\/a>. Dieser alten Hauptverkehrsachse folgen wir w\u00e4hrend den kommenden Tagen.<\/p>\n\n\n\n<figure class=\"wp-block-gallery has-nested-images columns-default is-cropped wp-block-gallery-3 is-layout-flex wp-block-gallery-is-layout-flex\">\n<figure class=\"wp-block-image size-large\"><img loading=\"lazy\" decoding=\"async\" width=\"1024\" height=\"683\" data-id=\"1058\" src=\"https:\/\/velo.nomaden.be\/wp-content\/uploads\/2024\/08\/DSC05906-1024x683.jpg\" alt=\"Picknicktisch in offenem Unterstand wo sogar noch Platz bleibt f\u00fcr die Velos.\" class=\"wp-image-1058\" srcset=\"https:\/\/velo.nomaden.be\/wp-content\/uploads\/2024\/08\/DSC05906-1024x683.jpg 1024w, https:\/\/velo.nomaden.be\/wp-content\/uploads\/2024\/08\/DSC05906-300x200.jpg 300w, https:\/\/velo.nomaden.be\/wp-content\/uploads\/2024\/08\/DSC05906-768x512.jpg 768w, https:\/\/velo.nomaden.be\/wp-content\/uploads\/2024\/08\/DSC05906-1536x1024.jpg 1536w, https:\/\/velo.nomaden.be\/wp-content\/uploads\/2024\/08\/DSC05906.jpg 1920w\" sizes=\"auto, (max-width: 1024px) 100vw, 1024px\" \/><figcaption class=\"wp-element-caption\">Mittagsplatz<\/figcaption><\/figure>\n\n\n\n<figure class=\"wp-block-image size-large\"><a href=\"https:\/\/velo.nomaden.be\/wp-content\/uploads\/2024\/08\/DSC05905.jpg\"><img loading=\"lazy\" decoding=\"async\" width=\"1024\" height=\"683\" data-id=\"1059\" src=\"https:\/\/velo.nomaden.be\/wp-content\/uploads\/2024\/08\/DSC05905-1024x683.jpg\" alt=\"Schmaler Kanal mit \u00fcppig bewachsenem Ufer.\" class=\"wp-image-1059\" srcset=\"https:\/\/velo.nomaden.be\/wp-content\/uploads\/2024\/08\/DSC05905-1024x683.jpg 1024w, https:\/\/velo.nomaden.be\/wp-content\/uploads\/2024\/08\/DSC05905-300x200.jpg 300w, https:\/\/velo.nomaden.be\/wp-content\/uploads\/2024\/08\/DSC05905-768x512.jpg 768w, https:\/\/velo.nomaden.be\/wp-content\/uploads\/2024\/08\/DSC05905-1536x1024.jpg 1536w, https:\/\/velo.nomaden.be\/wp-content\/uploads\/2024\/08\/DSC05905.jpg 1920w\" sizes=\"auto, (max-width: 1024px) 100vw, 1024px\" \/><\/a><figcaption class=\"wp-element-caption\">Kanal in der N\u00e4he von Carhaix<\/figcaption><\/figure>\n<\/figure>\n\n\n\n<p><\/p>\n\n\n\n<p>In Gouarec verbringen wir die n\u00e4chste Regennacht. Zum Gl\u00fcck ist der Abend sonnig, so k\u00f6nnen wir unsere Sachen trocknen. Sogar f\u00fcr einen Abstecher auf den Markt reicht die Regenpause. Frisches Gem\u00fcse, frisches Brot, c&#8217;est tout, merci.<\/p>\n\n\n\n<figure class=\"wp-block-gallery has-nested-images columns-default is-cropped wp-block-gallery-4 is-layout-flex wp-block-gallery-is-layout-flex\">\n<figure class=\"wp-block-image size-large\"><a href=\"https:\/\/velo.nomaden.be\/wp-content\/uploads\/2024\/08\/DSC05908-1.jpg\"><img loading=\"lazy\" decoding=\"async\" width=\"1280\" height=\"961\" data-id=\"1070\" src=\"https:\/\/velo.nomaden.be\/wp-content\/uploads\/2024\/08\/DSC05908-1-edited.jpg\" alt=\"Ein Brunnen auf einer Treppe, auf jeder Stufe eine Giesskanne wo das Wasser jeweils in die n\u00e4chste rinnt.\" class=\"wp-image-1070\" srcset=\"https:\/\/velo.nomaden.be\/wp-content\/uploads\/2024\/08\/DSC05908-1-edited.jpg 1280w, https:\/\/velo.nomaden.be\/wp-content\/uploads\/2024\/08\/DSC05908-1-edited-300x225.jpg 300w, https:\/\/velo.nomaden.be\/wp-content\/uploads\/2024\/08\/DSC05908-1-edited-1024x769.jpg 1024w, https:\/\/velo.nomaden.be\/wp-content\/uploads\/2024\/08\/DSC05908-1-edited-768x577.jpg 768w\" sizes=\"auto, (max-width: 1280px) 100vw, 1280px\" \/><\/a><figcaption class=\"wp-element-caption\">Brunnen aus Giesskannen in Gouarec<\/figcaption><\/figure>\n<\/figure>\n\n\n\n<h2 class=\"wp-block-heading\">\u00c9picerie<\/h2>\n\n\n\n<p>Am folgenden Morgen warten wir im grossen Zelt der Campingk\u00fcche bis die \u00e4rgsten Niederschl\u00e4ge vor\u00fcber sind. Das Warten lohnt sich, der Nachmittag ist wieder freundlich und die n\u00e4chste Front tricksen wir gekonnt aus &#8211; im Zimmer in der Jugi von Pontivy.<\/p>\n\n\n\n<figure class=\"wp-block-gallery has-nested-images columns-default is-cropped wp-block-gallery-5 is-layout-flex wp-block-gallery-is-layout-flex\">\n<figure class=\"wp-block-image size-large\"><a href=\"https:\/\/velo.nomaden.be\/wp-content\/uploads\/2024\/08\/IMG_20240824_141427.jpg\"><img loading=\"lazy\" decoding=\"async\" width=\"1024\" height=\"768\" data-id=\"1064\" src=\"https:\/\/velo.nomaden.be\/wp-content\/uploads\/2024\/08\/IMG_20240824_141427-1024x768.jpg\" alt=\"Jacken, Handt\u00fccher und Sesack sind an Velos und B\u00e4umen aufgeh\u00e4ngt. Das Aussenzelt an einem Zaun und einem Velo befestigt wiegt sich im Wind.\" class=\"wp-image-1064\" srcset=\"https:\/\/velo.nomaden.be\/wp-content\/uploads\/2024\/08\/IMG_20240824_141427-1024x768.jpg 1024w, https:\/\/velo.nomaden.be\/wp-content\/uploads\/2024\/08\/IMG_20240824_141427-300x225.jpg 300w, https:\/\/velo.nomaden.be\/wp-content\/uploads\/2024\/08\/IMG_20240824_141427-768x576.jpg 768w, https:\/\/velo.nomaden.be\/wp-content\/uploads\/2024\/08\/IMG_20240824_141427-1536x1152.jpg 1536w, https:\/\/velo.nomaden.be\/wp-content\/uploads\/2024\/08\/IMG_20240824_141427.jpg 1920w\" sizes=\"auto, (max-width: 1024px) 100vw, 1024px\" \/><\/a><figcaption class=\"wp-element-caption\">Trocknungsaktion<\/figcaption><\/figure>\n\n\n\n<figure class=\"wp-block-image size-large\"><a href=\"https:\/\/velo.nomaden.be\/wp-content\/uploads\/2024\/08\/DSC05909.jpg\"><img loading=\"lazy\" decoding=\"async\" width=\"1024\" height=\"683\" data-id=\"1061\" src=\"https:\/\/velo.nomaden.be\/wp-content\/uploads\/2024\/08\/DSC05909-1024x683.jpg\" alt=\"Zwischen B\u00e4umen zeigt sich ein Teil des Lac de Guerl\u00e9dan.\" class=\"wp-image-1061\" srcset=\"https:\/\/velo.nomaden.be\/wp-content\/uploads\/2024\/08\/DSC05909-1024x683.jpg 1024w, https:\/\/velo.nomaden.be\/wp-content\/uploads\/2024\/08\/DSC05909-300x200.jpg 300w, https:\/\/velo.nomaden.be\/wp-content\/uploads\/2024\/08\/DSC05909-768x512.jpg 768w, https:\/\/velo.nomaden.be\/wp-content\/uploads\/2024\/08\/DSC05909-1536x1024.jpg 1536w, https:\/\/velo.nomaden.be\/wp-content\/uploads\/2024\/08\/DSC05909.jpg 1920w\" sizes=\"auto, (max-width: 1024px) 100vw, 1024px\" \/><\/a><figcaption class=\"wp-element-caption\">Lac de Guerl\u00e9dan<\/figcaption><\/figure>\n<\/figure>\n\n\n\n<p><\/p>\n\n\n\n<p>Zuhause ist heute <a href=\"https:\/\/mueliopenair.ch\/\">M\u00fcliopenair<\/a>, aber durch einen kleinen Zufall kommen auch wir in den Genuss von starken Stimmen und Hutkollekte. In der <a href=\"https:\/\/www.lacantinedeshalles.bzh\/\">Cantine des Halles<\/a> tritt das Quartett \u00d4dette auf und vertreibt das Heimweh. Die Cantine ist gleichzeitig Bistrot, Veranstaltungsort, Bioladen und integratives Projekt.<\/p>\n\n\n\n<figure class=\"wp-block-gallery has-nested-images columns-default is-cropped wp-block-gallery-6 is-layout-flex wp-block-gallery-is-layout-flex\">\n<figure class=\"wp-block-image size-large is-style-default\"><a href=\"https:\/\/velo.nomaden.be\/wp-content\/uploads\/2024\/08\/IMG_20240824_200241.jpg\"><img loading=\"lazy\" decoding=\"async\" width=\"1440\" height=\"1080\" data-id=\"1069\" src=\"https:\/\/velo.nomaden.be\/wp-content\/uploads\/2024\/08\/IMG_20240824_200241-edited.jpg\" alt=\"Leeres Bierglass und Teller mit Brot, K\u00e4se, einem Tomatenschnitz und einer Blumenbl\u00fcte.\" class=\"wp-image-1069\" srcset=\"https:\/\/velo.nomaden.be\/wp-content\/uploads\/2024\/08\/IMG_20240824_200241-edited.jpg 1440w, https:\/\/velo.nomaden.be\/wp-content\/uploads\/2024\/08\/IMG_20240824_200241-edited-300x225.jpg 300w, https:\/\/velo.nomaden.be\/wp-content\/uploads\/2024\/08\/IMG_20240824_200241-edited-1024x768.jpg 1024w, https:\/\/velo.nomaden.be\/wp-content\/uploads\/2024\/08\/IMG_20240824_200241-edited-768x576.jpg 768w\" sizes=\"auto, (max-width: 1440px) 100vw, 1440px\" \/><\/a><figcaption class=\"wp-element-caption\">Ap\u00e9ro in der Cantine des Halles<\/figcaption><\/figure>\n<\/figure>\n\n\n\n<h2 class=\"wp-block-heading\">Cr\u00e9pperie<\/h2>\n\n\n\n<p>Weiter gehts bei strahlendem Sonnenschein via Saint-Congard und Blain in Richtung Loire. Nicht einmal f\u00fcr die Kaffeepause m\u00fcssen wir den Weg am Kanal entlang verlassen. An vielen Stellen gibt es kleine Buvetten und Cr\u00e9pperies eingerichtet in h\u00fcbschen alten Wohnwagen oder an den zahlreichen Schleusen.<\/p>\n\n\n\n<h2 class=\"wp-block-heading\">Fromagerie<\/h2>\n\n\n\n<p>Erst bei Nort-sur-Erdre kommen wir weg vom Kanal und suchen uns einen Weg \u00fcber Landstrassen nach Ancenis. Ein Schild am Strassenrand weckt unser Interesse: <a href=\"https:\/\/jardindessablesbio.fr\/\">Jardin des Sables<\/a> dekoriert mit Auberginen und Tomaten. Leider hat der Hofladen an diesem Tag geschlossen. Doch zu unserer Freude bietet uns ein Mitarbeiter an ein paar Kleinigkeiten aus dem K\u00fchlhaus zu holen. So sind wir trotzdem nicht vergebens auf den H\u00fcgel bei Couff\u00e9 gefahren und packen nun gl\u00fccklich frische Tomaten, eine Gurke und sogar eine Melone in unsere Saccochen.<\/p>\n\n\n\n<p>Doch nicht genug der K\u00f6stlichkeiten, in Ancenis schauen wir bei einer Fromagerie vorbei und k\u00f6nnen uns dort kaum entscheiden wie viel von welchem K\u00e4se noch Platz hat in unserem Gep\u00e4ck.<\/p>\n\n\n\n<p><\/p>\n\n\n\n<p><\/p>\n","protected":false},"excerpt":{"rendered":"<p>Boulangerie Von Locquirec aus fahren wir auf Nebenstrassen direkt nach S\u00fcden. Ein paar Kilometer ausserhalb von Morlaix erreichen wir die Eurovelo 1 \/ La V\u00e9lodiss\u00e9e. Ein altes Bahntrasse f\u00fchrt uns zuerst hoch zur Ruine des Gare du Kermeur, dann runter bis nach Kervallon. \u00dcber weitere Nebenstrassen erreichen wir Huelgoat wo wir auf dem Camping Municipal [&hellip;]<\/p>\n","protected":false},"author":1,"featured_media":0,"comment_status":"closed","ping_status":"closed","sticky":false,"template":"","format":"standard","meta":{"footnotes":""},"categories":[16,22],"tags":[],"class_list":["post-1046","post","type-post","status-publish","format-standard","hentry","category-europa","category-fr_2024","gallery-content-unit"],"_links":{"self":[{"href":"https:\/\/velo.nomaden.be\/index.php\/wp-json\/wp\/v2\/posts\/1046","targetHints":{"allow":["GET"]}}],"collection":[{"href":"https:\/\/velo.nomaden.be\/index.php\/wp-json\/wp\/v2\/posts"}],"about":[{"href":"https:\/\/velo.nomaden.be\/index.php\/wp-json\/wp\/v2\/types\/post"}],"author":[{"embeddable":true,"href":"https:\/\/velo.nomaden.be\/index.php\/wp-json\/wp\/v2\/users\/1"}],"replies":[{"embeddable":true,"href":"https:\/\/velo.nomaden.be\/index.php\/wp-json\/wp\/v2\/comments?post=1046"}],"version-history":[{"count":7,"href":"https:\/\/velo.nomaden.be\/index.php\/wp-json\/wp\/v2\/posts\/1046\/revisions"}],"predecessor-version":[{"id":1071,"href":"https:\/\/velo.nomaden.be\/index.php\/wp-json\/wp\/v2\/posts\/1046\/revisions\/1071"}],"wp:attachment":[{"href":"https:\/\/velo.nomaden.be\/index.php\/wp-json\/wp\/v2\/media?parent=1046"}],"wp:term":[{"taxonomy":"category","embeddable":true,"href":"https:\/\/velo.nomaden.be\/index.php\/wp-json\/wp\/v2\/categories?post=1046"},{"taxonomy":"post_tag","embeddable":true,"href":"https:\/\/velo.nomaden.be\/index.php\/wp-json\/wp\/v2\/tags?post=1046"}],"curies":[{"name":"wp","href":"https:\/\/api.w.org\/{rel}","templated":true}]}}