{"id":1002,"date":"2024-08-21T12:23:16","date_gmt":"2024-08-21T10:23:16","guid":{"rendered":"https:\/\/velo.nomaden.be\/?p=1002"},"modified":"2024-08-30T11:56:02","modified_gmt":"2024-08-30T09:56:02","slug":"reise-in-die-bretagne","status":"publish","type":"post","link":"https:\/\/velo.nomaden.be\/index.php\/2024\/08\/21\/reise-in-die-bretagne\/","title":{"rendered":"Reise in die Bretagne"},"content":{"rendered":"\n<p>Unsere Veloreise beginnt in Basel. Von dort fahren wir in zwei Tagen nach Strasbourg, denn ab Strasbourg gibt es eine TGV-Verbindung mit Velopl\u00e4tzen via Paris nach Morlaix in der Bretagne.<br>Der Weg durch Basel und Weil am Rhein finden wir nicht ohne Umwege. Schliesslich sind wir aber en route auf der deutschen Seite des Altrheins. Der Veloweg ist mehrheitlich Naturstrasse und f\u00fchrt durch renaturiertes Rheingebiet.<\/p>\n\n\n\n<p>In Neuenburg am Rhein machen wir am fr\u00fchen Nachmittag unsere erste gr\u00f6ssere Pause. Im DM kaufen wir gen\u00fcgend Sonnencreme f\u00fcr die ganze Reise und im Allnatura-Laden etwas Proviant. Danach gehen wir in die n\u00e4chstgelegene Konditorei und essen Kuchen.<\/p>\n\n\n\n<p>Kurze Zeit sp\u00e4ter treffen wir am Rhein auf ein Paar aus der Schweiz mit einem platten Reifen. Sie haben zwar alles f\u00fcr die Reparatur dabei, aber der Flickleim ist ausgetrocknet. Zum ersten Mal kommt unsere neue Werkzeugtasche zum Einsatz und zum Gl\u00fcck ist unser Flickleim noch fl\u00fcssig und der Schlauch ist bald repariert.<\/p>\n\n\n\n<p>Aufgrund der schlechten Wetterprognosen f\u00fcr den n\u00e4chsten Tag, beschliessen wir bei der Jugi in Breisach am Rhein nach einem freien Zimmer zu fragen. Leider ist alles ausgebucht und so sieht auch das St\u00e4dtchen aus. \u00dcberall Menschen. Wir wechseln die Rheinseite und somit das Land. In Neuf-Brisach gibt es ein Hotel und einen Campingplatz. Das Hotel ist ebenfalls ausgebucht und so landen wir am Ende dort, wo wir urspr\u00fcnglich vor hatten unsere erste Nacht zu verbringen; auf dem Camping Vauban in Neuf-Brisach.<\/p>\n\n\n\n<p>Nach 90 Kilometer am ersten Velotag sind wir froh, dass es auf dem Camping einen Foodtruck mit Pizza gibt. So m\u00fcssen wir weder Kochen noch Abwaschen und k\u00f6nnen gleich nach dem Abendessen in unsere Schlafs\u00e4cke kriechen.<\/p>\n\n\n\n<p>In der Nacht beginnt es zu regnen. Weil wir die n\u00e4chsten zwei Tage in Hostels verbringen werden, bauen wir das Innenzelt separat zum Aussenzelt ab. Somit haben wir weniger nasses Material im Gep\u00e4ck. Bereits beim Abbau l\u00e4sst der Regen nach und wir fahren schliesslich bei trockenem Wetter los.<br>Vom Rhein wechseln wir nun zum Rhein-Rhone-Kanal, der in Saint-Symphorien-sur-Sa\u00f4ne beginnt und bei Strasbourg endet. Wie der Name schon sagt, ist hier alles begradigt. Dennoch gibt es am Ufer viele B\u00e4ume und Str\u00e4ucher. Der Weg f\u00fchrt mal rechts und mal links am Kanal entlang. Mal liegt der Kanal tiefer als der Radweg, mal h\u00f6her, mal ist man auf der gleichen H\u00f6he. Alle paar Kilometer gibt es eine Schleuse. Kurz nach Mittag hat endlich eine der Schleusenbeizen offen. Unser Fr\u00fchst\u00fcck bestand lediglich aus einem Pain au Chocolat und nach vierzig Kilometer haben wir doch langsam wieder Hunger.<\/p>\n\n\n\n<p>Kurz nach dem Start der Nachmittagsetappe \u00fcberrascht uns ein Regenschauer und wir werden innert k\u00fcrzester Zeit durchn\u00e4sst. Bis Strasbourg sind wir aber wieder trocken. Nur unsere Schuhe ben\u00f6tigen noch etwas Zeitungspapier und die n\u00e4chste Nacht zum wieder trocken werden.<\/p>\n\n\n\n<p>Wir sind \u00fcberrascht, wie gut die Beschilderung und die Radwege in Strasbourg sind. Ohne langes suchen, finden wir den Weg vom Stadtrand zu unserer Unterkunft. Dort reinigen wir in der Tiefgarage als erstes unser Gep\u00e4ck und die R\u00e4der. Die nassen Naturstrassen am Anfang unseres Radtages haben deutliche Spuren hinterlassen. Im Zimmer essen wir ein sp\u00e4tes Mittagessen und genehmigen uns eine warme Dusche, bevor wir das nasse Aussenzelt in der Duschkabine zum Trocknen aufh\u00e4ngen. Nach 80 Kilometern und wenig Pausen sind wir ziemlich m\u00fcde. Statt einer Stadtbesichtigung gehen wir in die n\u00e4chstgelegene Beiz und essen Poke Bowl und gehen fr\u00fch ins Bett. Am n\u00e4chsten Tag fahren wir dann auf Umwegen an den Bahnhof, damit wir doch noch etwas von Strasbourg sehen.<\/p>\n\n\n\n<figure class=\"wp-block-gallery has-nested-images columns-default is-cropped wp-block-gallery-1 is-layout-flex wp-block-gallery-is-layout-flex\">\n<figure class=\"wp-block-image size-large\"><a href=\"https:\/\/velo.nomaden.be\/wp-content\/uploads\/2024\/08\/DSC05866.jpg\"><img loading=\"lazy\" decoding=\"async\" width=\"1024\" height=\"683\" data-id=\"1008\" src=\"https:\/\/velo.nomaden.be\/wp-content\/uploads\/2024\/08\/DSC05866-1024x683.jpg\" alt=\"\" class=\"wp-image-1008\" srcset=\"https:\/\/velo.nomaden.be\/wp-content\/uploads\/2024\/08\/DSC05866-1024x683.jpg 1024w, https:\/\/velo.nomaden.be\/wp-content\/uploads\/2024\/08\/DSC05866-300x200.jpg 300w, https:\/\/velo.nomaden.be\/wp-content\/uploads\/2024\/08\/DSC05866-768x512.jpg 768w, https:\/\/velo.nomaden.be\/wp-content\/uploads\/2024\/08\/DSC05866-1536x1024.jpg 1536w, https:\/\/velo.nomaden.be\/wp-content\/uploads\/2024\/08\/DSC05866.jpg 1600w\" sizes=\"auto, (max-width: 1024px) 100vw, 1024px\" \/><\/a><\/figure>\n<\/figure>\n\n\n\n<p>Im TGV sitzt man mit Veloreservation immer im gleichen Wagen wie die Stellpl\u00e4tze f\u00fcr die R\u00e4der sind. Das Zugfahren ist so sehr entspannt. Und auch f\u00fcr unsere vielen Taschen gibt es genug Platz.<br>Das Radfahren in Paris ist ebenfalls super entspannt. Wir haben zwei Stunden Zeit und so fahren wir noch etwas der Seine entlang, trinken Kaffee und besorgen uns noch etwas Verpflegung f\u00fcr die Zugreise nach Morlaix.<\/p>\n\n\n\n<figure class=\"wp-block-gallery has-nested-images columns-default is-cropped wp-block-gallery-2 is-layout-flex wp-block-gallery-is-layout-flex\">\n<figure class=\"wp-block-image size-full\"><a href=\"https:\/\/velo.nomaden.be\/wp-content\/uploads\/2024\/08\/threema-20240821-113707579.jpg\"><img loading=\"lazy\" decoding=\"async\" width=\"1186\" height=\"1600\" data-id=\"1009\" src=\"https:\/\/velo.nomaden.be\/wp-content\/uploads\/2024\/08\/threema-20240821-113707579.jpg\" alt=\"Fahrradfahren durch Paris. Gute Radwege, getrennt vom motorisierten Verkehr.\" class=\"wp-image-1009\" srcset=\"https:\/\/velo.nomaden.be\/wp-content\/uploads\/2024\/08\/threema-20240821-113707579.jpg 1186w, https:\/\/velo.nomaden.be\/wp-content\/uploads\/2024\/08\/threema-20240821-113707579-222x300.jpg 222w, https:\/\/velo.nomaden.be\/wp-content\/uploads\/2024\/08\/threema-20240821-113707579-759x1024.jpg 759w, https:\/\/velo.nomaden.be\/wp-content\/uploads\/2024\/08\/threema-20240821-113707579-768x1036.jpg 768w, https:\/\/velo.nomaden.be\/wp-content\/uploads\/2024\/08\/threema-20240821-113707579-1139x1536.jpg 1139w\" sizes=\"auto, (max-width: 1186px) 100vw, 1186px\" \/><\/a><\/figure>\n\n\n\n<figure class=\"wp-block-image size-full is-style-default\"><a href=\"https:\/\/velo.nomaden.be\/wp-content\/uploads\/2024\/08\/threema-20240821-115947070.jpg\"><img loading=\"lazy\" decoding=\"async\" width=\"1600\" height=\"1200\" data-id=\"1010\" src=\"https:\/\/velo.nomaden.be\/wp-content\/uploads\/2024\/08\/threema-20240821-115947070.jpg\" alt=\"Stellpl\u00e4tze f\u00fcr Velos im TGV\" class=\"wp-image-1010\" srcset=\"https:\/\/velo.nomaden.be\/wp-content\/uploads\/2024\/08\/threema-20240821-115947070.jpg 1600w, https:\/\/velo.nomaden.be\/wp-content\/uploads\/2024\/08\/threema-20240821-115947070-300x225.jpg 300w, https:\/\/velo.nomaden.be\/wp-content\/uploads\/2024\/08\/threema-20240821-115947070-1024x768.jpg 1024w, https:\/\/velo.nomaden.be\/wp-content\/uploads\/2024\/08\/threema-20240821-115947070-768x576.jpg 768w, https:\/\/velo.nomaden.be\/wp-content\/uploads\/2024\/08\/threema-20240821-115947070-1536x1152.jpg 1536w\" sizes=\"auto, (max-width: 1600px) 100vw, 1600px\" \/><\/a><\/figure>\n<\/figure>\n\n\n\n<p><\/p>\n\n\n\n<p>Nach fast vier Stunden im TGV erreichen wir gegen Abend den eigentlichen Startpunkt unserer diesj\u00e4hrigen Reise. Von Morlaix aus suchen wir uns in den n\u00e4chsten Wochen unserer Weg zur\u00fcck in die Schweiz, aber zun\u00e4chst fahren wir f\u00fcr ein paar Tage ans Meer.<\/p>\n\n\n\n<figure class=\"wp-block-gallery has-nested-images columns-default is-cropped wp-block-gallery-3 is-layout-flex wp-block-gallery-is-layout-flex\">\n<figure class=\"wp-block-image size-large\"><a href=\"https:\/\/velo.nomaden.be\/wp-content\/uploads\/2024\/08\/threema-20240821-115947260.jpg\"><img loading=\"lazy\" decoding=\"async\" width=\"768\" height=\"1024\" data-id=\"1011\" src=\"https:\/\/velo.nomaden.be\/wp-content\/uploads\/2024\/08\/threema-20240821-115947260-768x1024.jpg\" alt=\"\" class=\"wp-image-1011\" srcset=\"https:\/\/velo.nomaden.be\/wp-content\/uploads\/2024\/08\/threema-20240821-115947260-768x1024.jpg 768w, https:\/\/velo.nomaden.be\/wp-content\/uploads\/2024\/08\/threema-20240821-115947260-225x300.jpg 225w, https:\/\/velo.nomaden.be\/wp-content\/uploads\/2024\/08\/threema-20240821-115947260-1152x1536.jpg 1152w, https:\/\/velo.nomaden.be\/wp-content\/uploads\/2024\/08\/threema-20240821-115947260.jpg 1200w\" sizes=\"auto, (max-width: 768px) 100vw, 768px\" \/><\/a><\/figure>\n\n\n\n<figure class=\"wp-block-image size-large\"><a href=\"https:\/\/velo.nomaden.be\/wp-content\/uploads\/2024\/08\/threema-20240821-115947471.jpg\"><img loading=\"lazy\" decoding=\"async\" width=\"768\" height=\"1024\" data-id=\"1013\" src=\"https:\/\/velo.nomaden.be\/wp-content\/uploads\/2024\/08\/threema-20240821-115947471-768x1024.jpg\" alt=\"\" class=\"wp-image-1013\" srcset=\"https:\/\/velo.nomaden.be\/wp-content\/uploads\/2024\/08\/threema-20240821-115947471-768x1024.jpg 768w, https:\/\/velo.nomaden.be\/wp-content\/uploads\/2024\/08\/threema-20240821-115947471-225x300.jpg 225w, https:\/\/velo.nomaden.be\/wp-content\/uploads\/2024\/08\/threema-20240821-115947471-1152x1536.jpg 1152w, https:\/\/velo.nomaden.be\/wp-content\/uploads\/2024\/08\/threema-20240821-115947471.jpg 1200w\" sizes=\"auto, (max-width: 768px) 100vw, 768px\" \/><\/a><\/figure>\n\n\n\n<figure class=\"wp-block-image size-large\"><a href=\"https:\/\/velo.nomaden.be\/wp-content\/uploads\/2024\/08\/threema-20240821-115947858.jpg\"><img loading=\"lazy\" decoding=\"async\" width=\"768\" height=\"1024\" data-id=\"1015\" src=\"https:\/\/velo.nomaden.be\/wp-content\/uploads\/2024\/08\/threema-20240821-115947858-768x1024.jpg\" alt=\"Enge Gassen von Morlaix\" class=\"wp-image-1015\" srcset=\"https:\/\/velo.nomaden.be\/wp-content\/uploads\/2024\/08\/threema-20240821-115947858-768x1024.jpg 768w, https:\/\/velo.nomaden.be\/wp-content\/uploads\/2024\/08\/threema-20240821-115947858-225x300.jpg 225w, https:\/\/velo.nomaden.be\/wp-content\/uploads\/2024\/08\/threema-20240821-115947858-1152x1536.jpg 1152w, https:\/\/velo.nomaden.be\/wp-content\/uploads\/2024\/08\/threema-20240821-115947858.jpg 1200w\" sizes=\"auto, (max-width: 768px) 100vw, 768px\" \/><\/a><\/figure>\n\n\n\n<figure class=\"wp-block-image size-large\"><a href=\"https:\/\/velo.nomaden.be\/wp-content\/uploads\/2024\/08\/threema-20240821-115948108.jpg\"><img loading=\"lazy\" decoding=\"async\" width=\"768\" height=\"1024\" data-id=\"1014\" src=\"https:\/\/velo.nomaden.be\/wp-content\/uploads\/2024\/08\/threema-20240821-115948108-768x1024.jpg\" alt=\"Eine etwas breitere Gasse in Morlaix umgeben von alten Geb\u00e4uden.\" class=\"wp-image-1014\" srcset=\"https:\/\/velo.nomaden.be\/wp-content\/uploads\/2024\/08\/threema-20240821-115948108-768x1024.jpg 768w, https:\/\/velo.nomaden.be\/wp-content\/uploads\/2024\/08\/threema-20240821-115948108-225x300.jpg 225w, https:\/\/velo.nomaden.be\/wp-content\/uploads\/2024\/08\/threema-20240821-115948108-1152x1536.jpg 1152w, https:\/\/velo.nomaden.be\/wp-content\/uploads\/2024\/08\/threema-20240821-115948108.jpg 1200w\" sizes=\"auto, (max-width: 768px) 100vw, 768px\" \/><\/a><\/figure>\n\n\n\n<figure class=\"wp-block-image size-large\"><a href=\"https:\/\/velo.nomaden.be\/wp-content\/uploads\/2024\/08\/threema-20240821-115948324.jpg\"><img loading=\"lazy\" decoding=\"async\" width=\"1024\" height=\"768\" data-id=\"1012\" src=\"https:\/\/velo.nomaden.be\/wp-content\/uploads\/2024\/08\/threema-20240821-115948324-1024x768.jpg\" alt=\"\" class=\"wp-image-1012\" srcset=\"https:\/\/velo.nomaden.be\/wp-content\/uploads\/2024\/08\/threema-20240821-115948324-1024x768.jpg 1024w, https:\/\/velo.nomaden.be\/wp-content\/uploads\/2024\/08\/threema-20240821-115948324-300x225.jpg 300w, https:\/\/velo.nomaden.be\/wp-content\/uploads\/2024\/08\/threema-20240821-115948324-768x576.jpg 768w, https:\/\/velo.nomaden.be\/wp-content\/uploads\/2024\/08\/threema-20240821-115948324-1536x1152.jpg 1536w, https:\/\/velo.nomaden.be\/wp-content\/uploads\/2024\/08\/threema-20240821-115948324.jpg 1600w\" sizes=\"auto, (max-width: 1024px) 100vw, 1024px\" \/><\/a><\/figure>\n<\/figure>\n\n\n\n<p><\/p>\n\n\n\n<p><\/p>\n","protected":false},"excerpt":{"rendered":"<p>Unsere Veloreise beginnt in Basel. Von dort fahren wir in zwei Tagen nach Strasbourg, denn ab Strasbourg gibt es eine TGV-Verbindung mit Velopl\u00e4tzen via Paris nach Morlaix in der Bretagne.Der Weg durch Basel und Weil am Rhein finden wir nicht ohne Umwege. Schliesslich sind wir aber en route auf der deutschen Seite des Altrheins. Der [&hellip;]<\/p>\n","protected":false},"author":1,"featured_media":0,"comment_status":"closed","ping_status":"closed","sticky":false,"template":"","format":"standard","meta":{"footnotes":""},"categories":[16,22],"tags":[],"class_list":["post-1002","post","type-post","status-publish","format-standard","hentry","category-europa","category-fr_2024","gallery-content-unit"],"_links":{"self":[{"href":"https:\/\/velo.nomaden.be\/index.php\/wp-json\/wp\/v2\/posts\/1002","targetHints":{"allow":["GET"]}}],"collection":[{"href":"https:\/\/velo.nomaden.be\/index.php\/wp-json\/wp\/v2\/posts"}],"about":[{"href":"https:\/\/velo.nomaden.be\/index.php\/wp-json\/wp\/v2\/types\/post"}],"author":[{"embeddable":true,"href":"https:\/\/velo.nomaden.be\/index.php\/wp-json\/wp\/v2\/users\/1"}],"replies":[{"embeddable":true,"href":"https:\/\/velo.nomaden.be\/index.php\/wp-json\/wp\/v2\/comments?post=1002"}],"version-history":[{"count":8,"href":"https:\/\/velo.nomaden.be\/index.php\/wp-json\/wp\/v2\/posts\/1002\/revisions"}],"predecessor-version":[{"id":1042,"href":"https:\/\/velo.nomaden.be\/index.php\/wp-json\/wp\/v2\/posts\/1002\/revisions\/1042"}],"wp:attachment":[{"href":"https:\/\/velo.nomaden.be\/index.php\/wp-json\/wp\/v2\/media?parent=1002"}],"wp:term":[{"taxonomy":"category","embeddable":true,"href":"https:\/\/velo.nomaden.be\/index.php\/wp-json\/wp\/v2\/categories?post=1002"},{"taxonomy":"post_tag","embeddable":true,"href":"https:\/\/velo.nomaden.be\/index.php\/wp-json\/wp\/v2\/tags?post=1002"}],"curies":[{"name":"wp","href":"https:\/\/api.w.org\/{rel}","templated":true}]}}